{"id":7692,"date":"2024-03-15T10:00:54","date_gmt":"2024-03-15T14:00:54","guid":{"rendered":"https:\/\/www.hms.cl\/?p=7692"},"modified":"2026-01-08T11:46:06","modified_gmt":"2026-01-08T15:46:06","slug":"premio-excelencia-academica-2023-inicia-ano-academico-2024-en-el-hms","status":"publish","type":"post","link":"https:\/\/www.hms.cl\/index.php\/2024\/03\/15\/premio-excelencia-academica-2023-inicia-ano-academico-2024-en-el-hms\/","title":{"rendered":"PREMIO EXCELENCIA ACAD\u00c9MICA 2023 INICIA A\u00d1O ACAD\u00c9MICO 2024 EN EL HMS"},"content":{"rendered":"\t\t<div data-elementor-type=\"wp-post\" data-elementor-id=\"7692\" class=\"elementor elementor-7692\" data-elementor-post-type=\"post\">\n\t\t\t\t<div class=\"elementor-element elementor-element-63a8dfec e-con-full e-flex e-con e-parent\" data-id=\"63a8dfec\" data-element_type=\"container\">\n\t\t\t\t<div class=\"elementor-element elementor-element-3e7f4f15 elementor-widget elementor-widget-heading\" data-id=\"3e7f4f15\" data-element_type=\"widget\" data-widget_type=\"heading.default\">\n\t\t\t\t<div class=\"elementor-widget-container\">\n\t\t\t\t\t<h2 class=\"elementor-heading-title elementor-size-default\">PREMIO EXCELENCIA ACAD\u00c9MICA 2023 INICIA A\u00d1O ACAD\u00c9MICO 2024 EN EL HMS<\/h2>\t\t\t\t<\/div>\n\t\t\t\t<\/div>\n\t\t\t\t<\/div>\n\t\t<div class=\"elementor-element elementor-element-553c014a e-flex e-con-boxed e-con e-parent\" data-id=\"553c014a\" data-element_type=\"container\">\n\t\t\t\t\t<div class=\"e-con-inner\">\n\t\t<div class=\"elementor-element elementor-element-363a9340 e-con-full e-flex e-con e-child\" data-id=\"363a9340\" data-element_type=\"container\">\n\t\t\t\t<div class=\"elementor-element elementor-element-22cc6d77 elementor-widget elementor-widget-text-editor\" data-id=\"22cc6d77\" data-element_type=\"widget\" data-widget_type=\"text-editor.default\">\n\t\t\t\t<div class=\"elementor-widget-container\">\n\t\t\t\t\t\t\t\t\t<p>A trav\u00e9s de una Conferencia Magistral titulada \u201cHistoria de Helicobacter pylori: desarrollo de comunidades microbianas simbi\u00f3ticas digestivas en humanos y su impacto en salud y enfermedad\u201d,<strong>\u00a0el Doctor Paul Harris Diez dio por inaugurado el A\u00f1o Acad\u00e9mico 2024, del Hospital Militar de Santiago (HMS)<\/strong>.<\/p><p>La actividad acad\u00e9mica fue presidida por el <strong>General de Brigada Juan Pablo Van De Wyngard V\u00e9liz, Comandante de la Divisi\u00f3n de Salud del Ej\u00e9rcito<\/strong>\u00a0y el General de Brigada Francisco Silva Ter\u00e1n, Director del Hospital Militar de Santiago (HMS). Al Auditorio, principal edificio acad\u00e9mico del HMS, tambi\u00e9n llegaron autoridades otras militares y m\u00e9dicas del hospital, as\u00ed como representantes del mundo acad\u00e9mico, entre quienes estuvo\u00a0<strong>Adriana Tapia Cifuentes, Directora de Campos Cl\u00ednicos Universidad Mayor, y el Doctor Patricio Burdiles Pinto, Decano de la Facultad de Medicina de la Universidad Andr\u00e9s Bello.<\/strong><\/p><p>\u201cPara m\u00ed es un tremendo orgullo dar inicio a la ceremonia del A\u00f1o Acad\u00e9mico de nuestro hospital, y como el establecimiento de salud m\u00e1s importante del Ej\u00e9rcito de Chile, tiene un importante rol asistencial, pero tambi\u00e9n un rol acad\u00e9mico.\u00a0<strong>Hoy las instituciones de salud no se pueden concebir sino desarrollan la academia y eso es gracias al apoyo que hemos tenido de todas nuestras universidades en convenio<\/strong>, pero en especial a todos aquellos que participamos y trabajamos d\u00eda a d\u00eda en nuestras instalaciones y que nos corresponde participar en la docencia\u201d, asegur\u00f3 el General Silva en sus palabras de bienvenida.<\/p><p>En la charla, el reconocido especialista en Gastroenterolog\u00eda Pedi\u00e1trica y Profesor Titular de la Facultad de Medicina de la Pontificia Universidad Cat\u00f3lica de Chile, abord\u00f3 el impacto que tuvo el descubrimiento de la bacteria Helicobacter pylori en la d\u00e9cada del 80\u2019\u00a0<strong>y c\u00f3mo esto remeci\u00f3 los paradigmas de la medicina de los \u00faltimos 30 a\u00f1os al establecerla como la causante de la \u00falcera de est\u00f3mago.<\/strong><\/p><p>Este hecho dio paso a que la comunidad cient\u00edfica, explic\u00f3 Harris, se volcara a buscar \u201ccu\u00e1l era el significado biol\u00f3gico de una condici\u00f3n llamada gastritis cr\u00f3nica, que no es una enfermedad sino una condici\u00f3n histol\u00f3gica que no tiene ning\u00fan s\u00edntoma\u201d y fuera el microbi\u00f3logo Mart\u00edn J. Blaser quien estableciera el papel de la Helicobacter pylori en la causa del c\u00e1ncer g\u00e1strico.<\/p><p>Los estudios de la microbiota, a su vez, establecieron que \u00e9sta era diferente s\u00f3lo en los primeros 2 o 3 a\u00f1os de vida e incluso se ve\u00eda modificada si el beb\u00e9 nac\u00eda por parto natural o ces\u00e1rea. De ah\u00ed que Harris deje abierta la interrogante a la comunidad m\u00e9dica sobre que \u201cel problema de erradicar el Helicobacter pylori es que \u00e9ste es el principal est\u00edmulo de las respuestas desregulatorias, entonces qui\u00e9n las estimular\u00e1 ahora. \u00bfSer\u00e1 capaz el resto de la microbiota de hacer ese trabajo?\u201d.<\/p><p>\u201cNos quedamos muy incentivados en poder hacer investigaci\u00f3n y desarrollo en el \u00e1rea m\u00e9dica y en todas las \u00e1reas que puedan beneficiar a nuestros pacientes\u201d, coment\u00f3 el Director de HMS una vez finalizada la clase magistral y tras agradecer la presencia del doctor Paul Harris en esta actividad que es parte de las acciones programadas para fomentar la Gesti\u00f3n del Conocimiento que realiza permanentemente el hospital.<\/p>\t\t\t\t\t\t\t\t<\/div>\n\t\t\t\t<\/div>\n\t\t\t\t<\/div>\n\t\t<div class=\"elementor-element elementor-element-2d7d7960 e-con-full e-flex e-con e-child\" data-id=\"2d7d7960\" data-element_type=\"container\">\n\t\t\t\t<div class=\"elementor-element elementor-element-36d5942 elementor-widget elementor-widget-video\" data-id=\"36d5942\" data-element_type=\"widget\" data-settings=\"{&quot;youtube_url&quot;:&quot;https:\\\/\\\/youtu.be\\\/iVbsVAKEu0M&quot;,&quot;video_type&quot;:&quot;youtube&quot;,&quot;controls&quot;:&quot;yes&quot;}\" data-widget_type=\"video.default\">\n\t\t\t\t<div class=\"elementor-widget-container\">\n\t\t\t\t\t\t\t<div class=\"elementor-wrapper elementor-open-inline\">\n\t\t\t<div class=\"elementor-video\"><\/div>\t\t<\/div>\n\t\t\t\t\t\t<\/div>\n\t\t\t\t<\/div>\n\t\t\t\t<div class=\"elementor-element elementor-element-5c6729aa elementor-widget-divider--view-line elementor-widget elementor-widget-divider\" data-id=\"5c6729aa\" data-element_type=\"widget\" data-widget_type=\"divider.default\">\n\t\t\t\t<div class=\"elementor-widget-container\">\n\t\t\t\t\t\t\t<div class=\"elementor-divider\">\n\t\t\t<span class=\"elementor-divider-separator\">\n\t\t\t\t\t\t<\/span>\n\t\t<\/div>\n\t\t\t\t\t\t<\/div>\n\t\t\t\t<\/div>\n\t\t\t\t<\/div>\n\t\t\t\t\t<\/div>\n\t\t\t\t<\/div>\n\t\t<div class=\"elementor-element elementor-element-1443f69e e-flex e-con-boxed e-con e-parent\" data-id=\"1443f69e\" data-element_type=\"container\">\n\t\t\t\t\t<div class=\"e-con-inner\">\n\t\t\t\t<div class=\"elementor-element elementor-element-4d66fbd2 elementor-widget-divider--view-line elementor-widget elementor-widget-divider\" data-id=\"4d66fbd2\" data-element_type=\"widget\" data-widget_type=\"divider.default\">\n\t\t\t\t<div class=\"elementor-widget-container\">\n\t\t\t\t\t\t\t<div class=\"elementor-divider\">\n\t\t\t<span class=\"elementor-divider-separator\">\n\t\t\t\t\t\t<\/span>\n\t\t<\/div>\n\t\t\t\t\t\t<\/div>\n\t\t\t\t<\/div>\n\t\t\t\t\t<\/div>\n\t\t\t\t<\/div>\n\t\t<div class=\"elementor-element elementor-element-7b7f315b e-flex e-con-boxed e-con e-parent\" data-id=\"7b7f315b\" data-element_type=\"container\">\n\t\t\t\t\t<div class=\"e-con-inner\">\n\t\t\t\t<div class=\"elementor-element elementor-element-23311caa elementor-grid-3 elementor-grid-tablet-2 elementor-grid-mobile-1 elementor-posts--thumbnail-top elementor-card-shadow-yes elementor-posts__hover-gradient elementor-widget elementor-widget-posts\" data-id=\"23311caa\" data-element_type=\"widget\" data-settings=\"{&quot;cards_columns&quot;:&quot;3&quot;,&quot;cards_columns_tablet&quot;:&quot;2&quot;,&quot;cards_columns_mobile&quot;:&quot;1&quot;,&quot;cards_row_gap&quot;:{&quot;unit&quot;:&quot;px&quot;,&quot;size&quot;:35,&quot;sizes&quot;:[]},&quot;cards_row_gap_tablet&quot;:{&quot;unit&quot;:&quot;px&quot;,&quot;size&quot;:&quot;&quot;,&quot;sizes&quot;:[]},&quot;cards_row_gap_mobile&quot;:{&quot;unit&quot;:&quot;px&quot;,&quot;size&quot;:&quot;&quot;,&quot;sizes&quot;:[]}}\" data-widget_type=\"posts.cards\">\n\t\t\t\t<div class=\"elementor-widget-container\">\n\t\t\t\t\t\t\t<div class=\"elementor-posts-container elementor-posts elementor-posts--skin-cards elementor-grid\" role=\"list\">\n\t\t\t\t<article class=\"elementor-post elementor-grid-item post-11647 post type-post status-publish format-standard has-post-thumbnail hentry category-noticias\" role=\"listitem\">\n\t\t\t<div class=\"elementor-post__card\">\n\t\t\t\t<a class=\"elementor-post__thumbnail__link\" href=\"https:\/\/www.hms.cl\/index.php\/2026\/04\/30\/hms-realiza-ceremonia-de-ascenso-y-despedida-de-personal\/\" tabindex=\"-1\" ><div class=\"elementor-post__thumbnail\"><img fetchpriority=\"high\" decoding=\"async\" width=\"300\" height=\"257\" src=\"https:\/\/www.hms.cl\/wp-content\/uploads\/2026\/04\/Ascenso2_abril_web-300x257.jpeg\" class=\"attachment-medium size-medium wp-image-11675\" alt=\"\" srcset=\"https:\/\/www.hms.cl\/wp-content\/uploads\/2026\/04\/Ascenso2_abril_web-300x257.jpeg 300w, https:\/\/www.hms.cl\/wp-content\/uploads\/2026\/04\/Ascenso2_abril_web.jpeg 519w\" sizes=\"(max-width: 300px) 100vw, 300px\" \/><\/div><\/a>\n\t\t\t\t<div class=\"elementor-post__badge\">Noticias<\/div>\n\t\t\t\t<div class=\"elementor-post__text\">\n\t\t\t\t<h3 class=\"elementor-post__title\">\n\t\t\t<a href=\"https:\/\/www.hms.cl\/index.php\/2026\/04\/30\/hms-realiza-ceremonia-de-ascenso-y-despedida-de-personal\/\" >\n\t\t\t\tHMS REALIZA CEREMONIA DE ASCENSO Y DESPEDIDA DE PERSONAL\t\t\t<\/a>\n\t\t<\/h3>\n\t\t\t\t\t<div class=\"elementor-post__read-more-wrapper\">\n\t\t\n\t\t<a class=\"elementor-post__read-more\" href=\"https:\/\/www.hms.cl\/index.php\/2026\/04\/30\/hms-realiza-ceremonia-de-ascenso-y-despedida-de-personal\/\" aria-label=\"Read more about HMS REALIZA CEREMONIA DE ASCENSO Y DESPEDIDA DE PERSONAL\" tabindex=\"-1\" >\n\t\t\tLeer M\u00e1s\t\t<\/a>\n\n\t\t\t\t\t<\/div>\n\t\t\t\t<\/div>\n\t\t\t\t<div class=\"elementor-post__meta-data\">\n\t\t\t\t\t<span class=\"elementor-post-date\">\n\t\t\t30 de Abril de 2026\t\t<\/span>\n\t\t\t\t<\/div>\n\t\t\t\t\t<\/div>\n\t\t<\/article>\n\t\t\t\t<article class=\"elementor-post elementor-grid-item post-11633 post type-post status-publish format-standard has-post-thumbnail hentry category-noticias\" role=\"listitem\">\n\t\t\t<div class=\"elementor-post__card\">\n\t\t\t\t<a class=\"elementor-post__thumbnail__link\" href=\"https:\/\/www.hms.cl\/index.php\/2026\/04\/29\/minsal-se-reune-con-cje-para-coordinar-despliegue-del-hospital-militar-de-campana-en-los-angeles\/\" tabindex=\"-1\" ><div class=\"elementor-post__thumbnail\"><img decoding=\"async\" width=\"300\" height=\"226\" src=\"https:\/\/www.hms.cl\/wp-content\/uploads\/2026\/04\/Visita-Ministra-Salud-Web-300x226.png\" class=\"attachment-medium size-medium wp-image-11635\" alt=\"\" srcset=\"https:\/\/www.hms.cl\/wp-content\/uploads\/2026\/04\/Visita-Ministra-Salud-Web-300x226.png 300w, https:\/\/www.hms.cl\/wp-content\/uploads\/2026\/04\/Visita-Ministra-Salud-Web-1024x770.png 1024w, https:\/\/www.hms.cl\/wp-content\/uploads\/2026\/04\/Visita-Ministra-Salud-Web-768x577.png 768w, https:\/\/www.hms.cl\/wp-content\/uploads\/2026\/04\/Visita-Ministra-Salud-Web.png 1084w\" sizes=\"(max-width: 300px) 100vw, 300px\" \/><\/div><\/a>\n\t\t\t\t<div class=\"elementor-post__badge\">Noticias<\/div>\n\t\t\t\t<div class=\"elementor-post__text\">\n\t\t\t\t<h3 class=\"elementor-post__title\">\n\t\t\t<a href=\"https:\/\/www.hms.cl\/index.php\/2026\/04\/29\/minsal-se-reune-con-cje-para-coordinar-despliegue-del-hospital-militar-de-campana-en-los-angeles\/\" >\n\t\t\t\tMINSAL SE REUNE CON CJE PARA COORDINAR DESPLIEGUE DEL HOSPITAL MILITAR DE CAMPA\u00d1A EN LOS ANGELES\t\t\t<\/a>\n\t\t<\/h3>\n\t\t\t\t\t<div class=\"elementor-post__read-more-wrapper\">\n\t\t\n\t\t<a class=\"elementor-post__read-more\" href=\"https:\/\/www.hms.cl\/index.php\/2026\/04\/29\/minsal-se-reune-con-cje-para-coordinar-despliegue-del-hospital-militar-de-campana-en-los-angeles\/\" aria-label=\"Read more about MINSAL SE REUNE CON CJE PARA COORDINAR DESPLIEGUE DEL HOSPITAL MILITAR DE CAMPA\u00d1A EN LOS ANGELES\" tabindex=\"-1\" >\n\t\t\tLeer M\u00e1s\t\t<\/a>\n\n\t\t\t\t\t<\/div>\n\t\t\t\t<\/div>\n\t\t\t\t<div class=\"elementor-post__meta-data\">\n\t\t\t\t\t<span class=\"elementor-post-date\">\n\t\t\t29 de Abril de 2026\t\t<\/span>\n\t\t\t\t<\/div>\n\t\t\t\t\t<\/div>\n\t\t<\/article>\n\t\t\t\t<article class=\"elementor-post elementor-grid-item post-11620 post type-post status-publish format-standard has-post-thumbnail hentry category-noticias\" role=\"listitem\">\n\t\t\t<div class=\"elementor-post__card\">\n\t\t\t\t<a class=\"elementor-post__thumbnail__link\" href=\"https:\/\/www.hms.cl\/index.php\/2026\/04\/29\/con-alta-convocatoria-hms-conmemora-el-dia-del-libro\/\" tabindex=\"-1\" ><div class=\"elementor-post__thumbnail\"><img decoding=\"async\" width=\"300\" height=\"257\" src=\"https:\/\/www.hms.cl\/wp-content\/uploads\/2026\/04\/Dia-libro_web_2026_2-300x257.jpeg\" class=\"attachment-medium size-medium wp-image-11625\" alt=\"\" srcset=\"https:\/\/www.hms.cl\/wp-content\/uploads\/2026\/04\/Dia-libro_web_2026_2-300x257.jpeg 300w, https:\/\/www.hms.cl\/wp-content\/uploads\/2026\/04\/Dia-libro_web_2026_2.jpeg 519w\" sizes=\"(max-width: 300px) 100vw, 300px\" \/><\/div><\/a>\n\t\t\t\t<div class=\"elementor-post__badge\">Noticias<\/div>\n\t\t\t\t<div class=\"elementor-post__text\">\n\t\t\t\t<h3 class=\"elementor-post__title\">\n\t\t\t<a href=\"https:\/\/www.hms.cl\/index.php\/2026\/04\/29\/con-alta-convocatoria-hms-conmemora-el-dia-del-libro\/\" >\n\t\t\t\tCON ALTA CONVOCATORIA HMS CONMEMORA EL D\u00cdA DEL LIBRO\t\t\t<\/a>\n\t\t<\/h3>\n\t\t\t\t\t<div class=\"elementor-post__read-more-wrapper\">\n\t\t\n\t\t<a class=\"elementor-post__read-more\" href=\"https:\/\/www.hms.cl\/index.php\/2026\/04\/29\/con-alta-convocatoria-hms-conmemora-el-dia-del-libro\/\" aria-label=\"Read more about CON ALTA CONVOCATORIA HMS CONMEMORA EL D\u00cdA DEL LIBRO\" tabindex=\"-1\" >\n\t\t\tLeer M\u00e1s\t\t<\/a>\n\n\t\t\t\t\t<\/div>\n\t\t\t\t<\/div>\n\t\t\t\t<div class=\"elementor-post__meta-data\">\n\t\t\t\t\t<span class=\"elementor-post-date\">\n\t\t\t29 de Abril de 2026\t\t<\/span>\n\t\t\t\t<\/div>\n\t\t\t\t\t<\/div>\n\t\t<\/article>\n\t\t\t\t<\/div>\n\t\t\n\t\t\t\t\t\t<\/div>\n\t\t\t\t<\/div>\n\t\t\t\t\t<\/div>\n\t\t\t\t<\/div>\n\t\t\t\t<\/div>\n\t\t","protected":false},"excerpt":{"rendered":"<p>A trav\u00e9s de una Conferencia Magistral titulada \u201cHistoria de Helicobacter pylori: desarrollo de comunidades microbianas simbi\u00f3ticas digestivas en humanos<\/p>\n","protected":false},"author":1,"featured_media":7693,"comment_status":"closed","ping_status":"open","sticky":false,"template":"","format":"standard","meta":{"footnotes":""},"categories":[8],"tags":[],"class_list":["post-7692","post","type-post","status-publish","format-standard","has-post-thumbnail","hentry","category-noticias"],"yoast_head":"<!-- This site is optimized with the Yoast SEO plugin v25.6 - https:\/\/yoast.com\/wordpress\/plugins\/seo\/ -->\n<title>PREMIO EXCELENCIA ACAD\u00c9MICA 2023 INICIA A\u00d1O ACAD\u00c9MICO 2024 EN EL HMS - Hospital Militar de Santiago<\/title>\n<meta name=\"robots\" content=\"index, follow, max-snippet:-1, max-image-preview:large, max-video-preview:-1\" \/>\n<link rel=\"canonical\" href=\"https:\/\/www.hms.cl\/index.php\/2024\/03\/15\/premio-excelencia-academica-2023-inicia-ano-academico-2024-en-el-hms\/\" \/>\n<meta property=\"og:locale\" content=\"es_ES\" \/>\n<meta property=\"og:type\" content=\"article\" \/>\n<meta property=\"og:title\" content=\"PREMIO EXCELENCIA ACAD\u00c9MICA 2023 INICIA A\u00d1O ACAD\u00c9MICO 2024 EN EL HMS - Hospital Militar de Santiago\" \/>\n<meta property=\"og:description\" content=\"A trav\u00e9s de una Conferencia Magistral titulada \u201cHistoria de Helicobacter pylori: desarrollo de comunidades microbianas simbi\u00f3ticas digestivas en humanos\" \/>\n<meta property=\"og:url\" content=\"https:\/\/www.hms.cl\/index.php\/2024\/03\/15\/premio-excelencia-academica-2023-inicia-ano-academico-2024-en-el-hms\/\" \/>\n<meta property=\"og:site_name\" content=\"Hospital Militar de Santiago\" \/>\n<meta property=\"article:publisher\" content=\"https:\/\/www.facebook.com\/hospitalmilitardesantiago\" \/>\n<meta property=\"article:published_time\" content=\"2024-03-15T14:00:54+00:00\" \/>\n<meta property=\"article:modified_time\" content=\"2026-01-08T15:46:06+00:00\" \/>\n<meta property=\"og:image\" content=\"https:\/\/www.hms.cl\/wp-content\/uploads\/2026\/01\/Doctor-Paul-Harris.png\" \/>\n\t<meta property=\"og:image:width\" content=\"820\" \/>\n\t<meta property=\"og:image:height\" content=\"614\" \/>\n\t<meta property=\"og:image:type\" content=\"image\/png\" \/>\n<meta name=\"author\" content=\"Admin\" \/>\n<meta name=\"twitter:card\" content=\"summary_large_image\" \/>\n<meta name=\"twitter:creator\" content=\"@HosMilSantiago\" \/>\n<meta name=\"twitter:site\" content=\"@HosMilSantiago\" \/>\n<meta name=\"twitter:label1\" content=\"Escrito por\" \/>\n\t<meta name=\"twitter:data1\" content=\"Admin\" \/>\n\t<meta name=\"twitter:label2\" content=\"Tiempo estimado de lectura\" \/>\n\t<meta name=\"twitter:data2\" content=\"4 minutos\" \/>\n<script type=\"application\/ld+json\" class=\"yoast-schema-graph\">{\"@context\":\"https:\/\/schema.org\",\"@graph\":[{\"@type\":\"Article\",\"@id\":\"https:\/\/www.hms.cl\/index.php\/2024\/03\/15\/premio-excelencia-academica-2023-inicia-ano-academico-2024-en-el-hms\/#article\",\"isPartOf\":{\"@id\":\"https:\/\/www.hms.cl\/index.php\/2024\/03\/15\/premio-excelencia-academica-2023-inicia-ano-academico-2024-en-el-hms\/\"},\"author\":{\"name\":\"Admin\",\"@id\":\"https:\/\/www.hms.cl\/#\/schema\/person\/93186034b446672703627f9ef2d767ca\"},\"headline\":\"PREMIO EXCELENCIA ACAD\u00c9MICA 2023 INICIA A\u00d1O ACAD\u00c9MICO 2024 EN EL HMS\",\"datePublished\":\"2024-03-15T14:00:54+00:00\",\"dateModified\":\"2026-01-08T15:46:06+00:00\",\"mainEntityOfPage\":{\"@id\":\"https:\/\/www.hms.cl\/index.php\/2024\/03\/15\/premio-excelencia-academica-2023-inicia-ano-academico-2024-en-el-hms\/\"},\"wordCount\":577,\"publisher\":{\"@id\":\"https:\/\/www.hms.cl\/#organization\"},\"image\":{\"@id\":\"https:\/\/www.hms.cl\/index.php\/2024\/03\/15\/premio-excelencia-academica-2023-inicia-ano-academico-2024-en-el-hms\/#primaryimage\"},\"thumbnailUrl\":\"https:\/\/www.hms.cl\/wp-content\/uploads\/2026\/01\/Doctor-Paul-Harris.png\",\"articleSection\":[\"Noticias\"],\"inLanguage\":\"es-CL\"},{\"@type\":\"WebPage\",\"@id\":\"https:\/\/www.hms.cl\/index.php\/2024\/03\/15\/premio-excelencia-academica-2023-inicia-ano-academico-2024-en-el-hms\/\",\"url\":\"https:\/\/www.hms.cl\/index.php\/2024\/03\/15\/premio-excelencia-academica-2023-inicia-ano-academico-2024-en-el-hms\/\",\"name\":\"PREMIO EXCELENCIA ACAD\u00c9MICA 2023 INICIA A\u00d1O ACAD\u00c9MICO 2024 EN EL HMS - Hospital Militar de Santiago\",\"isPartOf\":{\"@id\":\"https:\/\/www.hms.cl\/#website\"},\"primaryImageOfPage\":{\"@id\":\"https:\/\/www.hms.cl\/index.php\/2024\/03\/15\/premio-excelencia-academica-2023-inicia-ano-academico-2024-en-el-hms\/#primaryimage\"},\"image\":{\"@id\":\"https:\/\/www.hms.cl\/index.php\/2024\/03\/15\/premio-excelencia-academica-2023-inicia-ano-academico-2024-en-el-hms\/#primaryimage\"},\"thumbnailUrl\":\"https:\/\/www.hms.cl\/wp-content\/uploads\/2026\/01\/Doctor-Paul-Harris.png\",\"datePublished\":\"2024-03-15T14:00:54+00:00\",\"dateModified\":\"2026-01-08T15:46:06+00:00\",\"breadcrumb\":{\"@id\":\"https:\/\/www.hms.cl\/index.php\/2024\/03\/15\/premio-excelencia-academica-2023-inicia-ano-academico-2024-en-el-hms\/#breadcrumb\"},\"inLanguage\":\"es-CL\",\"potentialAction\":[{\"@type\":\"ReadAction\",\"target\":[\"https:\/\/www.hms.cl\/index.php\/2024\/03\/15\/premio-excelencia-academica-2023-inicia-ano-academico-2024-en-el-hms\/\"]}]},{\"@type\":\"ImageObject\",\"inLanguage\":\"es-CL\",\"@id\":\"https:\/\/www.hms.cl\/index.php\/2024\/03\/15\/premio-excelencia-academica-2023-inicia-ano-academico-2024-en-el-hms\/#primaryimage\",\"url\":\"https:\/\/www.hms.cl\/wp-content\/uploads\/2026\/01\/Doctor-Paul-Harris.png\",\"contentUrl\":\"https:\/\/www.hms.cl\/wp-content\/uploads\/2026\/01\/Doctor-Paul-Harris.png\",\"width\":820,\"height\":614},{\"@type\":\"BreadcrumbList\",\"@id\":\"https:\/\/www.hms.cl\/index.php\/2024\/03\/15\/premio-excelencia-academica-2023-inicia-ano-academico-2024-en-el-hms\/#breadcrumb\",\"itemListElement\":[{\"@type\":\"ListItem\",\"position\":1,\"name\":\"Home\",\"item\":\"https:\/\/www.hms.cl\/\"},{\"@type\":\"ListItem\",\"position\":2,\"name\":\"PREMIO EXCELENCIA ACAD\u00c9MICA 2023 INICIA A\u00d1O ACAD\u00c9MICO 2024 EN EL HMS\"}]},{\"@type\":\"WebSite\",\"@id\":\"https:\/\/www.hms.cl\/#website\",\"url\":\"https:\/\/www.hms.cl\/\",\"name\":\"Hospital Militar de Santiago\",\"description\":\"\",\"publisher\":{\"@id\":\"https:\/\/www.hms.cl\/#organization\"},\"potentialAction\":[{\"@type\":\"SearchAction\",\"target\":{\"@type\":\"EntryPoint\",\"urlTemplate\":\"https:\/\/www.hms.cl\/?s={search_term_string}\"},\"query-input\":{\"@type\":\"PropertyValueSpecification\",\"valueRequired\":true,\"valueName\":\"search_term_string\"}}],\"inLanguage\":\"es-CL\"},{\"@type\":\"Organization\",\"@id\":\"https:\/\/www.hms.cl\/#organization\",\"name\":\"Hospital Militar de Santiago\",\"url\":\"https:\/\/www.hms.cl\/\",\"logo\":{\"@type\":\"ImageObject\",\"inLanguage\":\"es-CL\",\"@id\":\"https:\/\/www.hms.cl\/#\/schema\/logo\/image\/\",\"url\":\"https:\/\/www.hms.cl\/wp-content\/uploads\/2025\/07\/Logo-Vertical-Mediano.png\",\"contentUrl\":\"https:\/\/www.hms.cl\/wp-content\/uploads\/2025\/07\/Logo-Vertical-Mediano.png\",\"width\":1280,\"height\":720,\"caption\":\"Hospital Militar de Santiago\"},\"image\":{\"@id\":\"https:\/\/www.hms.cl\/#\/schema\/logo\/image\/\"},\"sameAs\":[\"https:\/\/www.facebook.com\/hospitalmilitardesantiago\",\"https:\/\/x.com\/HosMilSantiago\",\"https:\/\/www.instagram.com\/hospitalmilitardesantiago\/\",\"https:\/\/www.linkedin.com\/company\/hospital-militar-de-santiago-hosmil\",\"https:\/\/www.youtube.com\/c\/HMSVIDEO\"]},{\"@type\":\"Person\",\"@id\":\"https:\/\/www.hms.cl\/#\/schema\/person\/93186034b446672703627f9ef2d767ca\",\"name\":\"Admin\",\"image\":{\"@type\":\"ImageObject\",\"inLanguage\":\"es-CL\",\"@id\":\"https:\/\/www.hms.cl\/#\/schema\/person\/image\/\",\"url\":\"https:\/\/secure.gravatar.com\/avatar\/9384d0095fd3da50dc372f84c8bcde28aac29e86759f23fd0cfb33f9820a4e50?s=96&d=mm&r=g\",\"contentUrl\":\"https:\/\/secure.gravatar.com\/avatar\/9384d0095fd3da50dc372f84c8bcde28aac29e86759f23fd0cfb33f9820a4e50?s=96&d=mm&r=g\",\"caption\":\"Admin\"},\"sameAs\":[\"http:\/\/10.10.50.51\"],\"url\":\"https:\/\/www.hms.cl\/index.php\/author\/admin\/\"}]}<\/script>\n<!-- \/ Yoast SEO plugin. -->","yoast_head_json":{"title":"PREMIO EXCELENCIA ACAD\u00c9MICA 2023 INICIA A\u00d1O ACAD\u00c9MICO 2024 EN EL HMS - Hospital Militar de Santiago","robots":{"index":"index","follow":"follow","max-snippet":"max-snippet:-1","max-image-preview":"max-image-preview:large","max-video-preview":"max-video-preview:-1"},"canonical":"https:\/\/www.hms.cl\/index.php\/2024\/03\/15\/premio-excelencia-academica-2023-inicia-ano-academico-2024-en-el-hms\/","og_locale":"es_ES","og_type":"article","og_title":"PREMIO EXCELENCIA ACAD\u00c9MICA 2023 INICIA A\u00d1O ACAD\u00c9MICO 2024 EN EL HMS - Hospital Militar de Santiago","og_description":"A trav\u00e9s de una Conferencia Magistral titulada \u201cHistoria de Helicobacter pylori: desarrollo de comunidades microbianas simbi\u00f3ticas digestivas en humanos","og_url":"https:\/\/www.hms.cl\/index.php\/2024\/03\/15\/premio-excelencia-academica-2023-inicia-ano-academico-2024-en-el-hms\/","og_site_name":"Hospital Militar de Santiago","article_publisher":"https:\/\/www.facebook.com\/hospitalmilitardesantiago","article_published_time":"2024-03-15T14:00:54+00:00","article_modified_time":"2026-01-08T15:46:06+00:00","og_image":[{"width":820,"height":614,"url":"https:\/\/www.hms.cl\/wp-content\/uploads\/2026\/01\/Doctor-Paul-Harris.png","type":"image\/png"}],"author":"Admin","twitter_card":"summary_large_image","twitter_creator":"@HosMilSantiago","twitter_site":"@HosMilSantiago","twitter_misc":{"Escrito por":"Admin","Tiempo estimado de lectura":"4 minutos"},"schema":{"@context":"https:\/\/schema.org","@graph":[{"@type":"Article","@id":"https:\/\/www.hms.cl\/index.php\/2024\/03\/15\/premio-excelencia-academica-2023-inicia-ano-academico-2024-en-el-hms\/#article","isPartOf":{"@id":"https:\/\/www.hms.cl\/index.php\/2024\/03\/15\/premio-excelencia-academica-2023-inicia-ano-academico-2024-en-el-hms\/"},"author":{"name":"Admin","@id":"https:\/\/www.hms.cl\/#\/schema\/person\/93186034b446672703627f9ef2d767ca"},"headline":"PREMIO EXCELENCIA ACAD\u00c9MICA 2023 INICIA A\u00d1O ACAD\u00c9MICO 2024 EN EL HMS","datePublished":"2024-03-15T14:00:54+00:00","dateModified":"2026-01-08T15:46:06+00:00","mainEntityOfPage":{"@id":"https:\/\/www.hms.cl\/index.php\/2024\/03\/15\/premio-excelencia-academica-2023-inicia-ano-academico-2024-en-el-hms\/"},"wordCount":577,"publisher":{"@id":"https:\/\/www.hms.cl\/#organization"},"image":{"@id":"https:\/\/www.hms.cl\/index.php\/2024\/03\/15\/premio-excelencia-academica-2023-inicia-ano-academico-2024-en-el-hms\/#primaryimage"},"thumbnailUrl":"https:\/\/www.hms.cl\/wp-content\/uploads\/2026\/01\/Doctor-Paul-Harris.png","articleSection":["Noticias"],"inLanguage":"es-CL"},{"@type":"WebPage","@id":"https:\/\/www.hms.cl\/index.php\/2024\/03\/15\/premio-excelencia-academica-2023-inicia-ano-academico-2024-en-el-hms\/","url":"https:\/\/www.hms.cl\/index.php\/2024\/03\/15\/premio-excelencia-academica-2023-inicia-ano-academico-2024-en-el-hms\/","name":"PREMIO EXCELENCIA ACAD\u00c9MICA 2023 INICIA A\u00d1O ACAD\u00c9MICO 2024 EN EL HMS - Hospital Militar de Santiago","isPartOf":{"@id":"https:\/\/www.hms.cl\/#website"},"primaryImageOfPage":{"@id":"https:\/\/www.hms.cl\/index.php\/2024\/03\/15\/premio-excelencia-academica-2023-inicia-ano-academico-2024-en-el-hms\/#primaryimage"},"image":{"@id":"https:\/\/www.hms.cl\/index.php\/2024\/03\/15\/premio-excelencia-academica-2023-inicia-ano-academico-2024-en-el-hms\/#primaryimage"},"thumbnailUrl":"https:\/\/www.hms.cl\/wp-content\/uploads\/2026\/01\/Doctor-Paul-Harris.png","datePublished":"2024-03-15T14:00:54+00:00","dateModified":"2026-01-08T15:46:06+00:00","breadcrumb":{"@id":"https:\/\/www.hms.cl\/index.php\/2024\/03\/15\/premio-excelencia-academica-2023-inicia-ano-academico-2024-en-el-hms\/#breadcrumb"},"inLanguage":"es-CL","potentialAction":[{"@type":"ReadAction","target":["https:\/\/www.hms.cl\/index.php\/2024\/03\/15\/premio-excelencia-academica-2023-inicia-ano-academico-2024-en-el-hms\/"]}]},{"@type":"ImageObject","inLanguage":"es-CL","@id":"https:\/\/www.hms.cl\/index.php\/2024\/03\/15\/premio-excelencia-academica-2023-inicia-ano-academico-2024-en-el-hms\/#primaryimage","url":"https:\/\/www.hms.cl\/wp-content\/uploads\/2026\/01\/Doctor-Paul-Harris.png","contentUrl":"https:\/\/www.hms.cl\/wp-content\/uploads\/2026\/01\/Doctor-Paul-Harris.png","width":820,"height":614},{"@type":"BreadcrumbList","@id":"https:\/\/www.hms.cl\/index.php\/2024\/03\/15\/premio-excelencia-academica-2023-inicia-ano-academico-2024-en-el-hms\/#breadcrumb","itemListElement":[{"@type":"ListItem","position":1,"name":"Home","item":"https:\/\/www.hms.cl\/"},{"@type":"ListItem","position":2,"name":"PREMIO EXCELENCIA ACAD\u00c9MICA 2023 INICIA A\u00d1O ACAD\u00c9MICO 2024 EN EL HMS"}]},{"@type":"WebSite","@id":"https:\/\/www.hms.cl\/#website","url":"https:\/\/www.hms.cl\/","name":"Hospital Militar de Santiago","description":"","publisher":{"@id":"https:\/\/www.hms.cl\/#organization"},"potentialAction":[{"@type":"SearchAction","target":{"@type":"EntryPoint","urlTemplate":"https:\/\/www.hms.cl\/?s={search_term_string}"},"query-input":{"@type":"PropertyValueSpecification","valueRequired":true,"valueName":"search_term_string"}}],"inLanguage":"es-CL"},{"@type":"Organization","@id":"https:\/\/www.hms.cl\/#organization","name":"Hospital Militar de Santiago","url":"https:\/\/www.hms.cl\/","logo":{"@type":"ImageObject","inLanguage":"es-CL","@id":"https:\/\/www.hms.cl\/#\/schema\/logo\/image\/","url":"https:\/\/www.hms.cl\/wp-content\/uploads\/2025\/07\/Logo-Vertical-Mediano.png","contentUrl":"https:\/\/www.hms.cl\/wp-content\/uploads\/2025\/07\/Logo-Vertical-Mediano.png","width":1280,"height":720,"caption":"Hospital Militar de Santiago"},"image":{"@id":"https:\/\/www.hms.cl\/#\/schema\/logo\/image\/"},"sameAs":["https:\/\/www.facebook.com\/hospitalmilitardesantiago","https:\/\/x.com\/HosMilSantiago","https:\/\/www.instagram.com\/hospitalmilitardesantiago\/","https:\/\/www.linkedin.com\/company\/hospital-militar-de-santiago-hosmil","https:\/\/www.youtube.com\/c\/HMSVIDEO"]},{"@type":"Person","@id":"https:\/\/www.hms.cl\/#\/schema\/person\/93186034b446672703627f9ef2d767ca","name":"Admin","image":{"@type":"ImageObject","inLanguage":"es-CL","@id":"https:\/\/www.hms.cl\/#\/schema\/person\/image\/","url":"https:\/\/secure.gravatar.com\/avatar\/9384d0095fd3da50dc372f84c8bcde28aac29e86759f23fd0cfb33f9820a4e50?s=96&d=mm&r=g","contentUrl":"https:\/\/secure.gravatar.com\/avatar\/9384d0095fd3da50dc372f84c8bcde28aac29e86759f23fd0cfb33f9820a4e50?s=96&d=mm&r=g","caption":"Admin"},"sameAs":["http:\/\/10.10.50.51"],"url":"https:\/\/www.hms.cl\/index.php\/author\/admin\/"}]}},"_links":{"self":[{"href":"https:\/\/www.hms.cl\/index.php\/wp-json\/wp\/v2\/posts\/7692","targetHints":{"allow":["GET"]}}],"collection":[{"href":"https:\/\/www.hms.cl\/index.php\/wp-json\/wp\/v2\/posts"}],"about":[{"href":"https:\/\/www.hms.cl\/index.php\/wp-json\/wp\/v2\/types\/post"}],"author":[{"embeddable":true,"href":"https:\/\/www.hms.cl\/index.php\/wp-json\/wp\/v2\/users\/1"}],"replies":[{"embeddable":true,"href":"https:\/\/www.hms.cl\/index.php\/wp-json\/wp\/v2\/comments?post=7692"}],"version-history":[{"count":6,"href":"https:\/\/www.hms.cl\/index.php\/wp-json\/wp\/v2\/posts\/7692\/revisions"}],"predecessor-version":[{"id":7699,"href":"https:\/\/www.hms.cl\/index.php\/wp-json\/wp\/v2\/posts\/7692\/revisions\/7699"}],"wp:featuredmedia":[{"embeddable":true,"href":"https:\/\/www.hms.cl\/index.php\/wp-json\/wp\/v2\/media\/7693"}],"wp:attachment":[{"href":"https:\/\/www.hms.cl\/index.php\/wp-json\/wp\/v2\/media?parent=7692"}],"wp:term":[{"taxonomy":"category","embeddable":true,"href":"https:\/\/www.hms.cl\/index.php\/wp-json\/wp\/v2\/categories?post=7692"},{"taxonomy":"post_tag","embeddable":true,"href":"https:\/\/www.hms.cl\/index.php\/wp-json\/wp\/v2\/tags?post=7692"}],"curies":[{"name":"wp","href":"https:\/\/api.w.org\/{rel}","templated":true}]}}