{"id":7481,"date":"2025-12-31T08:35:34","date_gmt":"2025-12-31T12:35:34","guid":{"rendered":"https:\/\/www.hms.cl\/?p=7481"},"modified":"2025-12-31T08:36:56","modified_gmt":"2025-12-31T12:36:56","slug":"hms-promueve-vacunacion-y-autocuidado-con-variante-a-h3n2","status":"publish","type":"post","link":"https:\/\/www.hms.cl\/index.php\/2025\/12\/31\/hms-promueve-vacunacion-y-autocuidado-con-variante-a-h3n2\/","title":{"rendered":"HMS PROMUEVE VACUNACI\u00d3N Y AUTOCUIDADO CON VARIANTE A H3N2"},"content":{"rendered":"\t\t<div data-elementor-type=\"wp-post\" data-elementor-id=\"7481\" class=\"elementor elementor-7481\" data-elementor-post-type=\"post\">\n\t\t\t\t<div class=\"elementor-element elementor-element-ef1d36f e-con-full e-flex e-con e-parent\" data-id=\"ef1d36f\" data-element_type=\"container\">\n\t\t\t\t<div class=\"elementor-element elementor-element-4e677ac9 elementor-widget elementor-widget-heading\" data-id=\"4e677ac9\" data-element_type=\"widget\" data-widget_type=\"heading.default\">\n\t\t\t\t<div class=\"elementor-widget-container\">\n\t\t\t\t\t<h2 class=\"elementor-heading-title elementor-size-default\">HMS PROMUEVE VACUNACI\u00d3N Y AUTOCUIDADO CON VARIANTE A H3N2<\/h2>\t\t\t\t<\/div>\n\t\t\t\t<\/div>\n\t\t\t\t<\/div>\n\t\t<div class=\"elementor-element elementor-element-32067aa9 e-flex e-con-boxed e-con e-parent\" data-id=\"32067aa9\" data-element_type=\"container\">\n\t\t\t\t\t<div class=\"e-con-inner\">\n\t\t<div class=\"elementor-element elementor-element-4ced0a22 e-con-full e-flex e-con e-child\" data-id=\"4ced0a22\" data-element_type=\"container\">\n\t\t\t\t<div class=\"elementor-element elementor-element-21b7f657 elementor-widget elementor-widget-text-editor\" data-id=\"21b7f657\" data-element_type=\"widget\" data-widget_type=\"text-editor.default\">\n\t\t\t\t<div class=\"elementor-widget-container\">\n\t\t\t\t\t\t\t\t\t<p>Ante la llegada de la Influenza A (H3N2) a Chile, el Ministerio de Salud ha realizado un llamado a la poblaci\u00f3n a <strong>reforzar las medidas de prevenci\u00f3n y fortalecer la vacunaci\u00f3n, principalmente en los grupos de mayor riesgo, considerando que se trata de un virus respiratorio altamente contagioso.<\/strong><\/p><p>Seg\u00fan explica el <strong>doctor Reinaldo Rosas Benito, Jefe del Servicio de Infectolog\u00eda del Hospital Militar de Santiago (HMS)<\/strong>, en el pa\u00eds \u201ccircula actualmente una variante conocida como influenza A H3N2 subclado K, una mutaci\u00f3n que le otorga al virus una mayor transmisibilidad. Esto significa que una persona enferma puede contagiar a m\u00e1s personas en menos tiempo\u201d.<\/p><p>A diferencia del resfr\u00edo com\u00fan, la influenza suele presentarse de forma brusca y con s\u00edntomas m\u00e1s intensos, lo que puede derivar en complicaciones especialmente en adultos mayores, ni\u00f1os peque\u00f1os, mujeres embarazadas y personas con enfermedades cr\u00f3nicas.<\/p><p>Si bien <strong>no se trata de una cepa m\u00e1s grave, el Dr. Rosas advierte que su alta capacidad de contagio podr\u00eda provocar un aumento acelerado de casos<\/strong>. \u201cEl principal impacto de su llegada a Chile es que, al producirse muchos contagios en un corto per\u00edodo, comienzan a enfermar personas de riesgo, lo que puede traducirse en un aumento de las hospitalizaciones\u201d, enfatiza.<\/p><p><strong>Vacunaci\u00f3n: la principal herramienta de prevenci\u00f3n<\/strong><\/p><p>Para el especialista del HMS, <strong>uno de los aspectos m\u00e1s relevantes en la prevenci\u00f3n es la vacunaci\u00f3n contra la influenza, una medida efectiva para reducir cuadros graves, hospitalizaciones y fallecimientos<\/strong>. En este contexto, destac\u00f3 como positiva la decisi\u00f3n del Ministerio de Salud de adelantar la campa\u00f1a anual de vacunaci\u00f3n para inicios de marzo de 2026.<\/p><p>\u201c<strong>Para nosotros como HMS es fundamental que todo nuestro personal est\u00e9 vacunado y que nuestros pacientes cr\u00f3nicos accedan oportunamente a la inmunizaci\u00f3n. Esto nos permite alcanzar una mayor cobertura<\/strong> y proteger a las personas de enfermar gravemente o de hospitalizarse por una influenza con riesgo vital\u201d, se\u00f1al\u00f3 el Dr. Rosas.<\/p><p><strong>El Hospital Militar de Santiago cuenta con un Vacunatorio Internacional abierto a toda la comunidad y que participa cada a\u00f1o en la campa\u00f1a de influenza<\/strong> dirigida a p\u00fablicos objetivos. Asimismo, dispone de un stock de vacunas para quienes no pertenecen a los grupos de riesgo y desean inmunizarse de manera particular.<\/p><p><strong>S\u00edntomas y se\u00f1ales de alerta<\/strong><\/p><p>Los s\u00edntomas de la influenza A (H3N2) son similares a los de otras cepas de influenza e incluyen<strong>: fiebre alta de inicio repentino, dolor muscular, cefaleas, tos persistente, dolor de garganta, congesti\u00f3n nasal y decaimiento general<\/strong>.<\/p><p>Ante la presencia de s\u00edntomas como dificultad respiratoria, dolor en el pecho, fiebre persistente, confusi\u00f3n o un empeoramiento del estado general, se recomienda siempre consultar a un m\u00e9dico o acudir a un centro de salud.<\/p><p><strong>Medidas de autocuidado<\/strong><\/p><p>Junto con la vacunaci\u00f3n<strong>, el Dr. Reinaldo Rosas recalca la importancia de mantener medidas b\u00e1sicas de prevenci\u00f3n para evitar el contagio<\/strong>, tales como:<\/p><ul><li>Lavado frecuente de manos<\/li><li>Uso de mascarilla en lugares de alta concurrencia o transporte p\u00fablico<\/li><li>Evitar el contacto cercano con personas enfermas<\/li><li>Ventilaci\u00f3n de espacios cerrados<\/li><li>Permanecer en casa y evitar reuniones en caso de presentar s\u00edntomas respiratorios<\/li><\/ul><p>\u00a0<\/p><p>La influenza es una enfermedad prevenible<strong>. El autocuidado, la vacunaci\u00f3n oportuna y la consulta precoz permiten reducir complicaciones y proteger<\/strong> a quienes m\u00e1s lo necesitan.<\/p>\t\t\t\t\t\t\t\t<\/div>\n\t\t\t\t<\/div>\n\t\t\t\t<\/div>\n\t\t<div class=\"elementor-element elementor-element-21041d54 e-con-full e-flex e-con e-child\" data-id=\"21041d54\" data-element_type=\"container\">\n\t\t\t\t<div class=\"elementor-element elementor-element-488696a elementor-widget elementor-widget-video\" data-id=\"488696a\" data-element_type=\"widget\" data-settings=\"{&quot;youtube_url&quot;:&quot;https:\\\/\\\/youtube.com\\\/shorts\\\/jCU3-9MBd4s?feature=share&quot;,&quot;video_type&quot;:&quot;youtube&quot;,&quot;controls&quot;:&quot;yes&quot;}\" data-widget_type=\"video.default\">\n\t\t\t\t<div class=\"elementor-widget-container\">\n\t\t\t\t\t\t\t<div class=\"elementor-wrapper elementor-open-inline\">\n\t\t\t<div class=\"elementor-video\"><\/div>\t\t<\/div>\n\t\t\t\t\t\t<\/div>\n\t\t\t\t<\/div>\n\t\t\t\t<div class=\"elementor-element elementor-element-2545a326 elementor-widget-divider--view-line elementor-widget elementor-widget-divider\" data-id=\"2545a326\" data-element_type=\"widget\" data-widget_type=\"divider.default\">\n\t\t\t\t<div class=\"elementor-widget-container\">\n\t\t\t\t\t\t\t<div class=\"elementor-divider\">\n\t\t\t<span class=\"elementor-divider-separator\">\n\t\t\t\t\t\t<\/span>\n\t\t<\/div>\n\t\t\t\t\t\t<\/div>\n\t\t\t\t<\/div>\n\t\t\t\t<\/div>\n\t\t\t\t\t<\/div>\n\t\t\t\t<\/div>\n\t\t<div class=\"elementor-element elementor-element-28a3bc48 e-flex e-con-boxed e-con e-parent\" data-id=\"28a3bc48\" data-element_type=\"container\">\n\t\t\t\t\t<div class=\"e-con-inner\">\n\t\t\t\t<div class=\"elementor-element elementor-element-227b0781 elementor-widget-divider--view-line elementor-widget elementor-widget-divider\" data-id=\"227b0781\" data-element_type=\"widget\" data-widget_type=\"divider.default\">\n\t\t\t\t<div class=\"elementor-widget-container\">\n\t\t\t\t\t\t\t<div class=\"elementor-divider\">\n\t\t\t<span class=\"elementor-divider-separator\">\n\t\t\t\t\t\t<\/span>\n\t\t<\/div>\n\t\t\t\t\t\t<\/div>\n\t\t\t\t<\/div>\n\t\t\t\t\t<\/div>\n\t\t\t\t<\/div>\n\t\t<div class=\"elementor-element elementor-element-581d0faf e-flex e-con-boxed e-con e-parent\" data-id=\"581d0faf\" data-element_type=\"container\">\n\t\t\t\t\t<div class=\"e-con-inner\">\n\t\t\t\t<div class=\"elementor-element elementor-element-3b72420b elementor-grid-3 elementor-grid-tablet-2 elementor-grid-mobile-1 elementor-posts--thumbnail-top elementor-card-shadow-yes elementor-posts__hover-gradient elementor-widget elementor-widget-posts\" data-id=\"3b72420b\" data-element_type=\"widget\" data-settings=\"{&quot;cards_columns&quot;:&quot;3&quot;,&quot;cards_columns_tablet&quot;:&quot;2&quot;,&quot;cards_columns_mobile&quot;:&quot;1&quot;,&quot;cards_row_gap&quot;:{&quot;unit&quot;:&quot;px&quot;,&quot;size&quot;:35,&quot;sizes&quot;:[]},&quot;cards_row_gap_tablet&quot;:{&quot;unit&quot;:&quot;px&quot;,&quot;size&quot;:&quot;&quot;,&quot;sizes&quot;:[]},&quot;cards_row_gap_mobile&quot;:{&quot;unit&quot;:&quot;px&quot;,&quot;size&quot;:&quot;&quot;,&quot;sizes&quot;:[]}}\" data-widget_type=\"posts.cards\">\n\t\t\t\t<div class=\"elementor-widget-container\">\n\t\t\t\t\t\t\t<div class=\"elementor-posts-container elementor-posts elementor-posts--skin-cards elementor-grid\" role=\"list\">\n\t\t\t\t<article class=\"elementor-post elementor-grid-item post-11647 post type-post status-publish format-standard has-post-thumbnail hentry category-noticias\" role=\"listitem\">\n\t\t\t<div class=\"elementor-post__card\">\n\t\t\t\t<a class=\"elementor-post__thumbnail__link\" href=\"https:\/\/www.hms.cl\/index.php\/2026\/04\/30\/hms-realiza-ceremonia-de-ascenso-y-despedida-de-personal\/\" tabindex=\"-1\" ><div class=\"elementor-post__thumbnail\"><img fetchpriority=\"high\" decoding=\"async\" width=\"300\" height=\"257\" src=\"https:\/\/www.hms.cl\/wp-content\/uploads\/2026\/04\/Ascenso2_abril_web-300x257.jpeg\" class=\"attachment-medium size-medium wp-image-11675\" alt=\"\" srcset=\"https:\/\/www.hms.cl\/wp-content\/uploads\/2026\/04\/Ascenso2_abril_web-300x257.jpeg 300w, https:\/\/www.hms.cl\/wp-content\/uploads\/2026\/04\/Ascenso2_abril_web.jpeg 519w\" sizes=\"(max-width: 300px) 100vw, 300px\" \/><\/div><\/a>\n\t\t\t\t<div class=\"elementor-post__badge\">Noticias<\/div>\n\t\t\t\t<div class=\"elementor-post__text\">\n\t\t\t\t<h3 class=\"elementor-post__title\">\n\t\t\t<a href=\"https:\/\/www.hms.cl\/index.php\/2026\/04\/30\/hms-realiza-ceremonia-de-ascenso-y-despedida-de-personal\/\" >\n\t\t\t\tHMS REALIZA CEREMONIA DE ASCENSO Y DESPEDIDA DE PERSONAL\t\t\t<\/a>\n\t\t<\/h3>\n\t\t\t\t\t<div class=\"elementor-post__read-more-wrapper\">\n\t\t\n\t\t<a class=\"elementor-post__read-more\" href=\"https:\/\/www.hms.cl\/index.php\/2026\/04\/30\/hms-realiza-ceremonia-de-ascenso-y-despedida-de-personal\/\" aria-label=\"Read more about HMS REALIZA CEREMONIA DE ASCENSO Y DESPEDIDA DE PERSONAL\" tabindex=\"-1\" >\n\t\t\tLeer M\u00e1s\t\t<\/a>\n\n\t\t\t\t\t<\/div>\n\t\t\t\t<\/div>\n\t\t\t\t<div class=\"elementor-post__meta-data\">\n\t\t\t\t\t<span class=\"elementor-post-date\">\n\t\t\t30 de Abril de 2026\t\t<\/span>\n\t\t\t\t<\/div>\n\t\t\t\t\t<\/div>\n\t\t<\/article>\n\t\t\t\t<article class=\"elementor-post elementor-grid-item post-11633 post type-post status-publish format-standard has-post-thumbnail hentry category-noticias\" role=\"listitem\">\n\t\t\t<div class=\"elementor-post__card\">\n\t\t\t\t<a class=\"elementor-post__thumbnail__link\" href=\"https:\/\/www.hms.cl\/index.php\/2026\/04\/29\/minsal-se-reune-con-cje-para-coordinar-despliegue-del-hospital-militar-de-campana-en-los-angeles\/\" tabindex=\"-1\" ><div class=\"elementor-post__thumbnail\"><img decoding=\"async\" width=\"300\" height=\"226\" src=\"https:\/\/www.hms.cl\/wp-content\/uploads\/2026\/04\/Visita-Ministra-Salud-Web-300x226.png\" class=\"attachment-medium size-medium wp-image-11635\" alt=\"\" srcset=\"https:\/\/www.hms.cl\/wp-content\/uploads\/2026\/04\/Visita-Ministra-Salud-Web-300x226.png 300w, https:\/\/www.hms.cl\/wp-content\/uploads\/2026\/04\/Visita-Ministra-Salud-Web-1024x770.png 1024w, https:\/\/www.hms.cl\/wp-content\/uploads\/2026\/04\/Visita-Ministra-Salud-Web-768x577.png 768w, https:\/\/www.hms.cl\/wp-content\/uploads\/2026\/04\/Visita-Ministra-Salud-Web.png 1084w\" sizes=\"(max-width: 300px) 100vw, 300px\" \/><\/div><\/a>\n\t\t\t\t<div class=\"elementor-post__badge\">Noticias<\/div>\n\t\t\t\t<div class=\"elementor-post__text\">\n\t\t\t\t<h3 class=\"elementor-post__title\">\n\t\t\t<a href=\"https:\/\/www.hms.cl\/index.php\/2026\/04\/29\/minsal-se-reune-con-cje-para-coordinar-despliegue-del-hospital-militar-de-campana-en-los-angeles\/\" >\n\t\t\t\tMINSAL SE REUNE CON CJE PARA COORDINAR DESPLIEGUE DEL HOSPITAL MILITAR DE CAMPA\u00d1A EN LOS ANGELES\t\t\t<\/a>\n\t\t<\/h3>\n\t\t\t\t\t<div class=\"elementor-post__read-more-wrapper\">\n\t\t\n\t\t<a class=\"elementor-post__read-more\" href=\"https:\/\/www.hms.cl\/index.php\/2026\/04\/29\/minsal-se-reune-con-cje-para-coordinar-despliegue-del-hospital-militar-de-campana-en-los-angeles\/\" aria-label=\"Read more about MINSAL SE REUNE CON CJE PARA COORDINAR DESPLIEGUE DEL HOSPITAL MILITAR DE CAMPA\u00d1A EN LOS ANGELES\" tabindex=\"-1\" >\n\t\t\tLeer M\u00e1s\t\t<\/a>\n\n\t\t\t\t\t<\/div>\n\t\t\t\t<\/div>\n\t\t\t\t<div class=\"elementor-post__meta-data\">\n\t\t\t\t\t<span class=\"elementor-post-date\">\n\t\t\t29 de Abril de 2026\t\t<\/span>\n\t\t\t\t<\/div>\n\t\t\t\t\t<\/div>\n\t\t<\/article>\n\t\t\t\t<article class=\"elementor-post elementor-grid-item post-11620 post type-post status-publish format-standard has-post-thumbnail hentry category-noticias\" role=\"listitem\">\n\t\t\t<div class=\"elementor-post__card\">\n\t\t\t\t<a class=\"elementor-post__thumbnail__link\" href=\"https:\/\/www.hms.cl\/index.php\/2026\/04\/29\/con-alta-convocatoria-hms-conmemora-el-dia-del-libro\/\" tabindex=\"-1\" ><div class=\"elementor-post__thumbnail\"><img decoding=\"async\" width=\"300\" height=\"257\" src=\"https:\/\/www.hms.cl\/wp-content\/uploads\/2026\/04\/Dia-libro_web_2026_2-300x257.jpeg\" class=\"attachment-medium size-medium wp-image-11625\" alt=\"\" srcset=\"https:\/\/www.hms.cl\/wp-content\/uploads\/2026\/04\/Dia-libro_web_2026_2-300x257.jpeg 300w, https:\/\/www.hms.cl\/wp-content\/uploads\/2026\/04\/Dia-libro_web_2026_2.jpeg 519w\" sizes=\"(max-width: 300px) 100vw, 300px\" \/><\/div><\/a>\n\t\t\t\t<div class=\"elementor-post__badge\">Noticias<\/div>\n\t\t\t\t<div class=\"elementor-post__text\">\n\t\t\t\t<h3 class=\"elementor-post__title\">\n\t\t\t<a href=\"https:\/\/www.hms.cl\/index.php\/2026\/04\/29\/con-alta-convocatoria-hms-conmemora-el-dia-del-libro\/\" >\n\t\t\t\tCON ALTA CONVOCATORIA HMS CONMEMORA EL D\u00cdA DEL LIBRO\t\t\t<\/a>\n\t\t<\/h3>\n\t\t\t\t\t<div class=\"elementor-post__read-more-wrapper\">\n\t\t\n\t\t<a class=\"elementor-post__read-more\" href=\"https:\/\/www.hms.cl\/index.php\/2026\/04\/29\/con-alta-convocatoria-hms-conmemora-el-dia-del-libro\/\" aria-label=\"Read more about CON ALTA CONVOCATORIA HMS CONMEMORA EL D\u00cdA DEL LIBRO\" tabindex=\"-1\" >\n\t\t\tLeer M\u00e1s\t\t<\/a>\n\n\t\t\t\t\t<\/div>\n\t\t\t\t<\/div>\n\t\t\t\t<div class=\"elementor-post__meta-data\">\n\t\t\t\t\t<span class=\"elementor-post-date\">\n\t\t\t29 de Abril de 2026\t\t<\/span>\n\t\t\t\t<\/div>\n\t\t\t\t\t<\/div>\n\t\t<\/article>\n\t\t\t\t<\/div>\n\t\t\n\t\t\t\t\t\t<\/div>\n\t\t\t\t<\/div>\n\t\t\t\t\t<\/div>\n\t\t\t\t<\/div>\n\t\t\t\t<\/div>\n\t\t","protected":false},"excerpt":{"rendered":"<p>Ante la llegada de la Influenza A (H3N2) a Chile, el Ministerio de Salud ha realizado un llamado a la poblaci\u00f3n a reforzar las medidas de prevenci\u00f3n y fortalecer la vacunaci\u00f3n, principalmente en los grupos de mayor riesgo, considerando que se trata de un virus respiratorio altamente contagioso.<\/p>\n","protected":false},"author":1,"featured_media":7486,"comment_status":"closed","ping_status":"open","sticky":false,"template":"","format":"standard","meta":{"footnotes":""},"categories":[8],"tags":[],"class_list":["post-7481","post","type-post","status-publish","format-standard","has-post-thumbnail","hentry","category-noticias"],"yoast_head":"<!-- This site is optimized with the Yoast SEO plugin v25.6 - https:\/\/yoast.com\/wordpress\/plugins\/seo\/ -->\n<title>HMS PROMUEVE VACUNACI\u00d3N Y AUTOCUIDADO CON VARIANTE A H3N2 - Hospital Militar de Santiago<\/title>\n<meta name=\"robots\" content=\"index, follow, max-snippet:-1, max-image-preview:large, max-video-preview:-1\" \/>\n<link rel=\"canonical\" href=\"https:\/\/www.hms.cl\/index.php\/2025\/12\/31\/hms-promueve-vacunacion-y-autocuidado-con-variante-a-h3n2\/\" \/>\n<meta property=\"og:locale\" content=\"es_ES\" \/>\n<meta property=\"og:type\" content=\"article\" \/>\n<meta property=\"og:title\" content=\"HMS PROMUEVE VACUNACI\u00d3N Y AUTOCUIDADO CON VARIANTE A H3N2 - Hospital Militar de Santiago\" \/>\n<meta property=\"og:description\" content=\"Ante la llegada de la Influenza A (H3N2) a Chile, el Ministerio de Salud ha realizado un llamado a la poblaci\u00f3n a reforzar las medidas de prevenci\u00f3n y fortalecer la vacunaci\u00f3n, principalmente en los grupos de mayor riesgo, considerando que se trata de un virus respiratorio altamente contagioso.\" \/>\n<meta property=\"og:url\" content=\"https:\/\/www.hms.cl\/index.php\/2025\/12\/31\/hms-promueve-vacunacion-y-autocuidado-con-variante-a-h3n2\/\" \/>\n<meta property=\"og:site_name\" content=\"Hospital Militar de Santiago\" \/>\n<meta property=\"article:publisher\" content=\"https:\/\/www.facebook.com\/hospitalmilitardesantiago\" \/>\n<meta property=\"article:published_time\" content=\"2025-12-31T12:35:34+00:00\" \/>\n<meta property=\"article:modified_time\" content=\"2025-12-31T12:36:56+00:00\" \/>\n<meta property=\"og:image\" content=\"https:\/\/www.hms.cl\/wp-content\/uploads\/2025\/12\/IMAGEN-NOTICIA_Mesa-de-trabajo-1-copia.jpg\" \/>\n\t<meta property=\"og:image:width\" content=\"520\" \/>\n\t<meta property=\"og:image:height\" content=\"391\" \/>\n\t<meta property=\"og:image:type\" content=\"image\/jpeg\" \/>\n<meta name=\"author\" content=\"Admin\" \/>\n<meta name=\"twitter:card\" content=\"summary_large_image\" \/>\n<meta name=\"twitter:creator\" content=\"@HosMilSantiago\" \/>\n<meta name=\"twitter:site\" content=\"@HosMilSantiago\" \/>\n<meta name=\"twitter:label1\" content=\"Escrito por\" \/>\n\t<meta name=\"twitter:data1\" content=\"Admin\" \/>\n\t<meta name=\"twitter:label2\" content=\"Tiempo estimado de lectura\" \/>\n\t<meta name=\"twitter:data2\" content=\"4 minutos\" \/>\n<script type=\"application\/ld+json\" class=\"yoast-schema-graph\">{\"@context\":\"https:\/\/schema.org\",\"@graph\":[{\"@type\":\"Article\",\"@id\":\"https:\/\/www.hms.cl\/index.php\/2025\/12\/31\/hms-promueve-vacunacion-y-autocuidado-con-variante-a-h3n2\/#article\",\"isPartOf\":{\"@id\":\"https:\/\/www.hms.cl\/index.php\/2025\/12\/31\/hms-promueve-vacunacion-y-autocuidado-con-variante-a-h3n2\/\"},\"author\":{\"name\":\"Admin\",\"@id\":\"https:\/\/www.hms.cl\/#\/schema\/person\/93186034b446672703627f9ef2d767ca\"},\"headline\":\"HMS PROMUEVE VACUNACI\u00d3N Y AUTOCUIDADO CON VARIANTE A H3N2\",\"datePublished\":\"2025-12-31T12:35:34+00:00\",\"dateModified\":\"2025-12-31T12:36:56+00:00\",\"mainEntityOfPage\":{\"@id\":\"https:\/\/www.hms.cl\/index.php\/2025\/12\/31\/hms-promueve-vacunacion-y-autocuidado-con-variante-a-h3n2\/\"},\"wordCount\":599,\"publisher\":{\"@id\":\"https:\/\/www.hms.cl\/#organization\"},\"image\":{\"@id\":\"https:\/\/www.hms.cl\/index.php\/2025\/12\/31\/hms-promueve-vacunacion-y-autocuidado-con-variante-a-h3n2\/#primaryimage\"},\"thumbnailUrl\":\"https:\/\/www.hms.cl\/wp-content\/uploads\/2025\/12\/IMAGEN-NOTICIA_Mesa-de-trabajo-1-copia.jpg\",\"articleSection\":[\"Noticias\"],\"inLanguage\":\"es-CL\"},{\"@type\":\"WebPage\",\"@id\":\"https:\/\/www.hms.cl\/index.php\/2025\/12\/31\/hms-promueve-vacunacion-y-autocuidado-con-variante-a-h3n2\/\",\"url\":\"https:\/\/www.hms.cl\/index.php\/2025\/12\/31\/hms-promueve-vacunacion-y-autocuidado-con-variante-a-h3n2\/\",\"name\":\"HMS PROMUEVE VACUNACI\u00d3N Y AUTOCUIDADO CON VARIANTE A H3N2 - Hospital Militar de Santiago\",\"isPartOf\":{\"@id\":\"https:\/\/www.hms.cl\/#website\"},\"primaryImageOfPage\":{\"@id\":\"https:\/\/www.hms.cl\/index.php\/2025\/12\/31\/hms-promueve-vacunacion-y-autocuidado-con-variante-a-h3n2\/#primaryimage\"},\"image\":{\"@id\":\"https:\/\/www.hms.cl\/index.php\/2025\/12\/31\/hms-promueve-vacunacion-y-autocuidado-con-variante-a-h3n2\/#primaryimage\"},\"thumbnailUrl\":\"https:\/\/www.hms.cl\/wp-content\/uploads\/2025\/12\/IMAGEN-NOTICIA_Mesa-de-trabajo-1-copia.jpg\",\"datePublished\":\"2025-12-31T12:35:34+00:00\",\"dateModified\":\"2025-12-31T12:36:56+00:00\",\"breadcrumb\":{\"@id\":\"https:\/\/www.hms.cl\/index.php\/2025\/12\/31\/hms-promueve-vacunacion-y-autocuidado-con-variante-a-h3n2\/#breadcrumb\"},\"inLanguage\":\"es-CL\",\"potentialAction\":[{\"@type\":\"ReadAction\",\"target\":[\"https:\/\/www.hms.cl\/index.php\/2025\/12\/31\/hms-promueve-vacunacion-y-autocuidado-con-variante-a-h3n2\/\"]}]},{\"@type\":\"ImageObject\",\"inLanguage\":\"es-CL\",\"@id\":\"https:\/\/www.hms.cl\/index.php\/2025\/12\/31\/hms-promueve-vacunacion-y-autocuidado-con-variante-a-h3n2\/#primaryimage\",\"url\":\"https:\/\/www.hms.cl\/wp-content\/uploads\/2025\/12\/IMAGEN-NOTICIA_Mesa-de-trabajo-1-copia.jpg\",\"contentUrl\":\"https:\/\/www.hms.cl\/wp-content\/uploads\/2025\/12\/IMAGEN-NOTICIA_Mesa-de-trabajo-1-copia.jpg\",\"width\":520,\"height\":391},{\"@type\":\"BreadcrumbList\",\"@id\":\"https:\/\/www.hms.cl\/index.php\/2025\/12\/31\/hms-promueve-vacunacion-y-autocuidado-con-variante-a-h3n2\/#breadcrumb\",\"itemListElement\":[{\"@type\":\"ListItem\",\"position\":1,\"name\":\"Home\",\"item\":\"https:\/\/www.hms.cl\/\"},{\"@type\":\"ListItem\",\"position\":2,\"name\":\"HMS PROMUEVE VACUNACI\u00d3N Y AUTOCUIDADO CON VARIANTE A H3N2\"}]},{\"@type\":\"WebSite\",\"@id\":\"https:\/\/www.hms.cl\/#website\",\"url\":\"https:\/\/www.hms.cl\/\",\"name\":\"Hospital Militar de Santiago\",\"description\":\"\",\"publisher\":{\"@id\":\"https:\/\/www.hms.cl\/#organization\"},\"potentialAction\":[{\"@type\":\"SearchAction\",\"target\":{\"@type\":\"EntryPoint\",\"urlTemplate\":\"https:\/\/www.hms.cl\/?s={search_term_string}\"},\"query-input\":{\"@type\":\"PropertyValueSpecification\",\"valueRequired\":true,\"valueName\":\"search_term_string\"}}],\"inLanguage\":\"es-CL\"},{\"@type\":\"Organization\",\"@id\":\"https:\/\/www.hms.cl\/#organization\",\"name\":\"Hospital Militar de Santiago\",\"url\":\"https:\/\/www.hms.cl\/\",\"logo\":{\"@type\":\"ImageObject\",\"inLanguage\":\"es-CL\",\"@id\":\"https:\/\/www.hms.cl\/#\/schema\/logo\/image\/\",\"url\":\"https:\/\/www.hms.cl\/wp-content\/uploads\/2025\/07\/Logo-Vertical-Mediano.png\",\"contentUrl\":\"https:\/\/www.hms.cl\/wp-content\/uploads\/2025\/07\/Logo-Vertical-Mediano.png\",\"width\":1280,\"height\":720,\"caption\":\"Hospital Militar de Santiago\"},\"image\":{\"@id\":\"https:\/\/www.hms.cl\/#\/schema\/logo\/image\/\"},\"sameAs\":[\"https:\/\/www.facebook.com\/hospitalmilitardesantiago\",\"https:\/\/x.com\/HosMilSantiago\",\"https:\/\/www.instagram.com\/hospitalmilitardesantiago\/\",\"https:\/\/www.linkedin.com\/company\/hospital-militar-de-santiago-hosmil\",\"https:\/\/www.youtube.com\/c\/HMSVIDEO\"]},{\"@type\":\"Person\",\"@id\":\"https:\/\/www.hms.cl\/#\/schema\/person\/93186034b446672703627f9ef2d767ca\",\"name\":\"Admin\",\"image\":{\"@type\":\"ImageObject\",\"inLanguage\":\"es-CL\",\"@id\":\"https:\/\/www.hms.cl\/#\/schema\/person\/image\/\",\"url\":\"https:\/\/secure.gravatar.com\/avatar\/9384d0095fd3da50dc372f84c8bcde28aac29e86759f23fd0cfb33f9820a4e50?s=96&d=mm&r=g\",\"contentUrl\":\"https:\/\/secure.gravatar.com\/avatar\/9384d0095fd3da50dc372f84c8bcde28aac29e86759f23fd0cfb33f9820a4e50?s=96&d=mm&r=g\",\"caption\":\"Admin\"},\"sameAs\":[\"http:\/\/10.10.50.51\"],\"url\":\"https:\/\/www.hms.cl\/index.php\/author\/admin\/\"}]}<\/script>\n<!-- \/ Yoast SEO plugin. -->","yoast_head_json":{"title":"HMS PROMUEVE VACUNACI\u00d3N Y AUTOCUIDADO CON VARIANTE A H3N2 - Hospital Militar de Santiago","robots":{"index":"index","follow":"follow","max-snippet":"max-snippet:-1","max-image-preview":"max-image-preview:large","max-video-preview":"max-video-preview:-1"},"canonical":"https:\/\/www.hms.cl\/index.php\/2025\/12\/31\/hms-promueve-vacunacion-y-autocuidado-con-variante-a-h3n2\/","og_locale":"es_ES","og_type":"article","og_title":"HMS PROMUEVE VACUNACI\u00d3N Y AUTOCUIDADO CON VARIANTE A H3N2 - Hospital Militar de Santiago","og_description":"Ante la llegada de la Influenza A (H3N2) a Chile, el Ministerio de Salud ha realizado un llamado a la poblaci\u00f3n a reforzar las medidas de prevenci\u00f3n y fortalecer la vacunaci\u00f3n, principalmente en los grupos de mayor riesgo, considerando que se trata de un virus respiratorio altamente contagioso.","og_url":"https:\/\/www.hms.cl\/index.php\/2025\/12\/31\/hms-promueve-vacunacion-y-autocuidado-con-variante-a-h3n2\/","og_site_name":"Hospital Militar de Santiago","article_publisher":"https:\/\/www.facebook.com\/hospitalmilitardesantiago","article_published_time":"2025-12-31T12:35:34+00:00","article_modified_time":"2025-12-31T12:36:56+00:00","og_image":[{"width":520,"height":391,"url":"https:\/\/www.hms.cl\/wp-content\/uploads\/2025\/12\/IMAGEN-NOTICIA_Mesa-de-trabajo-1-copia.jpg","type":"image\/jpeg"}],"author":"Admin","twitter_card":"summary_large_image","twitter_creator":"@HosMilSantiago","twitter_site":"@HosMilSantiago","twitter_misc":{"Escrito por":"Admin","Tiempo estimado de lectura":"4 minutos"},"schema":{"@context":"https:\/\/schema.org","@graph":[{"@type":"Article","@id":"https:\/\/www.hms.cl\/index.php\/2025\/12\/31\/hms-promueve-vacunacion-y-autocuidado-con-variante-a-h3n2\/#article","isPartOf":{"@id":"https:\/\/www.hms.cl\/index.php\/2025\/12\/31\/hms-promueve-vacunacion-y-autocuidado-con-variante-a-h3n2\/"},"author":{"name":"Admin","@id":"https:\/\/www.hms.cl\/#\/schema\/person\/93186034b446672703627f9ef2d767ca"},"headline":"HMS PROMUEVE VACUNACI\u00d3N Y AUTOCUIDADO CON VARIANTE A H3N2","datePublished":"2025-12-31T12:35:34+00:00","dateModified":"2025-12-31T12:36:56+00:00","mainEntityOfPage":{"@id":"https:\/\/www.hms.cl\/index.php\/2025\/12\/31\/hms-promueve-vacunacion-y-autocuidado-con-variante-a-h3n2\/"},"wordCount":599,"publisher":{"@id":"https:\/\/www.hms.cl\/#organization"},"image":{"@id":"https:\/\/www.hms.cl\/index.php\/2025\/12\/31\/hms-promueve-vacunacion-y-autocuidado-con-variante-a-h3n2\/#primaryimage"},"thumbnailUrl":"https:\/\/www.hms.cl\/wp-content\/uploads\/2025\/12\/IMAGEN-NOTICIA_Mesa-de-trabajo-1-copia.jpg","articleSection":["Noticias"],"inLanguage":"es-CL"},{"@type":"WebPage","@id":"https:\/\/www.hms.cl\/index.php\/2025\/12\/31\/hms-promueve-vacunacion-y-autocuidado-con-variante-a-h3n2\/","url":"https:\/\/www.hms.cl\/index.php\/2025\/12\/31\/hms-promueve-vacunacion-y-autocuidado-con-variante-a-h3n2\/","name":"HMS PROMUEVE VACUNACI\u00d3N Y AUTOCUIDADO CON VARIANTE A H3N2 - Hospital Militar de Santiago","isPartOf":{"@id":"https:\/\/www.hms.cl\/#website"},"primaryImageOfPage":{"@id":"https:\/\/www.hms.cl\/index.php\/2025\/12\/31\/hms-promueve-vacunacion-y-autocuidado-con-variante-a-h3n2\/#primaryimage"},"image":{"@id":"https:\/\/www.hms.cl\/index.php\/2025\/12\/31\/hms-promueve-vacunacion-y-autocuidado-con-variante-a-h3n2\/#primaryimage"},"thumbnailUrl":"https:\/\/www.hms.cl\/wp-content\/uploads\/2025\/12\/IMAGEN-NOTICIA_Mesa-de-trabajo-1-copia.jpg","datePublished":"2025-12-31T12:35:34+00:00","dateModified":"2025-12-31T12:36:56+00:00","breadcrumb":{"@id":"https:\/\/www.hms.cl\/index.php\/2025\/12\/31\/hms-promueve-vacunacion-y-autocuidado-con-variante-a-h3n2\/#breadcrumb"},"inLanguage":"es-CL","potentialAction":[{"@type":"ReadAction","target":["https:\/\/www.hms.cl\/index.php\/2025\/12\/31\/hms-promueve-vacunacion-y-autocuidado-con-variante-a-h3n2\/"]}]},{"@type":"ImageObject","inLanguage":"es-CL","@id":"https:\/\/www.hms.cl\/index.php\/2025\/12\/31\/hms-promueve-vacunacion-y-autocuidado-con-variante-a-h3n2\/#primaryimage","url":"https:\/\/www.hms.cl\/wp-content\/uploads\/2025\/12\/IMAGEN-NOTICIA_Mesa-de-trabajo-1-copia.jpg","contentUrl":"https:\/\/www.hms.cl\/wp-content\/uploads\/2025\/12\/IMAGEN-NOTICIA_Mesa-de-trabajo-1-copia.jpg","width":520,"height":391},{"@type":"BreadcrumbList","@id":"https:\/\/www.hms.cl\/index.php\/2025\/12\/31\/hms-promueve-vacunacion-y-autocuidado-con-variante-a-h3n2\/#breadcrumb","itemListElement":[{"@type":"ListItem","position":1,"name":"Home","item":"https:\/\/www.hms.cl\/"},{"@type":"ListItem","position":2,"name":"HMS PROMUEVE VACUNACI\u00d3N Y AUTOCUIDADO CON VARIANTE A H3N2"}]},{"@type":"WebSite","@id":"https:\/\/www.hms.cl\/#website","url":"https:\/\/www.hms.cl\/","name":"Hospital Militar de Santiago","description":"","publisher":{"@id":"https:\/\/www.hms.cl\/#organization"},"potentialAction":[{"@type":"SearchAction","target":{"@type":"EntryPoint","urlTemplate":"https:\/\/www.hms.cl\/?s={search_term_string}"},"query-input":{"@type":"PropertyValueSpecification","valueRequired":true,"valueName":"search_term_string"}}],"inLanguage":"es-CL"},{"@type":"Organization","@id":"https:\/\/www.hms.cl\/#organization","name":"Hospital Militar de Santiago","url":"https:\/\/www.hms.cl\/","logo":{"@type":"ImageObject","inLanguage":"es-CL","@id":"https:\/\/www.hms.cl\/#\/schema\/logo\/image\/","url":"https:\/\/www.hms.cl\/wp-content\/uploads\/2025\/07\/Logo-Vertical-Mediano.png","contentUrl":"https:\/\/www.hms.cl\/wp-content\/uploads\/2025\/07\/Logo-Vertical-Mediano.png","width":1280,"height":720,"caption":"Hospital Militar de Santiago"},"image":{"@id":"https:\/\/www.hms.cl\/#\/schema\/logo\/image\/"},"sameAs":["https:\/\/www.facebook.com\/hospitalmilitardesantiago","https:\/\/x.com\/HosMilSantiago","https:\/\/www.instagram.com\/hospitalmilitardesantiago\/","https:\/\/www.linkedin.com\/company\/hospital-militar-de-santiago-hosmil","https:\/\/www.youtube.com\/c\/HMSVIDEO"]},{"@type":"Person","@id":"https:\/\/www.hms.cl\/#\/schema\/person\/93186034b446672703627f9ef2d767ca","name":"Admin","image":{"@type":"ImageObject","inLanguage":"es-CL","@id":"https:\/\/www.hms.cl\/#\/schema\/person\/image\/","url":"https:\/\/secure.gravatar.com\/avatar\/9384d0095fd3da50dc372f84c8bcde28aac29e86759f23fd0cfb33f9820a4e50?s=96&d=mm&r=g","contentUrl":"https:\/\/secure.gravatar.com\/avatar\/9384d0095fd3da50dc372f84c8bcde28aac29e86759f23fd0cfb33f9820a4e50?s=96&d=mm&r=g","caption":"Admin"},"sameAs":["http:\/\/10.10.50.51"],"url":"https:\/\/www.hms.cl\/index.php\/author\/admin\/"}]}},"_links":{"self":[{"href":"https:\/\/www.hms.cl\/index.php\/wp-json\/wp\/v2\/posts\/7481","targetHints":{"allow":["GET"]}}],"collection":[{"href":"https:\/\/www.hms.cl\/index.php\/wp-json\/wp\/v2\/posts"}],"about":[{"href":"https:\/\/www.hms.cl\/index.php\/wp-json\/wp\/v2\/types\/post"}],"author":[{"embeddable":true,"href":"https:\/\/www.hms.cl\/index.php\/wp-json\/wp\/v2\/users\/1"}],"replies":[{"embeddable":true,"href":"https:\/\/www.hms.cl\/index.php\/wp-json\/wp\/v2\/comments?post=7481"}],"version-history":[{"count":8,"href":"https:\/\/www.hms.cl\/index.php\/wp-json\/wp\/v2\/posts\/7481\/revisions"}],"predecessor-version":[{"id":7490,"href":"https:\/\/www.hms.cl\/index.php\/wp-json\/wp\/v2\/posts\/7481\/revisions\/7490"}],"wp:featuredmedia":[{"embeddable":true,"href":"https:\/\/www.hms.cl\/index.php\/wp-json\/wp\/v2\/media\/7486"}],"wp:attachment":[{"href":"https:\/\/www.hms.cl\/index.php\/wp-json\/wp\/v2\/media?parent=7481"}],"wp:term":[{"taxonomy":"category","embeddable":true,"href":"https:\/\/www.hms.cl\/index.php\/wp-json\/wp\/v2\/categories?post=7481"},{"taxonomy":"post_tag","embeddable":true,"href":"https:\/\/www.hms.cl\/index.php\/wp-json\/wp\/v2\/tags?post=7481"}],"curies":[{"name":"wp","href":"https:\/\/api.w.org\/{rel}","templated":true}]}}