{"id":7443,"date":"2025-12-29T14:27:33","date_gmt":"2025-12-29T18:27:33","guid":{"rendered":"https:\/\/www.hms.cl\/?p=7443"},"modified":"2025-12-29T14:38:56","modified_gmt":"2025-12-29T18:38:56","slug":"capellania-catolica-del-hms-cierra-el-2025-con-especial-eucaristia","status":"publish","type":"post","link":"https:\/\/www.hms.cl\/index.php\/2025\/12\/29\/capellania-catolica-del-hms-cierra-el-2025-con-especial-eucaristia\/","title":{"rendered":"CAPELLAN\u00cdA CAT\u00d3LICA DEL HMS CIERRA EL 2025 CON ESPECIAL EUCAR\u00cdSTIA"},"content":{"rendered":"\t\t<div data-elementor-type=\"wp-post\" data-elementor-id=\"7443\" class=\"elementor elementor-7443\" data-elementor-post-type=\"post\">\n\t\t\t\t<div class=\"elementor-element elementor-element-57b48174 e-con-full e-flex e-con e-parent\" data-id=\"57b48174\" data-element_type=\"container\">\n\t\t\t\t<div class=\"elementor-element elementor-element-400c3d3d elementor-widget elementor-widget-heading\" data-id=\"400c3d3d\" data-element_type=\"widget\" data-widget_type=\"heading.default\">\n\t\t\t\t<div class=\"elementor-widget-container\">\n\t\t\t\t\t<h2 class=\"elementor-heading-title elementor-size-default\">CAPELLAN\u00cdA CAT\u00d3LICA DEL HMS CIERRA EL 2025 CON ESPECIAL EUCAR\u00cdSTIA<\/h2>\t\t\t\t<\/div>\n\t\t\t\t<\/div>\n\t\t\t\t<\/div>\n\t\t<div class=\"elementor-element elementor-element-e8877fc e-flex e-con-boxed e-con e-parent\" data-id=\"e8877fc\" data-element_type=\"container\">\n\t\t\t\t\t<div class=\"e-con-inner\">\n\t\t<div class=\"elementor-element elementor-element-3803bf79 e-con-full e-flex e-con e-child\" data-id=\"3803bf79\" data-element_type=\"container\">\n\t\t\t\t<div class=\"elementor-element elementor-element-64531f5e elementor-widget elementor-widget-text-editor\" data-id=\"64531f5e\" data-element_type=\"widget\" data-widget_type=\"text-editor.default\">\n\t\t\t\t<div class=\"elementor-widget-container\">\n\t\t\t\t\t\t\t\t\t<p>En un ambiente de recogimiento, esperanza y fraternidad, la <strong>Capellan\u00eda Cat\u00f3lica del Hospital Militar de Santiago (HMS) realiz\u00f3 una especial Misa de Navidad <\/strong>para todos sus colaboradores.<\/p><p>En la actividad se hizo presente el Coronel Luis C\u00e1mpora O\u00f1ate, Director General del HMS, junto a directores, jefes de servicio y colaboradores de distintas \u00e1reas, adem\u00e1s de representantes de los diferentes voluntariados que son parte del hospital.<\/p><p>La eucarist\u00eda, celebrada en el auditorio del HMS, estuvo a cargo del <strong>Capell\u00e1n Cat\u00f3lico, Mayor Luis V\u00e1squez Flores<\/strong>, y tuvo como objetivo preparar espiritualmente a la comunidad para la llegada del Ni\u00f1o Dios. \u201c<strong>Celebrar junto a quienes trabajan y sirven en el hospital es un motivo de mucha alegr\u00eda<\/strong>. Navidad siempre tiene que ser una fiesta familiar. El gran regalo que Dios nos hace es Jesucristo, quien nos renueva, fortalece y regala esperanza, paz, justicia y fraternidad\u201d, se\u00f1al\u00f3.<\/p><p>Asimismo, el Mayor V\u00e1squez hizo un especial llamado a valorar la historia y el aporte de la Iglesia al desarrollo de hospitales, universidades y hogares de acogida, finalizando con un mensaje de bendici\u00f3n para la comunidad HMS de cara al 2026: \u201c<strong>Disfruten a su familia, qui\u00e9ranla, \u00e1mela y que este a\u00f1o que viene sea de mucha prosperidad y el Se\u00f1or nos acompa\u00f1e en este caminar<\/strong>\u201d.<\/p><p>Entre quienes asistieron al encuentro, valoraron positivamente la instancia. Para el <strong>Mayor Jaime Z\u00fa\u00f1iga Zendelman, Jefe del Departamento Planta de la Direcci\u00f3n de Recursos Humanos del HMS, este cierre de a\u00f1o \u201ces importante porque nos reunirnos y compartimos de una manera distinta<\/strong>, profesando la fe que cada uno tiene\u201d.<\/p><p>Mientras que <strong>Pamela Corval\u00e1n Valenzuela, Jefa de Revisi\u00f3n y An\u00e1lisis del HMS, destac\u00f3 el car\u00e1cter familiar del encuentro: \u201cParticip\u00e9 con mi hijo y fue muy lindo<\/strong> poder ser parte de esta celebraci\u00f3n junto al resto del hospital\u201d.<\/p><p>Con estas acciones, la Capellan\u00eda Cat\u00f3lica del HMS reafirm\u00f3 la invitaci\u00f3n para que pacientes y colaboradores participen de estas instancias de fe y reflexi\u00f3n, fortaleciendo as\u00ed el esp\u00edritu comunitario que acompa\u00f1a el trabajo diario que se realiza en la principal instalaci\u00f3n de salud del Ej\u00e9rcito de Chile.<\/p>\t\t\t\t\t\t\t\t<\/div>\n\t\t\t\t<\/div>\n\t\t\t\t<\/div>\n\t\t<div class=\"elementor-element elementor-element-49fce88e e-con-full e-flex e-con e-child\" data-id=\"49fce88e\" data-element_type=\"container\">\n\t\t\t\t<div class=\"elementor-element elementor-element-2218301 elementor-widget elementor-widget-video\" data-id=\"2218301\" data-element_type=\"widget\" data-settings=\"{&quot;youtube_url&quot;:&quot;https:\\\/\\\/youtube.com\\\/shorts\\\/lWLIFMhcokU?feature=share&quot;,&quot;video_type&quot;:&quot;youtube&quot;,&quot;controls&quot;:&quot;yes&quot;}\" data-widget_type=\"video.default\">\n\t\t\t\t<div class=\"elementor-widget-container\">\n\t\t\t\t\t\t\t<div class=\"elementor-wrapper elementor-open-inline\">\n\t\t\t<div class=\"elementor-video\"><\/div>\t\t<\/div>\n\t\t\t\t\t\t<\/div>\n\t\t\t\t<\/div>\n\t\t\t\t<div class=\"elementor-element elementor-element-35728e13 elementor-widget-divider--view-line elementor-widget elementor-widget-divider\" data-id=\"35728e13\" data-element_type=\"widget\" data-widget_type=\"divider.default\">\n\t\t\t\t<div class=\"elementor-widget-container\">\n\t\t\t\t\t\t\t<div class=\"elementor-divider\">\n\t\t\t<span class=\"elementor-divider-separator\">\n\t\t\t\t\t\t<\/span>\n\t\t<\/div>\n\t\t\t\t\t\t<\/div>\n\t\t\t\t<\/div>\n\t\t\t\t<\/div>\n\t\t\t\t\t<\/div>\n\t\t\t\t<\/div>\n\t\t<div class=\"elementor-element elementor-element-317fa045 e-flex e-con-boxed e-con e-parent\" data-id=\"317fa045\" data-element_type=\"container\">\n\t\t\t\t\t<div class=\"e-con-inner\">\n\t\t\t\t<div class=\"elementor-element elementor-element-5853955a elementor-widget-divider--view-line elementor-widget elementor-widget-divider\" data-id=\"5853955a\" data-element_type=\"widget\" data-widget_type=\"divider.default\">\n\t\t\t\t<div class=\"elementor-widget-container\">\n\t\t\t\t\t\t\t<div class=\"elementor-divider\">\n\t\t\t<span class=\"elementor-divider-separator\">\n\t\t\t\t\t\t<\/span>\n\t\t<\/div>\n\t\t\t\t\t\t<\/div>\n\t\t\t\t<\/div>\n\t\t\t\t\t<\/div>\n\t\t\t\t<\/div>\n\t\t<div class=\"elementor-element elementor-element-7871528 e-flex e-con-boxed e-con e-parent\" data-id=\"7871528\" data-element_type=\"container\">\n\t\t\t\t\t<div class=\"e-con-inner\">\n\t\t\t\t<div class=\"elementor-element elementor-element-714c4bfc elementor-grid-3 elementor-grid-tablet-2 elementor-grid-mobile-1 elementor-posts--thumbnail-top elementor-card-shadow-yes elementor-posts__hover-gradient elementor-widget elementor-widget-posts\" data-id=\"714c4bfc\" data-element_type=\"widget\" data-settings=\"{&quot;cards_columns&quot;:&quot;3&quot;,&quot;cards_columns_tablet&quot;:&quot;2&quot;,&quot;cards_columns_mobile&quot;:&quot;1&quot;,&quot;cards_row_gap&quot;:{&quot;unit&quot;:&quot;px&quot;,&quot;size&quot;:35,&quot;sizes&quot;:[]},&quot;cards_row_gap_tablet&quot;:{&quot;unit&quot;:&quot;px&quot;,&quot;size&quot;:&quot;&quot;,&quot;sizes&quot;:[]},&quot;cards_row_gap_mobile&quot;:{&quot;unit&quot;:&quot;px&quot;,&quot;size&quot;:&quot;&quot;,&quot;sizes&quot;:[]}}\" data-widget_type=\"posts.cards\">\n\t\t\t\t<div class=\"elementor-widget-container\">\n\t\t\t\t\t\t\t<div class=\"elementor-posts-container elementor-posts elementor-posts--skin-cards elementor-grid\" role=\"list\">\n\t\t\t\t<article class=\"elementor-post elementor-grid-item post-11647 post type-post status-publish format-standard has-post-thumbnail hentry category-noticias\" role=\"listitem\">\n\t\t\t<div class=\"elementor-post__card\">\n\t\t\t\t<a class=\"elementor-post__thumbnail__link\" href=\"https:\/\/www.hms.cl\/index.php\/2026\/04\/30\/hms-realiza-ceremonia-de-ascenso-y-despedida-de-personal\/\" tabindex=\"-1\" ><div class=\"elementor-post__thumbnail\"><img fetchpriority=\"high\" decoding=\"async\" width=\"300\" height=\"257\" src=\"https:\/\/www.hms.cl\/wp-content\/uploads\/2026\/04\/Ascenso2_abril_web-300x257.jpeg\" class=\"attachment-medium size-medium wp-image-11675\" alt=\"\" srcset=\"https:\/\/www.hms.cl\/wp-content\/uploads\/2026\/04\/Ascenso2_abril_web-300x257.jpeg 300w, https:\/\/www.hms.cl\/wp-content\/uploads\/2026\/04\/Ascenso2_abril_web.jpeg 519w\" sizes=\"(max-width: 300px) 100vw, 300px\" \/><\/div><\/a>\n\t\t\t\t<div class=\"elementor-post__badge\">Noticias<\/div>\n\t\t\t\t<div class=\"elementor-post__text\">\n\t\t\t\t<h3 class=\"elementor-post__title\">\n\t\t\t<a href=\"https:\/\/www.hms.cl\/index.php\/2026\/04\/30\/hms-realiza-ceremonia-de-ascenso-y-despedida-de-personal\/\" >\n\t\t\t\tHMS REALIZA CEREMONIA DE ASCENSO Y DESPEDIDA DE PERSONAL\t\t\t<\/a>\n\t\t<\/h3>\n\t\t\t\t\t<div class=\"elementor-post__read-more-wrapper\">\n\t\t\n\t\t<a class=\"elementor-post__read-more\" href=\"https:\/\/www.hms.cl\/index.php\/2026\/04\/30\/hms-realiza-ceremonia-de-ascenso-y-despedida-de-personal\/\" aria-label=\"Read more about HMS REALIZA CEREMONIA DE ASCENSO Y DESPEDIDA DE PERSONAL\" tabindex=\"-1\" >\n\t\t\tLeer M\u00e1s\t\t<\/a>\n\n\t\t\t\t\t<\/div>\n\t\t\t\t<\/div>\n\t\t\t\t<div class=\"elementor-post__meta-data\">\n\t\t\t\t\t<span class=\"elementor-post-date\">\n\t\t\t30 de Abril de 2026\t\t<\/span>\n\t\t\t\t<\/div>\n\t\t\t\t\t<\/div>\n\t\t<\/article>\n\t\t\t\t<article class=\"elementor-post elementor-grid-item post-11633 post type-post status-publish format-standard has-post-thumbnail hentry category-noticias\" role=\"listitem\">\n\t\t\t<div class=\"elementor-post__card\">\n\t\t\t\t<a class=\"elementor-post__thumbnail__link\" href=\"https:\/\/www.hms.cl\/index.php\/2026\/04\/29\/minsal-se-reune-con-cje-para-coordinar-despliegue-del-hospital-militar-de-campana-en-los-angeles\/\" tabindex=\"-1\" ><div class=\"elementor-post__thumbnail\"><img decoding=\"async\" width=\"300\" height=\"226\" src=\"https:\/\/www.hms.cl\/wp-content\/uploads\/2026\/04\/Visita-Ministra-Salud-Web-300x226.png\" class=\"attachment-medium size-medium wp-image-11635\" alt=\"\" srcset=\"https:\/\/www.hms.cl\/wp-content\/uploads\/2026\/04\/Visita-Ministra-Salud-Web-300x226.png 300w, https:\/\/www.hms.cl\/wp-content\/uploads\/2026\/04\/Visita-Ministra-Salud-Web-1024x770.png 1024w, https:\/\/www.hms.cl\/wp-content\/uploads\/2026\/04\/Visita-Ministra-Salud-Web-768x577.png 768w, https:\/\/www.hms.cl\/wp-content\/uploads\/2026\/04\/Visita-Ministra-Salud-Web.png 1084w\" sizes=\"(max-width: 300px) 100vw, 300px\" \/><\/div><\/a>\n\t\t\t\t<div class=\"elementor-post__badge\">Noticias<\/div>\n\t\t\t\t<div class=\"elementor-post__text\">\n\t\t\t\t<h3 class=\"elementor-post__title\">\n\t\t\t<a href=\"https:\/\/www.hms.cl\/index.php\/2026\/04\/29\/minsal-se-reune-con-cje-para-coordinar-despliegue-del-hospital-militar-de-campana-en-los-angeles\/\" >\n\t\t\t\tMINSAL SE REUNE CON CJE PARA COORDINAR DESPLIEGUE DEL HOSPITAL MILITAR DE CAMPA\u00d1A EN LOS ANGELES\t\t\t<\/a>\n\t\t<\/h3>\n\t\t\t\t\t<div class=\"elementor-post__read-more-wrapper\">\n\t\t\n\t\t<a class=\"elementor-post__read-more\" href=\"https:\/\/www.hms.cl\/index.php\/2026\/04\/29\/minsal-se-reune-con-cje-para-coordinar-despliegue-del-hospital-militar-de-campana-en-los-angeles\/\" aria-label=\"Read more about MINSAL SE REUNE CON CJE PARA COORDINAR DESPLIEGUE DEL HOSPITAL MILITAR DE CAMPA\u00d1A EN LOS ANGELES\" tabindex=\"-1\" >\n\t\t\tLeer M\u00e1s\t\t<\/a>\n\n\t\t\t\t\t<\/div>\n\t\t\t\t<\/div>\n\t\t\t\t<div class=\"elementor-post__meta-data\">\n\t\t\t\t\t<span class=\"elementor-post-date\">\n\t\t\t29 de Abril de 2026\t\t<\/span>\n\t\t\t\t<\/div>\n\t\t\t\t\t<\/div>\n\t\t<\/article>\n\t\t\t\t<article class=\"elementor-post elementor-grid-item post-11620 post type-post status-publish format-standard has-post-thumbnail hentry category-noticias\" role=\"listitem\">\n\t\t\t<div class=\"elementor-post__card\">\n\t\t\t\t<a class=\"elementor-post__thumbnail__link\" href=\"https:\/\/www.hms.cl\/index.php\/2026\/04\/29\/con-alta-convocatoria-hms-conmemora-el-dia-del-libro\/\" tabindex=\"-1\" ><div class=\"elementor-post__thumbnail\"><img decoding=\"async\" width=\"300\" height=\"257\" src=\"https:\/\/www.hms.cl\/wp-content\/uploads\/2026\/04\/Dia-libro_web_2026_2-300x257.jpeg\" class=\"attachment-medium size-medium wp-image-11625\" alt=\"\" srcset=\"https:\/\/www.hms.cl\/wp-content\/uploads\/2026\/04\/Dia-libro_web_2026_2-300x257.jpeg 300w, https:\/\/www.hms.cl\/wp-content\/uploads\/2026\/04\/Dia-libro_web_2026_2.jpeg 519w\" sizes=\"(max-width: 300px) 100vw, 300px\" \/><\/div><\/a>\n\t\t\t\t<div class=\"elementor-post__badge\">Noticias<\/div>\n\t\t\t\t<div class=\"elementor-post__text\">\n\t\t\t\t<h3 class=\"elementor-post__title\">\n\t\t\t<a href=\"https:\/\/www.hms.cl\/index.php\/2026\/04\/29\/con-alta-convocatoria-hms-conmemora-el-dia-del-libro\/\" >\n\t\t\t\tCON ALTA CONVOCATORIA HMS CONMEMORA EL D\u00cdA DEL LIBRO\t\t\t<\/a>\n\t\t<\/h3>\n\t\t\t\t\t<div class=\"elementor-post__read-more-wrapper\">\n\t\t\n\t\t<a class=\"elementor-post__read-more\" href=\"https:\/\/www.hms.cl\/index.php\/2026\/04\/29\/con-alta-convocatoria-hms-conmemora-el-dia-del-libro\/\" aria-label=\"Read more about CON ALTA CONVOCATORIA HMS CONMEMORA EL D\u00cdA DEL LIBRO\" tabindex=\"-1\" >\n\t\t\tLeer M\u00e1s\t\t<\/a>\n\n\t\t\t\t\t<\/div>\n\t\t\t\t<\/div>\n\t\t\t\t<div class=\"elementor-post__meta-data\">\n\t\t\t\t\t<span class=\"elementor-post-date\">\n\t\t\t29 de Abril de 2026\t\t<\/span>\n\t\t\t\t<\/div>\n\t\t\t\t\t<\/div>\n\t\t<\/article>\n\t\t\t\t<\/div>\n\t\t\n\t\t\t\t\t\t<\/div>\n\t\t\t\t<\/div>\n\t\t\t\t\t<\/div>\n\t\t\t\t<\/div>\n\t\t\t\t<\/div>\n\t\t","protected":false},"excerpt":{"rendered":"<p>En un ambiente de recogimiento, esperanza y fraternidad, la Capellan\u00eda Cat\u00f3lica del Hospital Militar de Santiago (HMS) realiz\u00f3 una especial Misa de Navidad para todos sus colaboradores.<\/p>\n","protected":false},"author":1,"featured_media":7449,"comment_status":"closed","ping_status":"open","sticky":false,"template":"","format":"standard","meta":{"footnotes":""},"categories":[8],"tags":[],"class_list":["post-7443","post","type-post","status-publish","format-standard","has-post-thumbnail","hentry","category-noticias"],"yoast_head":"<!-- This site is optimized with the Yoast SEO plugin v25.6 - https:\/\/yoast.com\/wordpress\/plugins\/seo\/ -->\n<title>CAPELLAN\u00cdA CAT\u00d3LICA DEL HMS CIERRA EL 2025 CON ESPECIAL EUCAR\u00cdSTIA - Hospital Militar de Santiago<\/title>\n<meta name=\"robots\" content=\"index, follow, max-snippet:-1, max-image-preview:large, max-video-preview:-1\" \/>\n<link rel=\"canonical\" href=\"https:\/\/www.hms.cl\/index.php\/2025\/12\/29\/capellania-catolica-del-hms-cierra-el-2025-con-especial-eucaristia\/\" \/>\n<meta property=\"og:locale\" content=\"es_ES\" \/>\n<meta property=\"og:type\" content=\"article\" \/>\n<meta property=\"og:title\" content=\"CAPELLAN\u00cdA CAT\u00d3LICA DEL HMS CIERRA EL 2025 CON ESPECIAL EUCAR\u00cdSTIA - Hospital Militar de Santiago\" \/>\n<meta property=\"og:description\" content=\"En un ambiente de recogimiento, esperanza y fraternidad, la Capellan\u00eda Cat\u00f3lica del Hospital Militar de Santiago (HMS) realiz\u00f3 una especial Misa de Navidad para todos sus colaboradores.\" \/>\n<meta property=\"og:url\" content=\"https:\/\/www.hms.cl\/index.php\/2025\/12\/29\/capellania-catolica-del-hms-cierra-el-2025-con-especial-eucaristia\/\" \/>\n<meta property=\"og:site_name\" content=\"Hospital Militar de Santiago\" \/>\n<meta property=\"article:publisher\" content=\"https:\/\/www.facebook.com\/hospitalmilitardesantiago\" \/>\n<meta property=\"article:published_time\" content=\"2025-12-29T18:27:33+00:00\" \/>\n<meta property=\"article:modified_time\" content=\"2025-12-29T18:38:56+00:00\" \/>\n<meta property=\"og:image\" content=\"https:\/\/www.hms.cl\/wp-content\/uploads\/2025\/12\/Misa-Navidad_web.jpg\" \/>\n\t<meta property=\"og:image:width\" content=\"520\" \/>\n\t<meta property=\"og:image:height\" content=\"391\" \/>\n\t<meta property=\"og:image:type\" content=\"image\/jpeg\" \/>\n<meta name=\"author\" content=\"Admin\" \/>\n<meta name=\"twitter:card\" content=\"summary_large_image\" \/>\n<meta name=\"twitter:creator\" content=\"@HosMilSantiago\" \/>\n<meta name=\"twitter:site\" content=\"@HosMilSantiago\" \/>\n<meta name=\"twitter:label1\" content=\"Escrito por\" \/>\n\t<meta name=\"twitter:data1\" content=\"Admin\" \/>\n\t<meta name=\"twitter:label2\" content=\"Tiempo estimado de lectura\" \/>\n\t<meta name=\"twitter:data2\" content=\"3 minutos\" \/>\n<script type=\"application\/ld+json\" class=\"yoast-schema-graph\">{\"@context\":\"https:\/\/schema.org\",\"@graph\":[{\"@type\":\"Article\",\"@id\":\"https:\/\/www.hms.cl\/index.php\/2025\/12\/29\/capellania-catolica-del-hms-cierra-el-2025-con-especial-eucaristia\/#article\",\"isPartOf\":{\"@id\":\"https:\/\/www.hms.cl\/index.php\/2025\/12\/29\/capellania-catolica-del-hms-cierra-el-2025-con-especial-eucaristia\/\"},\"author\":{\"name\":\"Admin\",\"@id\":\"https:\/\/www.hms.cl\/#\/schema\/person\/93186034b446672703627f9ef2d767ca\"},\"headline\":\"CAPELLAN\u00cdA CAT\u00d3LICA DEL HMS CIERRA EL 2025 CON ESPECIAL EUCAR\u00cdSTIA\",\"datePublished\":\"2025-12-29T18:27:33+00:00\",\"dateModified\":\"2025-12-29T18:38:56+00:00\",\"mainEntityOfPage\":{\"@id\":\"https:\/\/www.hms.cl\/index.php\/2025\/12\/29\/capellania-catolica-del-hms-cierra-el-2025-con-especial-eucaristia\/\"},\"wordCount\":393,\"publisher\":{\"@id\":\"https:\/\/www.hms.cl\/#organization\"},\"image\":{\"@id\":\"https:\/\/www.hms.cl\/index.php\/2025\/12\/29\/capellania-catolica-del-hms-cierra-el-2025-con-especial-eucaristia\/#primaryimage\"},\"thumbnailUrl\":\"https:\/\/www.hms.cl\/wp-content\/uploads\/2025\/12\/Misa-Navidad_web.jpg\",\"articleSection\":[\"Noticias\"],\"inLanguage\":\"es-CL\"},{\"@type\":\"WebPage\",\"@id\":\"https:\/\/www.hms.cl\/index.php\/2025\/12\/29\/capellania-catolica-del-hms-cierra-el-2025-con-especial-eucaristia\/\",\"url\":\"https:\/\/www.hms.cl\/index.php\/2025\/12\/29\/capellania-catolica-del-hms-cierra-el-2025-con-especial-eucaristia\/\",\"name\":\"CAPELLAN\u00cdA CAT\u00d3LICA DEL HMS CIERRA EL 2025 CON ESPECIAL EUCAR\u00cdSTIA - Hospital Militar de Santiago\",\"isPartOf\":{\"@id\":\"https:\/\/www.hms.cl\/#website\"},\"primaryImageOfPage\":{\"@id\":\"https:\/\/www.hms.cl\/index.php\/2025\/12\/29\/capellania-catolica-del-hms-cierra-el-2025-con-especial-eucaristia\/#primaryimage\"},\"image\":{\"@id\":\"https:\/\/www.hms.cl\/index.php\/2025\/12\/29\/capellania-catolica-del-hms-cierra-el-2025-con-especial-eucaristia\/#primaryimage\"},\"thumbnailUrl\":\"https:\/\/www.hms.cl\/wp-content\/uploads\/2025\/12\/Misa-Navidad_web.jpg\",\"datePublished\":\"2025-12-29T18:27:33+00:00\",\"dateModified\":\"2025-12-29T18:38:56+00:00\",\"breadcrumb\":{\"@id\":\"https:\/\/www.hms.cl\/index.php\/2025\/12\/29\/capellania-catolica-del-hms-cierra-el-2025-con-especial-eucaristia\/#breadcrumb\"},\"inLanguage\":\"es-CL\",\"potentialAction\":[{\"@type\":\"ReadAction\",\"target\":[\"https:\/\/www.hms.cl\/index.php\/2025\/12\/29\/capellania-catolica-del-hms-cierra-el-2025-con-especial-eucaristia\/\"]}]},{\"@type\":\"ImageObject\",\"inLanguage\":\"es-CL\",\"@id\":\"https:\/\/www.hms.cl\/index.php\/2025\/12\/29\/capellania-catolica-del-hms-cierra-el-2025-con-especial-eucaristia\/#primaryimage\",\"url\":\"https:\/\/www.hms.cl\/wp-content\/uploads\/2025\/12\/Misa-Navidad_web.jpg\",\"contentUrl\":\"https:\/\/www.hms.cl\/wp-content\/uploads\/2025\/12\/Misa-Navidad_web.jpg\",\"width\":520,\"height\":391},{\"@type\":\"BreadcrumbList\",\"@id\":\"https:\/\/www.hms.cl\/index.php\/2025\/12\/29\/capellania-catolica-del-hms-cierra-el-2025-con-especial-eucaristia\/#breadcrumb\",\"itemListElement\":[{\"@type\":\"ListItem\",\"position\":1,\"name\":\"Home\",\"item\":\"https:\/\/www.hms.cl\/\"},{\"@type\":\"ListItem\",\"position\":2,\"name\":\"CAPELLAN\u00cdA CAT\u00d3LICA DEL HMS CIERRA EL 2025 CON ESPECIAL EUCAR\u00cdSTIA\"}]},{\"@type\":\"WebSite\",\"@id\":\"https:\/\/www.hms.cl\/#website\",\"url\":\"https:\/\/www.hms.cl\/\",\"name\":\"Hospital Militar de Santiago\",\"description\":\"\",\"publisher\":{\"@id\":\"https:\/\/www.hms.cl\/#organization\"},\"potentialAction\":[{\"@type\":\"SearchAction\",\"target\":{\"@type\":\"EntryPoint\",\"urlTemplate\":\"https:\/\/www.hms.cl\/?s={search_term_string}\"},\"query-input\":{\"@type\":\"PropertyValueSpecification\",\"valueRequired\":true,\"valueName\":\"search_term_string\"}}],\"inLanguage\":\"es-CL\"},{\"@type\":\"Organization\",\"@id\":\"https:\/\/www.hms.cl\/#organization\",\"name\":\"Hospital Militar de Santiago\",\"url\":\"https:\/\/www.hms.cl\/\",\"logo\":{\"@type\":\"ImageObject\",\"inLanguage\":\"es-CL\",\"@id\":\"https:\/\/www.hms.cl\/#\/schema\/logo\/image\/\",\"url\":\"https:\/\/www.hms.cl\/wp-content\/uploads\/2025\/07\/Logo-Vertical-Mediano.png\",\"contentUrl\":\"https:\/\/www.hms.cl\/wp-content\/uploads\/2025\/07\/Logo-Vertical-Mediano.png\",\"width\":1280,\"height\":720,\"caption\":\"Hospital Militar de Santiago\"},\"image\":{\"@id\":\"https:\/\/www.hms.cl\/#\/schema\/logo\/image\/\"},\"sameAs\":[\"https:\/\/www.facebook.com\/hospitalmilitardesantiago\",\"https:\/\/x.com\/HosMilSantiago\",\"https:\/\/www.instagram.com\/hospitalmilitardesantiago\/\",\"https:\/\/www.linkedin.com\/company\/hospital-militar-de-santiago-hosmil\",\"https:\/\/www.youtube.com\/c\/HMSVIDEO\"]},{\"@type\":\"Person\",\"@id\":\"https:\/\/www.hms.cl\/#\/schema\/person\/93186034b446672703627f9ef2d767ca\",\"name\":\"Admin\",\"image\":{\"@type\":\"ImageObject\",\"inLanguage\":\"es-CL\",\"@id\":\"https:\/\/www.hms.cl\/#\/schema\/person\/image\/\",\"url\":\"https:\/\/secure.gravatar.com\/avatar\/9384d0095fd3da50dc372f84c8bcde28aac29e86759f23fd0cfb33f9820a4e50?s=96&d=mm&r=g\",\"contentUrl\":\"https:\/\/secure.gravatar.com\/avatar\/9384d0095fd3da50dc372f84c8bcde28aac29e86759f23fd0cfb33f9820a4e50?s=96&d=mm&r=g\",\"caption\":\"Admin\"},\"sameAs\":[\"http:\/\/10.10.50.51\"],\"url\":\"https:\/\/www.hms.cl\/index.php\/author\/admin\/\"}]}<\/script>\n<!-- \/ Yoast SEO plugin. -->","yoast_head_json":{"title":"CAPELLAN\u00cdA CAT\u00d3LICA DEL HMS CIERRA EL 2025 CON ESPECIAL EUCAR\u00cdSTIA - Hospital Militar de Santiago","robots":{"index":"index","follow":"follow","max-snippet":"max-snippet:-1","max-image-preview":"max-image-preview:large","max-video-preview":"max-video-preview:-1"},"canonical":"https:\/\/www.hms.cl\/index.php\/2025\/12\/29\/capellania-catolica-del-hms-cierra-el-2025-con-especial-eucaristia\/","og_locale":"es_ES","og_type":"article","og_title":"CAPELLAN\u00cdA CAT\u00d3LICA DEL HMS CIERRA EL 2025 CON ESPECIAL EUCAR\u00cdSTIA - Hospital Militar de Santiago","og_description":"En un ambiente de recogimiento, esperanza y fraternidad, la Capellan\u00eda Cat\u00f3lica del Hospital Militar de Santiago (HMS) realiz\u00f3 una especial Misa de Navidad para todos sus colaboradores.","og_url":"https:\/\/www.hms.cl\/index.php\/2025\/12\/29\/capellania-catolica-del-hms-cierra-el-2025-con-especial-eucaristia\/","og_site_name":"Hospital Militar de Santiago","article_publisher":"https:\/\/www.facebook.com\/hospitalmilitardesantiago","article_published_time":"2025-12-29T18:27:33+00:00","article_modified_time":"2025-12-29T18:38:56+00:00","og_image":[{"width":520,"height":391,"url":"https:\/\/www.hms.cl\/wp-content\/uploads\/2025\/12\/Misa-Navidad_web.jpg","type":"image\/jpeg"}],"author":"Admin","twitter_card":"summary_large_image","twitter_creator":"@HosMilSantiago","twitter_site":"@HosMilSantiago","twitter_misc":{"Escrito por":"Admin","Tiempo estimado de lectura":"3 minutos"},"schema":{"@context":"https:\/\/schema.org","@graph":[{"@type":"Article","@id":"https:\/\/www.hms.cl\/index.php\/2025\/12\/29\/capellania-catolica-del-hms-cierra-el-2025-con-especial-eucaristia\/#article","isPartOf":{"@id":"https:\/\/www.hms.cl\/index.php\/2025\/12\/29\/capellania-catolica-del-hms-cierra-el-2025-con-especial-eucaristia\/"},"author":{"name":"Admin","@id":"https:\/\/www.hms.cl\/#\/schema\/person\/93186034b446672703627f9ef2d767ca"},"headline":"CAPELLAN\u00cdA CAT\u00d3LICA DEL HMS CIERRA EL 2025 CON ESPECIAL EUCAR\u00cdSTIA","datePublished":"2025-12-29T18:27:33+00:00","dateModified":"2025-12-29T18:38:56+00:00","mainEntityOfPage":{"@id":"https:\/\/www.hms.cl\/index.php\/2025\/12\/29\/capellania-catolica-del-hms-cierra-el-2025-con-especial-eucaristia\/"},"wordCount":393,"publisher":{"@id":"https:\/\/www.hms.cl\/#organization"},"image":{"@id":"https:\/\/www.hms.cl\/index.php\/2025\/12\/29\/capellania-catolica-del-hms-cierra-el-2025-con-especial-eucaristia\/#primaryimage"},"thumbnailUrl":"https:\/\/www.hms.cl\/wp-content\/uploads\/2025\/12\/Misa-Navidad_web.jpg","articleSection":["Noticias"],"inLanguage":"es-CL"},{"@type":"WebPage","@id":"https:\/\/www.hms.cl\/index.php\/2025\/12\/29\/capellania-catolica-del-hms-cierra-el-2025-con-especial-eucaristia\/","url":"https:\/\/www.hms.cl\/index.php\/2025\/12\/29\/capellania-catolica-del-hms-cierra-el-2025-con-especial-eucaristia\/","name":"CAPELLAN\u00cdA CAT\u00d3LICA DEL HMS CIERRA EL 2025 CON ESPECIAL EUCAR\u00cdSTIA - Hospital Militar de Santiago","isPartOf":{"@id":"https:\/\/www.hms.cl\/#website"},"primaryImageOfPage":{"@id":"https:\/\/www.hms.cl\/index.php\/2025\/12\/29\/capellania-catolica-del-hms-cierra-el-2025-con-especial-eucaristia\/#primaryimage"},"image":{"@id":"https:\/\/www.hms.cl\/index.php\/2025\/12\/29\/capellania-catolica-del-hms-cierra-el-2025-con-especial-eucaristia\/#primaryimage"},"thumbnailUrl":"https:\/\/www.hms.cl\/wp-content\/uploads\/2025\/12\/Misa-Navidad_web.jpg","datePublished":"2025-12-29T18:27:33+00:00","dateModified":"2025-12-29T18:38:56+00:00","breadcrumb":{"@id":"https:\/\/www.hms.cl\/index.php\/2025\/12\/29\/capellania-catolica-del-hms-cierra-el-2025-con-especial-eucaristia\/#breadcrumb"},"inLanguage":"es-CL","potentialAction":[{"@type":"ReadAction","target":["https:\/\/www.hms.cl\/index.php\/2025\/12\/29\/capellania-catolica-del-hms-cierra-el-2025-con-especial-eucaristia\/"]}]},{"@type":"ImageObject","inLanguage":"es-CL","@id":"https:\/\/www.hms.cl\/index.php\/2025\/12\/29\/capellania-catolica-del-hms-cierra-el-2025-con-especial-eucaristia\/#primaryimage","url":"https:\/\/www.hms.cl\/wp-content\/uploads\/2025\/12\/Misa-Navidad_web.jpg","contentUrl":"https:\/\/www.hms.cl\/wp-content\/uploads\/2025\/12\/Misa-Navidad_web.jpg","width":520,"height":391},{"@type":"BreadcrumbList","@id":"https:\/\/www.hms.cl\/index.php\/2025\/12\/29\/capellania-catolica-del-hms-cierra-el-2025-con-especial-eucaristia\/#breadcrumb","itemListElement":[{"@type":"ListItem","position":1,"name":"Home","item":"https:\/\/www.hms.cl\/"},{"@type":"ListItem","position":2,"name":"CAPELLAN\u00cdA CAT\u00d3LICA DEL HMS CIERRA EL 2025 CON ESPECIAL EUCAR\u00cdSTIA"}]},{"@type":"WebSite","@id":"https:\/\/www.hms.cl\/#website","url":"https:\/\/www.hms.cl\/","name":"Hospital Militar de Santiago","description":"","publisher":{"@id":"https:\/\/www.hms.cl\/#organization"},"potentialAction":[{"@type":"SearchAction","target":{"@type":"EntryPoint","urlTemplate":"https:\/\/www.hms.cl\/?s={search_term_string}"},"query-input":{"@type":"PropertyValueSpecification","valueRequired":true,"valueName":"search_term_string"}}],"inLanguage":"es-CL"},{"@type":"Organization","@id":"https:\/\/www.hms.cl\/#organization","name":"Hospital Militar de Santiago","url":"https:\/\/www.hms.cl\/","logo":{"@type":"ImageObject","inLanguage":"es-CL","@id":"https:\/\/www.hms.cl\/#\/schema\/logo\/image\/","url":"https:\/\/www.hms.cl\/wp-content\/uploads\/2025\/07\/Logo-Vertical-Mediano.png","contentUrl":"https:\/\/www.hms.cl\/wp-content\/uploads\/2025\/07\/Logo-Vertical-Mediano.png","width":1280,"height":720,"caption":"Hospital Militar de Santiago"},"image":{"@id":"https:\/\/www.hms.cl\/#\/schema\/logo\/image\/"},"sameAs":["https:\/\/www.facebook.com\/hospitalmilitardesantiago","https:\/\/x.com\/HosMilSantiago","https:\/\/www.instagram.com\/hospitalmilitardesantiago\/","https:\/\/www.linkedin.com\/company\/hospital-militar-de-santiago-hosmil","https:\/\/www.youtube.com\/c\/HMSVIDEO"]},{"@type":"Person","@id":"https:\/\/www.hms.cl\/#\/schema\/person\/93186034b446672703627f9ef2d767ca","name":"Admin","image":{"@type":"ImageObject","inLanguage":"es-CL","@id":"https:\/\/www.hms.cl\/#\/schema\/person\/image\/","url":"https:\/\/secure.gravatar.com\/avatar\/9384d0095fd3da50dc372f84c8bcde28aac29e86759f23fd0cfb33f9820a4e50?s=96&d=mm&r=g","contentUrl":"https:\/\/secure.gravatar.com\/avatar\/9384d0095fd3da50dc372f84c8bcde28aac29e86759f23fd0cfb33f9820a4e50?s=96&d=mm&r=g","caption":"Admin"},"sameAs":["http:\/\/10.10.50.51"],"url":"https:\/\/www.hms.cl\/index.php\/author\/admin\/"}]}},"_links":{"self":[{"href":"https:\/\/www.hms.cl\/index.php\/wp-json\/wp\/v2\/posts\/7443","targetHints":{"allow":["GET"]}}],"collection":[{"href":"https:\/\/www.hms.cl\/index.php\/wp-json\/wp\/v2\/posts"}],"about":[{"href":"https:\/\/www.hms.cl\/index.php\/wp-json\/wp\/v2\/types\/post"}],"author":[{"embeddable":true,"href":"https:\/\/www.hms.cl\/index.php\/wp-json\/wp\/v2\/users\/1"}],"replies":[{"embeddable":true,"href":"https:\/\/www.hms.cl\/index.php\/wp-json\/wp\/v2\/comments?post=7443"}],"version-history":[{"count":13,"href":"https:\/\/www.hms.cl\/index.php\/wp-json\/wp\/v2\/posts\/7443\/revisions"}],"predecessor-version":[{"id":7470,"href":"https:\/\/www.hms.cl\/index.php\/wp-json\/wp\/v2\/posts\/7443\/revisions\/7470"}],"wp:featuredmedia":[{"embeddable":true,"href":"https:\/\/www.hms.cl\/index.php\/wp-json\/wp\/v2\/media\/7449"}],"wp:attachment":[{"href":"https:\/\/www.hms.cl\/index.php\/wp-json\/wp\/v2\/media?parent=7443"}],"wp:term":[{"taxonomy":"category","embeddable":true,"href":"https:\/\/www.hms.cl\/index.php\/wp-json\/wp\/v2\/categories?post=7443"},{"taxonomy":"post_tag","embeddable":true,"href":"https:\/\/www.hms.cl\/index.php\/wp-json\/wp\/v2\/tags?post=7443"}],"curies":[{"name":"wp","href":"https:\/\/api.w.org\/{rel}","templated":true}]}}