{"id":4715,"date":"2025-07-18T09:21:30","date_gmt":"2025-07-18T13:21:30","guid":{"rendered":"http:\/\/10.10.50.51\/?p=4715"},"modified":"2025-07-23T09:41:25","modified_gmt":"2025-07-23T13:41:25","slug":"servicio-de-urgencia-del-hms-se-capacita-en-uso-de-dispositivo-intraoseo","status":"publish","type":"post","link":"https:\/\/www.hms.cl\/index.php\/2025\/07\/18\/servicio-de-urgencia-del-hms-se-capacita-en-uso-de-dispositivo-intraoseo\/","title":{"rendered":"SERVICIO DE URGENCIA DEL HMS SE CAPACITA EN USO DE DISPOSITIVO INTRA\u00d3SEO"},"content":{"rendered":"\t\t<div data-elementor-type=\"wp-post\" data-elementor-id=\"4715\" class=\"elementor elementor-4715\" data-elementor-post-type=\"post\">\n\t\t\t\t<div class=\"elementor-element elementor-element-64e94f33 e-con-full e-flex e-con e-parent\" data-id=\"64e94f33\" data-element_type=\"container\">\n\t\t\t\t<div class=\"elementor-element elementor-element-5b70d048 elementor-widget elementor-widget-heading\" data-id=\"5b70d048\" data-element_type=\"widget\" data-widget_type=\"heading.default\">\n\t\t\t\t<div class=\"elementor-widget-container\">\n\t\t\t\t\t<h2 class=\"elementor-heading-title elementor-size-default\">SERVICIO DE URGENCIA DEL HMS SE CAPACITA EN USO DE DISPOSITIVO INTRA\u00d3SEO<\/h2>\t\t\t\t<\/div>\n\t\t\t\t<\/div>\n\t\t\t\t<\/div>\n\t\t<div class=\"elementor-element elementor-element-6616407d e-flex e-con-boxed e-con e-parent\" data-id=\"6616407d\" data-element_type=\"container\">\n\t\t\t\t\t<div class=\"e-con-inner\">\n\t\t<div class=\"elementor-element elementor-element-15157471 e-con-full e-flex e-con e-child\" data-id=\"15157471\" data-element_type=\"container\">\n\t\t\t\t<div class=\"elementor-element elementor-element-8c730c8 elementor-widget elementor-widget-text-editor\" data-id=\"8c730c8\" data-element_type=\"widget\" data-widget_type=\"text-editor.default\">\n\t\t\t\t<div class=\"elementor-widget-container\">\n\t\t\t\t\t\t\t\t\t<p>Alrededor de\u00a0<strong>20 profesionales del Servicio de Urgencia del Hospital Militar de Santiago (HMS) fueron capacitados en el uso de un moderno dispositivo intra\u00f3seo<\/strong>, que comenzar\u00e1 a utilizarse en pacientes que lleguen en condiciones cr\u00edticas y no sea posible administrarles suero, sangre o medicamentos por v\u00eda intravenosa convencional.<\/p><p>\u201cSe utiliza en casos de emergencia espec\u00edficos, como\u00a0<strong>pacientes en estado de shock, con hipotensi\u00f3n o taquicardia, lo que dificulta pincharlos<\/strong>; o en personas con quemaduras extensas\u201d, explica el\u00a0<strong>doctor Helmuth Schweizer Hern\u00e1ndez, Jefe del Servicio de Urgencia del HMS<\/strong>.<\/p><p>El dispositivo, denominado\u00a0<strong>Bone Injection Gun (BIG), opera con un sistema de \u201cposici\u00f3n y presi\u00f3n\u201d<\/strong>\u00a0que permite insertar una aguja hueca a trav\u00e9s de la corteza del hueso hasta alcanzar la m\u00e9dula \u00f3sea. \u201cEs una\u00a0<strong>v\u00eda transitoria que facilita la estabilizaci\u00f3n del paciente en situaciones cr\u00edticas<\/strong>. Se puede aplicar en la tibia o en el hombro, y viene esterilizado, por lo que es r\u00e1pido y f\u00e1cil de utilizar\u201d, agrega.<\/p><p>La capacitaci\u00f3n se extendi\u00f3 durante una semana y\u00a0<strong>estuvo dirigida a todos los m\u00e9dicos y enfermeras del servicio, quienes aprendieron tanto el uso como la instalaci\u00f3n del dispositivo<\/strong>. Incluso participaron T\u00e9cnicos en Enfermer\u00eda (TENS), que si bien no ejecutan este tipo de procedimientos, pudieron conocer el funcionamiento y utilidad del sistema.<\/p><p>A nivel mundial,\u00a0<strong>el acceso intra\u00f3seo se considera una alternativa eficaz en situaciones de emergencia, atenci\u00f3n prehospitalaria y escenarios de desastre<\/strong>. Por ello, contar con personal entrenado en esta t\u00e9cnica representa un avance significativo para la principal instalaci\u00f3n de salud del Ej\u00e9rcito.<\/p>\t\t\t\t\t\t\t\t<\/div>\n\t\t\t\t<\/div>\n\t\t\t\t<\/div>\n\t\t<div class=\"elementor-element elementor-element-25e840c2 e-con-full e-flex e-con e-child\" data-id=\"25e840c2\" data-element_type=\"container\">\n\t\t\t\t<div class=\"elementor-element elementor-element-61211794 elementor-widget elementor-widget-image\" data-id=\"61211794\" data-element_type=\"widget\" data-widget_type=\"image.default\">\n\t\t\t\t<div class=\"elementor-widget-container\">\n\t\t\t\t\t\t\t\t\t\t\t\t\t\t\t<img fetchpriority=\"high\" decoding=\"async\" width=\"768\" height=\"1024\" src=\"https:\/\/www.hms.cl\/wp-content\/uploads\/2025\/07\/Capacitacion-Sua-uso-de-dispositivo-intraoseo-3-768x1024.jpeg\" class=\"attachment-large size-large wp-image-4723\" alt=\"\" srcset=\"https:\/\/www.hms.cl\/wp-content\/uploads\/2025\/07\/Capacitacion-Sua-uso-de-dispositivo-intraoseo-3-768x1024.jpeg 768w, https:\/\/www.hms.cl\/wp-content\/uploads\/2025\/07\/Capacitacion-Sua-uso-de-dispositivo-intraoseo-3-225x300.jpeg 225w, https:\/\/www.hms.cl\/wp-content\/uploads\/2025\/07\/Capacitacion-Sua-uso-de-dispositivo-intraoseo-3-1152x1536.jpeg 1152w, https:\/\/www.hms.cl\/wp-content\/uploads\/2025\/07\/Capacitacion-Sua-uso-de-dispositivo-intraoseo-3.jpeg 1200w\" sizes=\"(max-width: 768px) 100vw, 768px\" \/>\t\t\t\t\t\t\t\t\t\t\t\t\t\t\t<\/div>\n\t\t\t\t<\/div>\n\t\t\t\t<div class=\"elementor-element elementor-element-8615d8a elementor-widget-divider--view-line elementor-widget elementor-widget-divider\" data-id=\"8615d8a\" data-element_type=\"widget\" data-widget_type=\"divider.default\">\n\t\t\t\t<div class=\"elementor-widget-container\">\n\t\t\t\t\t\t\t<div class=\"elementor-divider\">\n\t\t\t<span class=\"elementor-divider-separator\">\n\t\t\t\t\t\t<\/span>\n\t\t<\/div>\n\t\t\t\t\t\t<\/div>\n\t\t\t\t<\/div>\n\t\t\t\t<div class=\"elementor-element elementor-element-46eda5ef elementor-widget elementor-widget-gallery\" data-id=\"46eda5ef\" data-element_type=\"widget\" data-settings=\"{&quot;lazyload&quot;:&quot;yes&quot;,&quot;gallery_layout&quot;:&quot;grid&quot;,&quot;columns&quot;:4,&quot;columns_tablet&quot;:2,&quot;columns_mobile&quot;:1,&quot;gap&quot;:{&quot;unit&quot;:&quot;px&quot;,&quot;size&quot;:10,&quot;sizes&quot;:[]},&quot;gap_tablet&quot;:{&quot;unit&quot;:&quot;px&quot;,&quot;size&quot;:10,&quot;sizes&quot;:[]},&quot;gap_mobile&quot;:{&quot;unit&quot;:&quot;px&quot;,&quot;size&quot;:10,&quot;sizes&quot;:[]},&quot;link_to&quot;:&quot;file&quot;,&quot;aspect_ratio&quot;:&quot;3:2&quot;,&quot;overlay_background&quot;:&quot;yes&quot;,&quot;content_hover_animation&quot;:&quot;fade-in&quot;}\" data-widget_type=\"gallery.default\">\n\t\t\t\t<div class=\"elementor-widget-container\">\n\t\t\t\t\t\t\t\t<div class=\"elementor-gallery__titles-container e--pointer-none\" aria-label=\"Gallery filter\">\n\t\t\t\t\n\t\t\t\t\t\t\t\t\t<a class=\"elementor-item elementor-gallery-title\" role=\"button\" tabindex=\"0\" data-gallery-index=\"0\">\n\t\t\t\t\t\t\t\t\t\t\t<\/a>\n\t\t\t\t\t\t\t\t<\/div>\n\t\t\t\t\t<div class=\"elementor-gallery__container\">\n\t\t\t\t\t\t\t<a class=\"e-gallery-item elementor-gallery-item elementor-animated-content\" data-e-gallery-tags=\"0\" href=\"https:\/\/www.hms.cl\/wp-content\/uploads\/2025\/07\/Capacitacion-Sua-uso-de-dispositivo-intraoseo.jpeg\" data-elementor-open-lightbox=\"yes\" data-elementor-lightbox-slideshow=\"46eda5ef\" data-elementor-lightbox-title=\"Capacitacion Sua uso de dispositivo intra\u00f3seo\" data-e-action-hash=\"#elementor-action%3Aaction%3Dlightbox%26settings%3DeyJpZCI6NDcyNywidXJsIjoiaHR0cHM6XC9cL3d3dy5obXMuY2xcL3dwLWNvbnRlbnRcL3VwbG9hZHNcLzIwMjVcLzA3XC9DYXBhY2l0YWNpb24tU3VhLXVzby1kZS1kaXNwb3NpdGl2by1pbnRyYW9zZW8uanBlZyIsInNsaWRlc2hvdyI6IjQ2ZWRhNWVmIn0%3D\">\n\t\t\t\t\t<div class=\"e-gallery-image elementor-gallery-item__image\" data-thumbnail=\"https:\/\/www.hms.cl\/wp-content\/uploads\/2025\/07\/Capacitacion-Sua-uso-de-dispositivo-intraoseo-225x300.jpeg\" data-width=\"225\" data-height=\"300\" aria-label=\"\" role=\"img\" ><\/div>\n\t\t\t\t\t\t\t\t\t\t\t<div class=\"elementor-gallery-item__overlay\"><\/div>\n\t\t\t\t\t\t\t\t\t\t\t\t\t\t<\/a>\n\t\t\t\t\t\t\t<a class=\"e-gallery-item elementor-gallery-item elementor-animated-content\" data-e-gallery-tags=\"0\" href=\"https:\/\/www.hms.cl\/wp-content\/uploads\/2025\/07\/Capacitacion-Sua-uso-de-dispositivo-intraoseo-1.jpeg\" data-elementor-open-lightbox=\"yes\" data-elementor-lightbox-slideshow=\"46eda5ef\" data-elementor-lightbox-title=\"Capacitacion Sua uso de dispositivo intra\u00f3seo 1\" data-e-action-hash=\"#elementor-action%3Aaction%3Dlightbox%26settings%3DeyJpZCI6NDcyMSwidXJsIjoiaHR0cHM6XC9cL3d3dy5obXMuY2xcL3dwLWNvbnRlbnRcL3VwbG9hZHNcLzIwMjVcLzA3XC9DYXBhY2l0YWNpb24tU3VhLXVzby1kZS1kaXNwb3NpdGl2by1pbnRyYW9zZW8tMS5qcGVnIiwic2xpZGVzaG93IjoiNDZlZGE1ZWYifQ%3D%3D\">\n\t\t\t\t\t<div class=\"e-gallery-image elementor-gallery-item__image\" data-thumbnail=\"https:\/\/www.hms.cl\/wp-content\/uploads\/2025\/07\/Capacitacion-Sua-uso-de-dispositivo-intraoseo-1-225x300.jpeg\" data-width=\"225\" data-height=\"300\" aria-label=\"\" role=\"img\" ><\/div>\n\t\t\t\t\t\t\t\t\t\t\t<div class=\"elementor-gallery-item__overlay\"><\/div>\n\t\t\t\t\t\t\t\t\t\t\t\t\t\t<\/a>\n\t\t\t\t\t\t\t<a class=\"e-gallery-item elementor-gallery-item elementor-animated-content\" data-e-gallery-tags=\"0\" href=\"https:\/\/www.hms.cl\/wp-content\/uploads\/2025\/07\/Capacitacion-Sua-uso-de-dispositivo-intraoseo-2.jpeg\" data-elementor-open-lightbox=\"yes\" data-elementor-lightbox-slideshow=\"46eda5ef\" data-elementor-lightbox-title=\"Capacitacion Sua uso de dispositivo intra\u00f3seo 2\" data-e-action-hash=\"#elementor-action%3Aaction%3Dlightbox%26settings%3DeyJpZCI6NDcyMiwidXJsIjoiaHR0cHM6XC9cL3d3dy5obXMuY2xcL3dwLWNvbnRlbnRcL3VwbG9hZHNcLzIwMjVcLzA3XC9DYXBhY2l0YWNpb24tU3VhLXVzby1kZS1kaXNwb3NpdGl2by1pbnRyYW9zZW8tMi5qcGVnIiwic2xpZGVzaG93IjoiNDZlZGE1ZWYifQ%3D%3D\">\n\t\t\t\t\t<div class=\"e-gallery-image elementor-gallery-item__image\" data-thumbnail=\"https:\/\/www.hms.cl\/wp-content\/uploads\/2025\/07\/Capacitacion-Sua-uso-de-dispositivo-intraoseo-2-225x300.jpeg\" data-width=\"225\" data-height=\"300\" aria-label=\"\" role=\"img\" ><\/div>\n\t\t\t\t\t\t\t\t\t\t\t<div class=\"elementor-gallery-item__overlay\"><\/div>\n\t\t\t\t\t\t\t\t\t\t\t\t\t\t<\/a>\n\t\t\t\t\t\t\t<a class=\"e-gallery-item elementor-gallery-item elementor-animated-content\" data-e-gallery-tags=\"0\" href=\"https:\/\/www.hms.cl\/wp-content\/uploads\/2025\/07\/Capacitacion-Sua-uso-de-dispositivo-intraoseo-3.jpeg\" data-elementor-open-lightbox=\"yes\" data-elementor-lightbox-slideshow=\"46eda5ef\" data-elementor-lightbox-title=\"Capacitacion Sua uso de dispositivo intra\u00f3seo 3\" data-e-action-hash=\"#elementor-action%3Aaction%3Dlightbox%26settings%3DeyJpZCI6NDcyMywidXJsIjoiaHR0cHM6XC9cL3d3dy5obXMuY2xcL3dwLWNvbnRlbnRcL3VwbG9hZHNcLzIwMjVcLzA3XC9DYXBhY2l0YWNpb24tU3VhLXVzby1kZS1kaXNwb3NpdGl2by1pbnRyYW9zZW8tMy5qcGVnIiwic2xpZGVzaG93IjoiNDZlZGE1ZWYifQ%3D%3D\">\n\t\t\t\t\t<div class=\"e-gallery-image elementor-gallery-item__image\" data-thumbnail=\"https:\/\/www.hms.cl\/wp-content\/uploads\/2025\/07\/Capacitacion-Sua-uso-de-dispositivo-intraoseo-3-225x300.jpeg\" data-width=\"225\" data-height=\"300\" aria-label=\"\" role=\"img\" ><\/div>\n\t\t\t\t\t\t\t\t\t\t\t<div class=\"elementor-gallery-item__overlay\"><\/div>\n\t\t\t\t\t\t\t\t\t\t\t\t\t\t<\/a>\n\t\t\t\t\t\t\t<a class=\"e-gallery-item elementor-gallery-item elementor-animated-content\" data-e-gallery-tags=\"0\" href=\"https:\/\/www.hms.cl\/wp-content\/uploads\/2025\/07\/Capacitacion-Sua-uso-de-dispositivo-intraoseo-4.jpeg\" data-elementor-open-lightbox=\"yes\" data-elementor-lightbox-slideshow=\"46eda5ef\" data-elementor-lightbox-title=\"Capacitacion Sua uso de dispositivo intra\u00f3seo 4\" data-e-action-hash=\"#elementor-action%3Aaction%3Dlightbox%26settings%3DeyJpZCI6NDcyNCwidXJsIjoiaHR0cHM6XC9cL3d3dy5obXMuY2xcL3dwLWNvbnRlbnRcL3VwbG9hZHNcLzIwMjVcLzA3XC9DYXBhY2l0YWNpb24tU3VhLXVzby1kZS1kaXNwb3NpdGl2by1pbnRyYW9zZW8tNC5qcGVnIiwic2xpZGVzaG93IjoiNDZlZGE1ZWYifQ%3D%3D\">\n\t\t\t\t\t<div class=\"e-gallery-image elementor-gallery-item__image\" data-thumbnail=\"https:\/\/www.hms.cl\/wp-content\/uploads\/2025\/07\/Capacitacion-Sua-uso-de-dispositivo-intraoseo-4-225x300.jpeg\" data-width=\"225\" data-height=\"300\" aria-label=\"\" role=\"img\" ><\/div>\n\t\t\t\t\t\t\t\t\t\t\t<div class=\"elementor-gallery-item__overlay\"><\/div>\n\t\t\t\t\t\t\t\t\t\t\t\t\t\t<\/a>\n\t\t\t\t\t\t\t<a class=\"e-gallery-item elementor-gallery-item elementor-animated-content\" data-e-gallery-tags=\"0\" href=\"https:\/\/www.hms.cl\/wp-content\/uploads\/2025\/07\/Capacitacion-Sua-uso-de-dispositivo-intraoseo-5.jpeg\" data-elementor-open-lightbox=\"yes\" data-elementor-lightbox-slideshow=\"46eda5ef\" data-elementor-lightbox-title=\"Capacitacion Sua uso de dispositivo intra\u00f3seo 5\" data-e-action-hash=\"#elementor-action%3Aaction%3Dlightbox%26settings%3DeyJpZCI6NDcyNSwidXJsIjoiaHR0cHM6XC9cL3d3dy5obXMuY2xcL3dwLWNvbnRlbnRcL3VwbG9hZHNcLzIwMjVcLzA3XC9DYXBhY2l0YWNpb24tU3VhLXVzby1kZS1kaXNwb3NpdGl2by1pbnRyYW9zZW8tNS5qcGVnIiwic2xpZGVzaG93IjoiNDZlZGE1ZWYifQ%3D%3D\">\n\t\t\t\t\t<div class=\"e-gallery-image elementor-gallery-item__image\" data-thumbnail=\"https:\/\/www.hms.cl\/wp-content\/uploads\/2025\/07\/Capacitacion-Sua-uso-de-dispositivo-intraoseo-5-300x225.jpeg\" data-width=\"300\" data-height=\"225\" aria-label=\"\" role=\"img\" ><\/div>\n\t\t\t\t\t\t\t\t\t\t\t<div class=\"elementor-gallery-item__overlay\"><\/div>\n\t\t\t\t\t\t\t\t\t\t\t\t\t\t<\/a>\n\t\t\t\t\t<\/div>\n\t\t\t\t\t<\/div>\n\t\t\t\t<\/div>\n\t\t\t\t<\/div>\n\t\t\t\t\t<\/div>\n\t\t\t\t<\/div>\n\t\t<div class=\"elementor-element elementor-element-429f830f e-flex e-con-boxed e-con e-parent\" data-id=\"429f830f\" data-element_type=\"container\">\n\t\t\t\t\t<div class=\"e-con-inner\">\n\t\t\t\t<div class=\"elementor-element elementor-element-6d9a2024 elementor-widget-divider--view-line elementor-widget elementor-widget-divider\" data-id=\"6d9a2024\" data-element_type=\"widget\" data-widget_type=\"divider.default\">\n\t\t\t\t<div class=\"elementor-widget-container\">\n\t\t\t\t\t\t\t<div class=\"elementor-divider\">\n\t\t\t<span class=\"elementor-divider-separator\">\n\t\t\t\t\t\t<\/span>\n\t\t<\/div>\n\t\t\t\t\t\t<\/div>\n\t\t\t\t<\/div>\n\t\t\t\t\t<\/div>\n\t\t\t\t<\/div>\n\t\t<div class=\"elementor-element elementor-element-7c1617b8 e-flex e-con-boxed e-con e-parent\" data-id=\"7c1617b8\" data-element_type=\"container\">\n\t\t\t\t\t<div class=\"e-con-inner\">\n\t\t\t\t<div class=\"elementor-element elementor-element-72b6ab05 elementor-grid-3 elementor-grid-tablet-2 elementor-grid-mobile-1 elementor-posts--thumbnail-top elementor-widget elementor-widget-posts\" data-id=\"72b6ab05\" data-element_type=\"widget\" data-settings=\"{&quot;classic_columns&quot;:&quot;3&quot;,&quot;classic_columns_tablet&quot;:&quot;2&quot;,&quot;classic_columns_mobile&quot;:&quot;1&quot;,&quot;classic_row_gap&quot;:{&quot;unit&quot;:&quot;px&quot;,&quot;size&quot;:35,&quot;sizes&quot;:[]},&quot;classic_row_gap_tablet&quot;:{&quot;unit&quot;:&quot;px&quot;,&quot;size&quot;:&quot;&quot;,&quot;sizes&quot;:[]},&quot;classic_row_gap_mobile&quot;:{&quot;unit&quot;:&quot;px&quot;,&quot;size&quot;:&quot;&quot;,&quot;sizes&quot;:[]}}\" data-widget_type=\"posts.classic\">\n\t\t\t\t<div class=\"elementor-widget-container\">\n\t\t\t\t\t\t\t<div class=\"elementor-posts-container elementor-posts elementor-posts--skin-classic elementor-grid\" role=\"list\">\n\t\t\t\t<article class=\"elementor-post elementor-grid-item post-11528 post type-post status-publish format-standard has-post-thumbnail hentry category-noticias\" role=\"listitem\">\n\t\t\t\t<a class=\"elementor-post__thumbnail__link\" href=\"https:\/\/www.hms.cl\/index.php\/2026\/04\/24\/hms-realiza-ceremonia-de-ascenso-de-suboficiales\/\" tabindex=\"-1\" >\n\t\t\t<div class=\"elementor-post__thumbnail\"><img decoding=\"async\" width=\"2560\" height=\"1707\" src=\"https:\/\/www.hms.cl\/wp-content\/uploads\/2026\/04\/f1a.jpg-scaled.jpeg\" class=\"attachment-full size-full wp-image-11541\" alt=\"\" srcset=\"https:\/\/www.hms.cl\/wp-content\/uploads\/2026\/04\/f1a.jpg-scaled.jpeg 2560w, https:\/\/www.hms.cl\/wp-content\/uploads\/2026\/04\/f1a.jpg-300x200.jpeg 300w, https:\/\/www.hms.cl\/wp-content\/uploads\/2026\/04\/f1a.jpg-1024x683.jpeg 1024w, https:\/\/www.hms.cl\/wp-content\/uploads\/2026\/04\/f1a.jpg-768x512.jpeg 768w, https:\/\/www.hms.cl\/wp-content\/uploads\/2026\/04\/f1a.jpg-1536x1024.jpeg 1536w, https:\/\/www.hms.cl\/wp-content\/uploads\/2026\/04\/f1a.jpg-2048x1365.jpeg 2048w\" sizes=\"(max-width: 2560px) 100vw, 2560px\" \/><\/div>\n\t\t<\/a>\n\t\t\t\t<div class=\"elementor-post__text\">\n\t\t\t\t<h3 class=\"elementor-post__title\">\n\t\t\t<a href=\"https:\/\/www.hms.cl\/index.php\/2026\/04\/24\/hms-realiza-ceremonia-de-ascenso-de-suboficiales\/\" >\n\t\t\t\tHMS REALIZA CEREMONIA DE ASCENSO DE SUBOFICIALES\t\t\t<\/a>\n\t\t<\/h3>\n\t\t\t\t<div class=\"elementor-post__meta-data\">\n\t\t\t\t\t<span class=\"elementor-post-date\">\n\t\t\t24 de Abril de 2026\t\t<\/span>\n\t\t\t\t<\/div>\n\t\t\n\t\t<a class=\"elementor-post__read-more\" href=\"https:\/\/www.hms.cl\/index.php\/2026\/04\/24\/hms-realiza-ceremonia-de-ascenso-de-suboficiales\/\" aria-label=\"Read more about HMS REALIZA CEREMONIA DE ASCENSO DE SUBOFICIALES\" tabindex=\"-1\" >\n\t\t\tLeer M\u00e1s\t\t<\/a>\n\n\t\t\t\t<\/div>\n\t\t\t\t<\/article>\n\t\t\t\t<article class=\"elementor-post elementor-grid-item post-11516 post type-post status-publish format-standard has-post-thumbnail hentry category-noticias\" role=\"listitem\">\n\t\t\t\t<a class=\"elementor-post__thumbnail__link\" href=\"https:\/\/www.hms.cl\/index.php\/2026\/04\/24\/escuela-de-suboficiales-refuerza-su-compromiso-con-la-donacion-de-sangre\/\" tabindex=\"-1\" >\n\t\t\t<div class=\"elementor-post__thumbnail\"><img decoding=\"async\" width=\"519\" height=\"444\" src=\"https:\/\/www.hms.cl\/wp-content\/uploads\/2026\/04\/Donacion_Sangre_Abril_web.jpeg\" class=\"attachment-full size-full wp-image-11521\" alt=\"\" srcset=\"https:\/\/www.hms.cl\/wp-content\/uploads\/2026\/04\/Donacion_Sangre_Abril_web.jpeg 519w, https:\/\/www.hms.cl\/wp-content\/uploads\/2026\/04\/Donacion_Sangre_Abril_web-300x257.jpeg 300w\" sizes=\"(max-width: 519px) 100vw, 519px\" \/><\/div>\n\t\t<\/a>\n\t\t\t\t<div class=\"elementor-post__text\">\n\t\t\t\t<h3 class=\"elementor-post__title\">\n\t\t\t<a href=\"https:\/\/www.hms.cl\/index.php\/2026\/04\/24\/escuela-de-suboficiales-refuerza-su-compromiso-con-la-donacion-de-sangre\/\" >\n\t\t\t\tESCUELA DE SUBOFICIALES REFUERZA SU COMPROMISO CON LA DONACI\u00d3N DE SANGRE\t\t\t<\/a>\n\t\t<\/h3>\n\t\t\t\t<div class=\"elementor-post__meta-data\">\n\t\t\t\t\t<span class=\"elementor-post-date\">\n\t\t\t24 de Abril de 2026\t\t<\/span>\n\t\t\t\t<\/div>\n\t\t\n\t\t<a class=\"elementor-post__read-more\" href=\"https:\/\/www.hms.cl\/index.php\/2026\/04\/24\/escuela-de-suboficiales-refuerza-su-compromiso-con-la-donacion-de-sangre\/\" aria-label=\"Read more about ESCUELA DE SUBOFICIALES REFUERZA SU COMPROMISO CON LA DONACI\u00d3N DE SANGRE\" tabindex=\"-1\" >\n\t\t\tLeer M\u00e1s\t\t<\/a>\n\n\t\t\t\t<\/div>\n\t\t\t\t<\/article>\n\t\t\t\t<article class=\"elementor-post elementor-grid-item post-11469 post type-post status-publish format-standard has-post-thumbnail hentry category-noticias\" role=\"listitem\">\n\t\t\t\t<a class=\"elementor-post__thumbnail__link\" href=\"https:\/\/www.hms.cl\/index.php\/2026\/04\/17\/hms-fortalece-su-liderazgo-en-trauma-jefe-de-urgencias-asume-presidencia-del-comite-de-trauma-chile\/\" tabindex=\"-1\" >\n\t\t\t<div class=\"elementor-post__thumbnail\"><img loading=\"lazy\" decoding=\"async\" width=\"984\" height=\"680\" src=\"https:\/\/www.hms.cl\/wp-content\/uploads\/2026\/04\/Cambio-de-Mando-Chaiman-COT-Chile.png\" class=\"attachment-full size-full wp-image-11475\" alt=\"\" srcset=\"https:\/\/www.hms.cl\/wp-content\/uploads\/2026\/04\/Cambio-de-Mando-Chaiman-COT-Chile.png 984w, https:\/\/www.hms.cl\/wp-content\/uploads\/2026\/04\/Cambio-de-Mando-Chaiman-COT-Chile-300x207.png 300w, https:\/\/www.hms.cl\/wp-content\/uploads\/2026\/04\/Cambio-de-Mando-Chaiman-COT-Chile-768x531.png 768w\" sizes=\"(max-width: 984px) 100vw, 984px\" \/><\/div>\n\t\t<\/a>\n\t\t\t\t<div class=\"elementor-post__text\">\n\t\t\t\t<h3 class=\"elementor-post__title\">\n\t\t\t<a href=\"https:\/\/www.hms.cl\/index.php\/2026\/04\/17\/hms-fortalece-su-liderazgo-en-trauma-jefe-de-urgencias-asume-presidencia-del-comite-de-trauma-chile\/\" >\n\t\t\t\tHMS FORTALECE SU LIDERAZGO EN TRAUMA: JEFE DE URGENCIAS ASUME PRESIDENCIA DEL COMIT\u00c9 DE TRAUMA-CHILE\t\t\t<\/a>\n\t\t<\/h3>\n\t\t\t\t<div class=\"elementor-post__meta-data\">\n\t\t\t\t\t<span class=\"elementor-post-date\">\n\t\t\t17 de Abril de 2026\t\t<\/span>\n\t\t\t\t<\/div>\n\t\t\n\t\t<a class=\"elementor-post__read-more\" href=\"https:\/\/www.hms.cl\/index.php\/2026\/04\/17\/hms-fortalece-su-liderazgo-en-trauma-jefe-de-urgencias-asume-presidencia-del-comite-de-trauma-chile\/\" aria-label=\"Read more about HMS FORTALECE SU LIDERAZGO EN TRAUMA: JEFE DE URGENCIAS ASUME PRESIDENCIA DEL COMIT\u00c9 DE TRAUMA-CHILE\" tabindex=\"-1\" >\n\t\t\tLeer M\u00e1s\t\t<\/a>\n\n\t\t\t\t<\/div>\n\t\t\t\t<\/article>\n\t\t\t\t<\/div>\n\t\t\n\t\t\t\t\t\t<\/div>\n\t\t\t\t<\/div>\n\t\t\t\t\t<\/div>\n\t\t\t\t<\/div>\n\t\t\t\t<\/div>\n\t\t","protected":false},"excerpt":{"rendered":"<p>Alrededor de\u00a020 profesionales del Servicio de Urgencia del Hospital Militar de Santiago (HMS)<\/p>\n","protected":false},"author":1,"featured_media":4726,"comment_status":"closed","ping_status":"open","sticky":false,"template":"","format":"standard","meta":{"footnotes":""},"categories":[8],"tags":[],"class_list":["post-4715","post","type-post","status-publish","format-standard","has-post-thumbnail","hentry","category-noticias"],"yoast_head":"<!-- This site is optimized with the Yoast SEO plugin v25.6 - https:\/\/yoast.com\/wordpress\/plugins\/seo\/ -->\n<title>SERVICIO DE URGENCIA DEL HMS SE CAPACITA EN USO DE DISPOSITIVO INTRA\u00d3SEO - Hospital Militar de Santiago<\/title>\n<meta name=\"robots\" content=\"index, follow, max-snippet:-1, max-image-preview:large, max-video-preview:-1\" \/>\n<link rel=\"canonical\" href=\"https:\/\/www.hms.cl\/index.php\/2025\/07\/18\/servicio-de-urgencia-del-hms-se-capacita-en-uso-de-dispositivo-intraoseo\/\" \/>\n<meta property=\"og:locale\" content=\"es_ES\" \/>\n<meta property=\"og:type\" content=\"article\" \/>\n<meta property=\"og:title\" content=\"SERVICIO DE URGENCIA DEL HMS SE CAPACITA EN USO DE DISPOSITIVO INTRA\u00d3SEO - Hospital Militar de Santiago\" \/>\n<meta property=\"og:description\" content=\"Alrededor de\u00a020 profesionales del Servicio de Urgencia del Hospital Militar de Santiago (HMS)\" \/>\n<meta property=\"og:url\" content=\"https:\/\/www.hms.cl\/index.php\/2025\/07\/18\/servicio-de-urgencia-del-hms-se-capacita-en-uso-de-dispositivo-intraoseo\/\" \/>\n<meta property=\"og:site_name\" content=\"Hospital Militar de Santiago\" \/>\n<meta property=\"article:publisher\" content=\"https:\/\/www.facebook.com\/hospitalmilitardesantiago\" \/>\n<meta property=\"article:published_time\" content=\"2025-07-18T13:21:30+00:00\" \/>\n<meta property=\"article:modified_time\" content=\"2025-07-23T13:41:25+00:00\" \/>\n<meta property=\"og:image\" content=\"https:\/\/www.hms.cl\/wp-content\/uploads\/2025\/07\/Capacitacion-Sua-uso-de-dispositivo-intraoseo-Portada.jpeg\" \/>\n\t<meta property=\"og:image:width\" content=\"519\" \/>\n\t<meta property=\"og:image:height\" content=\"444\" \/>\n\t<meta property=\"og:image:type\" content=\"image\/jpeg\" \/>\n<meta name=\"author\" content=\"Admin\" \/>\n<meta name=\"twitter:card\" content=\"summary_large_image\" \/>\n<meta name=\"twitter:creator\" content=\"@HosMilSantiago\" \/>\n<meta name=\"twitter:site\" content=\"@HosMilSantiago\" \/>\n<meta name=\"twitter:label1\" content=\"Escrito por\" \/>\n\t<meta name=\"twitter:data1\" content=\"Admin\" \/>\n\t<meta name=\"twitter:label2\" content=\"Tiempo estimado de lectura\" \/>\n\t<meta name=\"twitter:data2\" content=\"3 minutos\" \/>\n<script type=\"application\/ld+json\" class=\"yoast-schema-graph\">{\"@context\":\"https:\/\/schema.org\",\"@graph\":[{\"@type\":\"Article\",\"@id\":\"https:\/\/www.hms.cl\/index.php\/2025\/07\/18\/servicio-de-urgencia-del-hms-se-capacita-en-uso-de-dispositivo-intraoseo\/#article\",\"isPartOf\":{\"@id\":\"https:\/\/www.hms.cl\/index.php\/2025\/07\/18\/servicio-de-urgencia-del-hms-se-capacita-en-uso-de-dispositivo-intraoseo\/\"},\"author\":{\"name\":\"Admin\",\"@id\":\"https:\/\/www.hms.cl\/#\/schema\/person\/93186034b446672703627f9ef2d767ca\"},\"headline\":\"SERVICIO DE URGENCIA DEL HMS SE CAPACITA EN USO DE DISPOSITIVO INTRA\u00d3SEO\",\"datePublished\":\"2025-07-18T13:21:30+00:00\",\"dateModified\":\"2025-07-23T13:41:25+00:00\",\"mainEntityOfPage\":{\"@id\":\"https:\/\/www.hms.cl\/index.php\/2025\/07\/18\/servicio-de-urgencia-del-hms-se-capacita-en-uso-de-dispositivo-intraoseo\/\"},\"wordCount\":287,\"publisher\":{\"@id\":\"https:\/\/www.hms.cl\/#organization\"},\"image\":{\"@id\":\"https:\/\/www.hms.cl\/index.php\/2025\/07\/18\/servicio-de-urgencia-del-hms-se-capacita-en-uso-de-dispositivo-intraoseo\/#primaryimage\"},\"thumbnailUrl\":\"https:\/\/www.hms.cl\/wp-content\/uploads\/2025\/07\/Capacitacion-Sua-uso-de-dispositivo-intraoseo-Portada.jpeg\",\"articleSection\":[\"Noticias\"],\"inLanguage\":\"es-CL\"},{\"@type\":\"WebPage\",\"@id\":\"https:\/\/www.hms.cl\/index.php\/2025\/07\/18\/servicio-de-urgencia-del-hms-se-capacita-en-uso-de-dispositivo-intraoseo\/\",\"url\":\"https:\/\/www.hms.cl\/index.php\/2025\/07\/18\/servicio-de-urgencia-del-hms-se-capacita-en-uso-de-dispositivo-intraoseo\/\",\"name\":\"SERVICIO DE URGENCIA DEL HMS SE CAPACITA EN USO DE DISPOSITIVO INTRA\u00d3SEO - Hospital Militar de Santiago\",\"isPartOf\":{\"@id\":\"https:\/\/www.hms.cl\/#website\"},\"primaryImageOfPage\":{\"@id\":\"https:\/\/www.hms.cl\/index.php\/2025\/07\/18\/servicio-de-urgencia-del-hms-se-capacita-en-uso-de-dispositivo-intraoseo\/#primaryimage\"},\"image\":{\"@id\":\"https:\/\/www.hms.cl\/index.php\/2025\/07\/18\/servicio-de-urgencia-del-hms-se-capacita-en-uso-de-dispositivo-intraoseo\/#primaryimage\"},\"thumbnailUrl\":\"https:\/\/www.hms.cl\/wp-content\/uploads\/2025\/07\/Capacitacion-Sua-uso-de-dispositivo-intraoseo-Portada.jpeg\",\"datePublished\":\"2025-07-18T13:21:30+00:00\",\"dateModified\":\"2025-07-23T13:41:25+00:00\",\"breadcrumb\":{\"@id\":\"https:\/\/www.hms.cl\/index.php\/2025\/07\/18\/servicio-de-urgencia-del-hms-se-capacita-en-uso-de-dispositivo-intraoseo\/#breadcrumb\"},\"inLanguage\":\"es-CL\",\"potentialAction\":[{\"@type\":\"ReadAction\",\"target\":[\"https:\/\/www.hms.cl\/index.php\/2025\/07\/18\/servicio-de-urgencia-del-hms-se-capacita-en-uso-de-dispositivo-intraoseo\/\"]}]},{\"@type\":\"ImageObject\",\"inLanguage\":\"es-CL\",\"@id\":\"https:\/\/www.hms.cl\/index.php\/2025\/07\/18\/servicio-de-urgencia-del-hms-se-capacita-en-uso-de-dispositivo-intraoseo\/#primaryimage\",\"url\":\"https:\/\/www.hms.cl\/wp-content\/uploads\/2025\/07\/Capacitacion-Sua-uso-de-dispositivo-intraoseo-Portada.jpeg\",\"contentUrl\":\"https:\/\/www.hms.cl\/wp-content\/uploads\/2025\/07\/Capacitacion-Sua-uso-de-dispositivo-intraoseo-Portada.jpeg\",\"width\":519,\"height\":444},{\"@type\":\"BreadcrumbList\",\"@id\":\"https:\/\/www.hms.cl\/index.php\/2025\/07\/18\/servicio-de-urgencia-del-hms-se-capacita-en-uso-de-dispositivo-intraoseo\/#breadcrumb\",\"itemListElement\":[{\"@type\":\"ListItem\",\"position\":1,\"name\":\"Home\",\"item\":\"https:\/\/www.hms.cl\/\"},{\"@type\":\"ListItem\",\"position\":2,\"name\":\"SERVICIO DE URGENCIA DEL HMS SE CAPACITA EN USO DE DISPOSITIVO INTRA\u00d3SEO\"}]},{\"@type\":\"WebSite\",\"@id\":\"https:\/\/www.hms.cl\/#website\",\"url\":\"https:\/\/www.hms.cl\/\",\"name\":\"Hospital Militar de Santiago\",\"description\":\"\",\"publisher\":{\"@id\":\"https:\/\/www.hms.cl\/#organization\"},\"potentialAction\":[{\"@type\":\"SearchAction\",\"target\":{\"@type\":\"EntryPoint\",\"urlTemplate\":\"https:\/\/www.hms.cl\/?s={search_term_string}\"},\"query-input\":{\"@type\":\"PropertyValueSpecification\",\"valueRequired\":true,\"valueName\":\"search_term_string\"}}],\"inLanguage\":\"es-CL\"},{\"@type\":\"Organization\",\"@id\":\"https:\/\/www.hms.cl\/#organization\",\"name\":\"Hospital Militar de Santiago\",\"url\":\"https:\/\/www.hms.cl\/\",\"logo\":{\"@type\":\"ImageObject\",\"inLanguage\":\"es-CL\",\"@id\":\"https:\/\/www.hms.cl\/#\/schema\/logo\/image\/\",\"url\":\"https:\/\/www.hms.cl\/wp-content\/uploads\/2025\/07\/Logo-Vertical-Mediano.png\",\"contentUrl\":\"https:\/\/www.hms.cl\/wp-content\/uploads\/2025\/07\/Logo-Vertical-Mediano.png\",\"width\":1280,\"height\":720,\"caption\":\"Hospital Militar de Santiago\"},\"image\":{\"@id\":\"https:\/\/www.hms.cl\/#\/schema\/logo\/image\/\"},\"sameAs\":[\"https:\/\/www.facebook.com\/hospitalmilitardesantiago\",\"https:\/\/x.com\/HosMilSantiago\",\"https:\/\/www.instagram.com\/hospitalmilitardesantiago\/\",\"https:\/\/www.linkedin.com\/company\/hospital-militar-de-santiago-hosmil\",\"https:\/\/www.youtube.com\/c\/HMSVIDEO\"]},{\"@type\":\"Person\",\"@id\":\"https:\/\/www.hms.cl\/#\/schema\/person\/93186034b446672703627f9ef2d767ca\",\"name\":\"Admin\",\"image\":{\"@type\":\"ImageObject\",\"inLanguage\":\"es-CL\",\"@id\":\"https:\/\/www.hms.cl\/#\/schema\/person\/image\/\",\"url\":\"https:\/\/secure.gravatar.com\/avatar\/9384d0095fd3da50dc372f84c8bcde28aac29e86759f23fd0cfb33f9820a4e50?s=96&d=mm&r=g\",\"contentUrl\":\"https:\/\/secure.gravatar.com\/avatar\/9384d0095fd3da50dc372f84c8bcde28aac29e86759f23fd0cfb33f9820a4e50?s=96&d=mm&r=g\",\"caption\":\"Admin\"},\"sameAs\":[\"http:\/\/10.10.50.51\"],\"url\":\"https:\/\/www.hms.cl\/index.php\/author\/admin\/\"}]}<\/script>\n<!-- \/ Yoast SEO plugin. -->","yoast_head_json":{"title":"SERVICIO DE URGENCIA DEL HMS SE CAPACITA EN USO DE DISPOSITIVO INTRA\u00d3SEO - Hospital Militar de Santiago","robots":{"index":"index","follow":"follow","max-snippet":"max-snippet:-1","max-image-preview":"max-image-preview:large","max-video-preview":"max-video-preview:-1"},"canonical":"https:\/\/www.hms.cl\/index.php\/2025\/07\/18\/servicio-de-urgencia-del-hms-se-capacita-en-uso-de-dispositivo-intraoseo\/","og_locale":"es_ES","og_type":"article","og_title":"SERVICIO DE URGENCIA DEL HMS SE CAPACITA EN USO DE DISPOSITIVO INTRA\u00d3SEO - Hospital Militar de Santiago","og_description":"Alrededor de\u00a020 profesionales del Servicio de Urgencia del Hospital Militar de Santiago (HMS)","og_url":"https:\/\/www.hms.cl\/index.php\/2025\/07\/18\/servicio-de-urgencia-del-hms-se-capacita-en-uso-de-dispositivo-intraoseo\/","og_site_name":"Hospital Militar de Santiago","article_publisher":"https:\/\/www.facebook.com\/hospitalmilitardesantiago","article_published_time":"2025-07-18T13:21:30+00:00","article_modified_time":"2025-07-23T13:41:25+00:00","og_image":[{"width":519,"height":444,"url":"https:\/\/www.hms.cl\/wp-content\/uploads\/2025\/07\/Capacitacion-Sua-uso-de-dispositivo-intraoseo-Portada.jpeg","type":"image\/jpeg"}],"author":"Admin","twitter_card":"summary_large_image","twitter_creator":"@HosMilSantiago","twitter_site":"@HosMilSantiago","twitter_misc":{"Escrito por":"Admin","Tiempo estimado de lectura":"3 minutos"},"schema":{"@context":"https:\/\/schema.org","@graph":[{"@type":"Article","@id":"https:\/\/www.hms.cl\/index.php\/2025\/07\/18\/servicio-de-urgencia-del-hms-se-capacita-en-uso-de-dispositivo-intraoseo\/#article","isPartOf":{"@id":"https:\/\/www.hms.cl\/index.php\/2025\/07\/18\/servicio-de-urgencia-del-hms-se-capacita-en-uso-de-dispositivo-intraoseo\/"},"author":{"name":"Admin","@id":"https:\/\/www.hms.cl\/#\/schema\/person\/93186034b446672703627f9ef2d767ca"},"headline":"SERVICIO DE URGENCIA DEL HMS SE CAPACITA EN USO DE DISPOSITIVO INTRA\u00d3SEO","datePublished":"2025-07-18T13:21:30+00:00","dateModified":"2025-07-23T13:41:25+00:00","mainEntityOfPage":{"@id":"https:\/\/www.hms.cl\/index.php\/2025\/07\/18\/servicio-de-urgencia-del-hms-se-capacita-en-uso-de-dispositivo-intraoseo\/"},"wordCount":287,"publisher":{"@id":"https:\/\/www.hms.cl\/#organization"},"image":{"@id":"https:\/\/www.hms.cl\/index.php\/2025\/07\/18\/servicio-de-urgencia-del-hms-se-capacita-en-uso-de-dispositivo-intraoseo\/#primaryimage"},"thumbnailUrl":"https:\/\/www.hms.cl\/wp-content\/uploads\/2025\/07\/Capacitacion-Sua-uso-de-dispositivo-intraoseo-Portada.jpeg","articleSection":["Noticias"],"inLanguage":"es-CL"},{"@type":"WebPage","@id":"https:\/\/www.hms.cl\/index.php\/2025\/07\/18\/servicio-de-urgencia-del-hms-se-capacita-en-uso-de-dispositivo-intraoseo\/","url":"https:\/\/www.hms.cl\/index.php\/2025\/07\/18\/servicio-de-urgencia-del-hms-se-capacita-en-uso-de-dispositivo-intraoseo\/","name":"SERVICIO DE URGENCIA DEL HMS SE CAPACITA EN USO DE DISPOSITIVO INTRA\u00d3SEO - Hospital Militar de Santiago","isPartOf":{"@id":"https:\/\/www.hms.cl\/#website"},"primaryImageOfPage":{"@id":"https:\/\/www.hms.cl\/index.php\/2025\/07\/18\/servicio-de-urgencia-del-hms-se-capacita-en-uso-de-dispositivo-intraoseo\/#primaryimage"},"image":{"@id":"https:\/\/www.hms.cl\/index.php\/2025\/07\/18\/servicio-de-urgencia-del-hms-se-capacita-en-uso-de-dispositivo-intraoseo\/#primaryimage"},"thumbnailUrl":"https:\/\/www.hms.cl\/wp-content\/uploads\/2025\/07\/Capacitacion-Sua-uso-de-dispositivo-intraoseo-Portada.jpeg","datePublished":"2025-07-18T13:21:30+00:00","dateModified":"2025-07-23T13:41:25+00:00","breadcrumb":{"@id":"https:\/\/www.hms.cl\/index.php\/2025\/07\/18\/servicio-de-urgencia-del-hms-se-capacita-en-uso-de-dispositivo-intraoseo\/#breadcrumb"},"inLanguage":"es-CL","potentialAction":[{"@type":"ReadAction","target":["https:\/\/www.hms.cl\/index.php\/2025\/07\/18\/servicio-de-urgencia-del-hms-se-capacita-en-uso-de-dispositivo-intraoseo\/"]}]},{"@type":"ImageObject","inLanguage":"es-CL","@id":"https:\/\/www.hms.cl\/index.php\/2025\/07\/18\/servicio-de-urgencia-del-hms-se-capacita-en-uso-de-dispositivo-intraoseo\/#primaryimage","url":"https:\/\/www.hms.cl\/wp-content\/uploads\/2025\/07\/Capacitacion-Sua-uso-de-dispositivo-intraoseo-Portada.jpeg","contentUrl":"https:\/\/www.hms.cl\/wp-content\/uploads\/2025\/07\/Capacitacion-Sua-uso-de-dispositivo-intraoseo-Portada.jpeg","width":519,"height":444},{"@type":"BreadcrumbList","@id":"https:\/\/www.hms.cl\/index.php\/2025\/07\/18\/servicio-de-urgencia-del-hms-se-capacita-en-uso-de-dispositivo-intraoseo\/#breadcrumb","itemListElement":[{"@type":"ListItem","position":1,"name":"Home","item":"https:\/\/www.hms.cl\/"},{"@type":"ListItem","position":2,"name":"SERVICIO DE URGENCIA DEL HMS SE CAPACITA EN USO DE DISPOSITIVO INTRA\u00d3SEO"}]},{"@type":"WebSite","@id":"https:\/\/www.hms.cl\/#website","url":"https:\/\/www.hms.cl\/","name":"Hospital Militar de Santiago","description":"","publisher":{"@id":"https:\/\/www.hms.cl\/#organization"},"potentialAction":[{"@type":"SearchAction","target":{"@type":"EntryPoint","urlTemplate":"https:\/\/www.hms.cl\/?s={search_term_string}"},"query-input":{"@type":"PropertyValueSpecification","valueRequired":true,"valueName":"search_term_string"}}],"inLanguage":"es-CL"},{"@type":"Organization","@id":"https:\/\/www.hms.cl\/#organization","name":"Hospital Militar de Santiago","url":"https:\/\/www.hms.cl\/","logo":{"@type":"ImageObject","inLanguage":"es-CL","@id":"https:\/\/www.hms.cl\/#\/schema\/logo\/image\/","url":"https:\/\/www.hms.cl\/wp-content\/uploads\/2025\/07\/Logo-Vertical-Mediano.png","contentUrl":"https:\/\/www.hms.cl\/wp-content\/uploads\/2025\/07\/Logo-Vertical-Mediano.png","width":1280,"height":720,"caption":"Hospital Militar de Santiago"},"image":{"@id":"https:\/\/www.hms.cl\/#\/schema\/logo\/image\/"},"sameAs":["https:\/\/www.facebook.com\/hospitalmilitardesantiago","https:\/\/x.com\/HosMilSantiago","https:\/\/www.instagram.com\/hospitalmilitardesantiago\/","https:\/\/www.linkedin.com\/company\/hospital-militar-de-santiago-hosmil","https:\/\/www.youtube.com\/c\/HMSVIDEO"]},{"@type":"Person","@id":"https:\/\/www.hms.cl\/#\/schema\/person\/93186034b446672703627f9ef2d767ca","name":"Admin","image":{"@type":"ImageObject","inLanguage":"es-CL","@id":"https:\/\/www.hms.cl\/#\/schema\/person\/image\/","url":"https:\/\/secure.gravatar.com\/avatar\/9384d0095fd3da50dc372f84c8bcde28aac29e86759f23fd0cfb33f9820a4e50?s=96&d=mm&r=g","contentUrl":"https:\/\/secure.gravatar.com\/avatar\/9384d0095fd3da50dc372f84c8bcde28aac29e86759f23fd0cfb33f9820a4e50?s=96&d=mm&r=g","caption":"Admin"},"sameAs":["http:\/\/10.10.50.51"],"url":"https:\/\/www.hms.cl\/index.php\/author\/admin\/"}]}},"_links":{"self":[{"href":"https:\/\/www.hms.cl\/index.php\/wp-json\/wp\/v2\/posts\/4715","targetHints":{"allow":["GET"]}}],"collection":[{"href":"https:\/\/www.hms.cl\/index.php\/wp-json\/wp\/v2\/posts"}],"about":[{"href":"https:\/\/www.hms.cl\/index.php\/wp-json\/wp\/v2\/types\/post"}],"author":[{"embeddable":true,"href":"https:\/\/www.hms.cl\/index.php\/wp-json\/wp\/v2\/users\/1"}],"replies":[{"embeddable":true,"href":"https:\/\/www.hms.cl\/index.php\/wp-json\/wp\/v2\/comments?post=4715"}],"version-history":[{"count":6,"href":"https:\/\/www.hms.cl\/index.php\/wp-json\/wp\/v2\/posts\/4715\/revisions"}],"predecessor-version":[{"id":4737,"href":"https:\/\/www.hms.cl\/index.php\/wp-json\/wp\/v2\/posts\/4715\/revisions\/4737"}],"wp:featuredmedia":[{"embeddable":true,"href":"https:\/\/www.hms.cl\/index.php\/wp-json\/wp\/v2\/media\/4726"}],"wp:attachment":[{"href":"https:\/\/www.hms.cl\/index.php\/wp-json\/wp\/v2\/media?parent=4715"}],"wp:term":[{"taxonomy":"category","embeddable":true,"href":"https:\/\/www.hms.cl\/index.php\/wp-json\/wp\/v2\/categories?post=4715"},{"taxonomy":"post_tag","embeddable":true,"href":"https:\/\/www.hms.cl\/index.php\/wp-json\/wp\/v2\/tags?post=4715"}],"curies":[{"name":"wp","href":"https:\/\/api.w.org\/{rel}","templated":true}]}}