{"id":4303,"date":"2025-07-04T14:49:03","date_gmt":"2025-07-04T18:49:03","guid":{"rendered":"http:\/\/10.10.50.51\/?p=4303"},"modified":"2025-07-07T14:53:26","modified_gmt":"2025-07-07T18:53:26","slug":"hms-celebra-sus-93-anos-de-historia-y-vocacion-al-servicio-de-la-salud","status":"publish","type":"post","link":"https:\/\/www.hms.cl\/index.php\/2025\/07\/04\/hms-celebra-sus-93-anos-de-historia-y-vocacion-al-servicio-de-la-salud\/","title":{"rendered":"HMS CELEBRA SUS 93 A\u00d1OS DE HISTORIA Y VOCACI\u00d3N AL SERVICIO DE LA SALUD"},"content":{"rendered":"\t\t<div data-elementor-type=\"wp-post\" data-elementor-id=\"4303\" class=\"elementor elementor-4303\" data-elementor-post-type=\"post\">\n\t\t\t\t<div class=\"elementor-element elementor-element-7b9f6993 e-con-full e-flex e-con e-parent\" data-id=\"7b9f6993\" data-element_type=\"container\">\n\t\t\t\t<div class=\"elementor-element elementor-element-41d6feb0 elementor-widget elementor-widget-heading\" data-id=\"41d6feb0\" data-element_type=\"widget\" data-widget_type=\"heading.default\">\n\t\t\t\t<div class=\"elementor-widget-container\">\n\t\t\t\t\t<h2 class=\"elementor-heading-title elementor-size-default\">HMS CELEBRA SUS 93 A\u00d1OS DE HISTORIA Y VOCACI\u00d3N AL SERVICIO DE LA SALUD<\/h2>\t\t\t\t<\/div>\n\t\t\t\t<\/div>\n\t\t\t\t<\/div>\n\t\t<div class=\"elementor-element elementor-element-610d3726 e-flex e-con-boxed e-con e-parent\" data-id=\"610d3726\" data-element_type=\"container\">\n\t\t\t\t\t<div class=\"e-con-inner\">\n\t\t<div class=\"elementor-element elementor-element-527c1b12 e-con-full e-flex e-con e-child\" data-id=\"527c1b12\" data-element_type=\"container\">\n\t\t\t\t<div class=\"elementor-element elementor-element-53f13f29 elementor-widget elementor-widget-text-editor\" data-id=\"53f13f29\" data-element_type=\"widget\" data-widget_type=\"text-editor.default\">\n\t\t\t\t<div class=\"elementor-widget-container\">\n\t\t\t\t\t\t\t\t\t<p>Con una ceremonia militar realizada en el hall central, el\u00a0<strong>Hospital Militar de Santiago (HMS) celebr\u00f3 su cumplea\u00f1os N\u00b093<\/strong>, junto a autoridades civiles y militares, colaboradores, pacientes y usuarios que a diario acuden a esta Instalaci\u00f3n de Salud.<\/p><p>La actividad fue presidida por el\u00a0<strong>Jefe del Estado Mayor General del Ej\u00e9rcito, General de Divisi\u00f3n Rodrigo Pino Riquelme<\/strong>, y encabezada por el Director del HMS, General de Brigada Francisco Silva Ter\u00e1n.<\/p><p>Tambi\u00e9n asistieron el Comandante de Educaci\u00f3n y Doctrina, General de Divisi\u00f3n Cristi\u00e1n Guedelhoefer Erbetta; el Contralor, General de Divisi\u00f3n Sergio Guti\u00e9rrez Sep\u00falveda; el Comandante de Operaciones Especiales, General de Divisi\u00f3n Rodrigo Marchessi Acu\u00f1a; el Comandante General del Personal, General de Divisi\u00f3n Juan Solari Vald\u00e9s; Oficiales Generales de las distintas ramas de las Fuerzas Armadas, y de Orden y Seguridad; exdirectores del hospital, as\u00ed como representantes de universidades en convenio, de la Fundaci\u00f3n de Se\u00f1oras del Ej\u00e9rcito y voluntariados del hospital.<\/p><p>Tras la entonaci\u00f3n del Himno Nacional y los honores al pabell\u00f3n patrio, el\u00a0<strong>General Silva repas\u00f3 la historia del HMS, recordando sus or\u00edgenes y el compromiso sostenido con la salud<\/strong>\u00a0de militares y civiles desde las primeras atenciones a veteranos de la Guerra del Pac\u00edfico. \u201cDurante casi un siglo hemos sido testigos de momentos de alegr\u00eda y de dolor. El camino no ha sido f\u00e1cil, pero hemos luchado d\u00eda a d\u00eda por ser un mejor lugar para sanar, para trabajar y para servir con orgullo al Ej\u00e9rcito de Chile\u201d, coment\u00f3.<\/p><p>En su discurso, tambi\u00e9n\u00a0<strong>destac\u00f3 los avances en modernizaci\u00f3n e infraestructura, como la integraci\u00f3n de cuentas cl\u00ednicas con servicios, la implementaci\u00f3n de pagos en l\u00ednea y los nuevos t\u00f3tems de autoservicio, as\u00ed como el fortalecimiento del rol docente del HMS<\/strong>, que forma a m\u00e1s de 2.000 estudiantes al a\u00f1o junto a prestigiosas casas de estudio como lo son la Universidad de Los Andes, la Universidad Andr\u00e9s Bello y la Universidad Mayor, entre otras.<\/p><p>En el marco de este nuevo aniversario, el General Silva\u00a0<strong>tuvo especiales palabras para toda la familia del HMS, civiles y militares de las distintas direcciones<\/strong>, tanto cl\u00ednicas como administrativas: \u201cGracias por su entrega diaria y su capacidad para sobreponerse a las exigencias urgentes y diversas del servicio. Todos contribuyen con compromiso, lealtad y dedicaci\u00f3n al cumplimiento exitoso de nuestro rol fundamental de ser la principal instalaci\u00f3n del sistema de salud del Ej\u00e9rcito\u201d.<\/p><p>Por su parte, el Jefe del Estado Mayor General del Ej\u00e9rcito, General de Divisi\u00f3n Rodrigo Pino Riquelme,\u00a0<strong>se hizo parte de este nuevo aniversario felicitando a todo el HMS por sus 93 a\u00f1os<\/strong> y asegurando que \u201creconocemos en todos sus integrantes un trabajo abnegado y dedicado en beneficio de lograr lo mejor para la salud de nuestro personal\u201d.<\/p><h4><strong>Entrega de Reconocimientos<\/strong><\/h4><p>Durante la ceremonia se entregaron diversos reconocimientos. Uno de ellos fue al\u00a0<strong>Suboficial (r) Justo Gonz\u00e1lez Ar\u00f3stica, paciente del HMS<\/strong>, quien vivi\u00f3 una larga y compleja recuperaci\u00f3n en el hospital a causa de una grave enfermedad.<\/p><p>\u201cEstar aqu\u00ed ya para m\u00ed es demasiado\u2026 el hospital con toda su tecnolog\u00eda, m\u00e9dicos y experiencia me ha ayudado bastante\u201d, coment\u00f3 emocionado al recibir de manos del General Silva y de la\u00a0<strong>Doctora Beatriz Comparini Fontecilla, Jefa del Departamento de Oncolog\u00eda del HMS<\/strong>, el simb\u00f3lico presente.<\/p><p>Tambi\u00e9n se distingui\u00f3 a la\u00a0<strong>Patrulla del HMS que obtuvo el primer lugar en la 4ta Competencia T\u00e9cnico Profesional para Enfermeros Militares de Combate<\/strong>\u00a0(EMCs), actividad que cont\u00f3 por primera vez con la participaci\u00f3n de equipos de la Armada de Chile, dotaci\u00f3n del Hospital Naval \u201cAlmirante Nef\u201d, y de la Fuerza A\u00e9rea, perteneciente al Hospital Cl\u00ednico \u201cGral. Dr. Ra\u00fal Yazigi Jauregui\u201d.<\/p><p>A su vez, se reconoci\u00f3 a\u00a0<strong>un grupo de colaboradores que cumplieron 10, 20 y 30 a\u00f1os de servicio. Entre ellos, el Coronel Carlos Parra Sere\u00f1o, Director de Recursos Humanos del HMS<\/strong>, quien se mostr\u00f3 agradecido y asegur\u00f3 \u201cestar celebrando un d\u00eda muy especial y de profundos sentimientos, por eso me comprometo a seguir trabajando arduamente para sacar adelante cada uno de los desaf\u00edos que me impone el HMS y el Ej\u00e9rcito de Chile\u201d.<\/p><p>Asimismo, la\u00a0<strong>Suboficial Selena Soto Salinas, enfermera militar con 30 a\u00f1os<\/strong>\u00a0de carrera en el HMS, coment\u00f3: \u201cestoy feliz de estar casi llegando al final de mi carrera y trabajar en el Servicio de Hemodinamia me permite estar en contacto diario con pacientes\u201d.<\/p><p>La ceremonia consider\u00f3 con la bendici\u00f3n del\u00a0<strong>Obispo Castrense, General de Brigada Pedro Ossand\u00f3n Buljevic. Posterior a eso, el Director del Hospital Naval, Capit\u00e1n de Nav\u00edo Luis Enrique Clavel<\/strong>, entreg\u00f3 un presente por parte de la Armada de Chile al General Silva.<\/p><p>A la vez, se destac\u00f3 la recuperaci\u00f3n oficial del Himno del HMS, con su letra y arreglo musical restaurados, que\u00a0<strong>hizo entrega el Subjefe de Banda de la Escuela Militar, Suboficial V\u00edctor Iturra Roco, junto al Cabo 2\u00b0 Gonzalo Barrera Hern\u00e1ndez<\/strong>, lo que permitir\u00e1 sea entonado en futuras ceremonias.<\/p><p>Por su parte, en una emotiva ceremonia interna que se realiz\u00f3 m\u00e1s temprano en el auditorio del HMS, la Direcci\u00f3n General del hospital distingui\u00f3 a un grupo de profesionales civiles por sus a\u00f1os de servicio cumplidos. En la ocasi\u00f3n uno de los premiados fue\u00a0<strong>Manuel G\u00f3mez Esquivel, del Departamento de Sistemas Industriales<\/strong>\u00a0y agradeci\u00f3 el reconocimiento a los 17 a\u00f1os que lleva en el HMS. \u201cSoy una persona enormemente agradecida de poder colaborar ac\u00e1 y de mi equipo de trabajo, donde me he podido desarrollar profesionalmente. Me hace muy feliz y me llena orgullo trabajar aqu\u00ed\u201d, puntualiz\u00f3.<\/p>\t\t\t\t\t\t\t\t<\/div>\n\t\t\t\t<\/div>\n\t\t\t\t<\/div>\n\t\t<div class=\"elementor-element elementor-element-31b7ebdc e-con-full e-flex e-con e-child\" data-id=\"31b7ebdc\" data-element_type=\"container\">\n\t\t\t\t<div class=\"elementor-element elementor-element-9037822 elementor-widget elementor-widget-video\" data-id=\"9037822\" data-element_type=\"widget\" data-settings=\"{&quot;youtube_url&quot;:&quot;https:\\\/\\\/youtu.be\\\/X8bTHCoCMpo&quot;,&quot;video_type&quot;:&quot;youtube&quot;,&quot;controls&quot;:&quot;yes&quot;}\" data-widget_type=\"video.default\">\n\t\t\t\t<div class=\"elementor-widget-container\">\n\t\t\t\t\t\t\t<div class=\"elementor-wrapper elementor-open-inline\">\n\t\t\t<div class=\"elementor-video\"><\/div>\t\t<\/div>\n\t\t\t\t\t\t<\/div>\n\t\t\t\t<\/div>\n\t\t\t\t<div class=\"elementor-element elementor-element-6964d1ef elementor-widget-divider--view-line elementor-widget elementor-widget-divider\" data-id=\"6964d1ef\" data-element_type=\"widget\" data-widget_type=\"divider.default\">\n\t\t\t\t<div class=\"elementor-widget-container\">\n\t\t\t\t\t\t\t<div class=\"elementor-divider\">\n\t\t\t<span class=\"elementor-divider-separator\">\n\t\t\t\t\t\t<\/span>\n\t\t<\/div>\n\t\t\t\t\t\t<\/div>\n\t\t\t\t<\/div>\n\t\t\t\t<\/div>\n\t\t\t\t\t<\/div>\n\t\t\t\t<\/div>\n\t\t<div class=\"elementor-element elementor-element-4f3afd90 e-flex e-con-boxed e-con e-parent\" data-id=\"4f3afd90\" data-element_type=\"container\">\n\t\t\t\t\t<div class=\"e-con-inner\">\n\t\t\t\t<div class=\"elementor-element elementor-element-241846a2 elementor-widget-divider--view-line elementor-widget elementor-widget-divider\" data-id=\"241846a2\" data-element_type=\"widget\" data-widget_type=\"divider.default\">\n\t\t\t\t<div class=\"elementor-widget-container\">\n\t\t\t\t\t\t\t<div class=\"elementor-divider\">\n\t\t\t<span class=\"elementor-divider-separator\">\n\t\t\t\t\t\t<\/span>\n\t\t<\/div>\n\t\t\t\t\t\t<\/div>\n\t\t\t\t<\/div>\n\t\t\t\t\t<\/div>\n\t\t\t\t<\/div>\n\t\t<div class=\"elementor-element elementor-element-ce25e1d e-flex e-con-boxed e-con e-parent\" data-id=\"ce25e1d\" data-element_type=\"container\">\n\t\t\t\t\t<div class=\"e-con-inner\">\n\t\t\t\t<div class=\"elementor-element elementor-element-776ad821 elementor-grid-3 elementor-grid-tablet-2 elementor-grid-mobile-1 elementor-posts--thumbnail-top elementor-widget elementor-widget-posts\" data-id=\"776ad821\" data-element_type=\"widget\" data-settings=\"{&quot;classic_columns&quot;:&quot;3&quot;,&quot;classic_columns_tablet&quot;:&quot;2&quot;,&quot;classic_columns_mobile&quot;:&quot;1&quot;,&quot;classic_row_gap&quot;:{&quot;unit&quot;:&quot;px&quot;,&quot;size&quot;:35,&quot;sizes&quot;:[]},&quot;classic_row_gap_tablet&quot;:{&quot;unit&quot;:&quot;px&quot;,&quot;size&quot;:&quot;&quot;,&quot;sizes&quot;:[]},&quot;classic_row_gap_mobile&quot;:{&quot;unit&quot;:&quot;px&quot;,&quot;size&quot;:&quot;&quot;,&quot;sizes&quot;:[]}}\" data-widget_type=\"posts.classic\">\n\t\t\t\t<div class=\"elementor-widget-container\">\n\t\t\t\t\t\t\t<div class=\"elementor-posts-container elementor-posts elementor-posts--skin-classic elementor-grid\" role=\"list\">\n\t\t\t\t<article class=\"elementor-post elementor-grid-item post-11528 post type-post status-publish format-standard has-post-thumbnail hentry category-noticias\" role=\"listitem\">\n\t\t\t\t<a class=\"elementor-post__thumbnail__link\" href=\"https:\/\/www.hms.cl\/index.php\/2026\/04\/24\/hms-realiza-ceremonia-de-ascenso-de-suboficiales\/\" tabindex=\"-1\" >\n\t\t\t<div class=\"elementor-post__thumbnail\"><img fetchpriority=\"high\" decoding=\"async\" width=\"2560\" height=\"1707\" src=\"https:\/\/www.hms.cl\/wp-content\/uploads\/2026\/04\/f1a.jpg-scaled.jpeg\" class=\"attachment-full size-full wp-image-11541\" alt=\"\" srcset=\"https:\/\/www.hms.cl\/wp-content\/uploads\/2026\/04\/f1a.jpg-scaled.jpeg 2560w, https:\/\/www.hms.cl\/wp-content\/uploads\/2026\/04\/f1a.jpg-300x200.jpeg 300w, https:\/\/www.hms.cl\/wp-content\/uploads\/2026\/04\/f1a.jpg-1024x683.jpeg 1024w, https:\/\/www.hms.cl\/wp-content\/uploads\/2026\/04\/f1a.jpg-768x512.jpeg 768w, https:\/\/www.hms.cl\/wp-content\/uploads\/2026\/04\/f1a.jpg-1536x1024.jpeg 1536w, https:\/\/www.hms.cl\/wp-content\/uploads\/2026\/04\/f1a.jpg-2048x1365.jpeg 2048w\" sizes=\"(max-width: 2560px) 100vw, 2560px\" \/><\/div>\n\t\t<\/a>\n\t\t\t\t<div class=\"elementor-post__text\">\n\t\t\t\t<h3 class=\"elementor-post__title\">\n\t\t\t<a href=\"https:\/\/www.hms.cl\/index.php\/2026\/04\/24\/hms-realiza-ceremonia-de-ascenso-de-suboficiales\/\" >\n\t\t\t\tHMS REALIZA CEREMONIA DE ASCENSO DE SUBOFICIALES\t\t\t<\/a>\n\t\t<\/h3>\n\t\t\t\t<div class=\"elementor-post__meta-data\">\n\t\t\t\t\t<span class=\"elementor-post-date\">\n\t\t\t24 de Abril de 2026\t\t<\/span>\n\t\t\t\t<\/div>\n\t\t\n\t\t<a class=\"elementor-post__read-more\" href=\"https:\/\/www.hms.cl\/index.php\/2026\/04\/24\/hms-realiza-ceremonia-de-ascenso-de-suboficiales\/\" aria-label=\"Read more about HMS REALIZA CEREMONIA DE ASCENSO DE SUBOFICIALES\" tabindex=\"-1\" >\n\t\t\tLeer M\u00e1s\t\t<\/a>\n\n\t\t\t\t<\/div>\n\t\t\t\t<\/article>\n\t\t\t\t<article class=\"elementor-post elementor-grid-item post-11516 post type-post status-publish format-standard has-post-thumbnail hentry category-noticias\" role=\"listitem\">\n\t\t\t\t<a class=\"elementor-post__thumbnail__link\" href=\"https:\/\/www.hms.cl\/index.php\/2026\/04\/24\/escuela-de-suboficiales-refuerza-su-compromiso-con-la-donacion-de-sangre\/\" tabindex=\"-1\" >\n\t\t\t<div class=\"elementor-post__thumbnail\"><img decoding=\"async\" width=\"519\" height=\"444\" src=\"https:\/\/www.hms.cl\/wp-content\/uploads\/2026\/04\/Donacion_Sangre_Abril_web.jpeg\" class=\"attachment-full size-full wp-image-11521\" alt=\"\" srcset=\"https:\/\/www.hms.cl\/wp-content\/uploads\/2026\/04\/Donacion_Sangre_Abril_web.jpeg 519w, https:\/\/www.hms.cl\/wp-content\/uploads\/2026\/04\/Donacion_Sangre_Abril_web-300x257.jpeg 300w\" sizes=\"(max-width: 519px) 100vw, 519px\" \/><\/div>\n\t\t<\/a>\n\t\t\t\t<div class=\"elementor-post__text\">\n\t\t\t\t<h3 class=\"elementor-post__title\">\n\t\t\t<a href=\"https:\/\/www.hms.cl\/index.php\/2026\/04\/24\/escuela-de-suboficiales-refuerza-su-compromiso-con-la-donacion-de-sangre\/\" >\n\t\t\t\tESCUELA DE SUBOFICIALES REFUERZA SU COMPROMISO CON LA DONACI\u00d3N DE SANGRE\t\t\t<\/a>\n\t\t<\/h3>\n\t\t\t\t<div class=\"elementor-post__meta-data\">\n\t\t\t\t\t<span class=\"elementor-post-date\">\n\t\t\t24 de Abril de 2026\t\t<\/span>\n\t\t\t\t<\/div>\n\t\t\n\t\t<a class=\"elementor-post__read-more\" href=\"https:\/\/www.hms.cl\/index.php\/2026\/04\/24\/escuela-de-suboficiales-refuerza-su-compromiso-con-la-donacion-de-sangre\/\" aria-label=\"Read more about ESCUELA DE SUBOFICIALES REFUERZA SU COMPROMISO CON LA DONACI\u00d3N DE SANGRE\" tabindex=\"-1\" >\n\t\t\tLeer M\u00e1s\t\t<\/a>\n\n\t\t\t\t<\/div>\n\t\t\t\t<\/article>\n\t\t\t\t<article class=\"elementor-post elementor-grid-item post-11469 post type-post status-publish format-standard has-post-thumbnail hentry category-noticias\" role=\"listitem\">\n\t\t\t\t<a class=\"elementor-post__thumbnail__link\" href=\"https:\/\/www.hms.cl\/index.php\/2026\/04\/17\/hms-fortalece-su-liderazgo-en-trauma-jefe-de-urgencias-asume-presidencia-del-comite-de-trauma-chile\/\" tabindex=\"-1\" >\n\t\t\t<div class=\"elementor-post__thumbnail\"><img decoding=\"async\" width=\"984\" height=\"680\" src=\"https:\/\/www.hms.cl\/wp-content\/uploads\/2026\/04\/Cambio-de-Mando-Chaiman-COT-Chile.png\" class=\"attachment-full size-full wp-image-11475\" alt=\"\" srcset=\"https:\/\/www.hms.cl\/wp-content\/uploads\/2026\/04\/Cambio-de-Mando-Chaiman-COT-Chile.png 984w, https:\/\/www.hms.cl\/wp-content\/uploads\/2026\/04\/Cambio-de-Mando-Chaiman-COT-Chile-300x207.png 300w, https:\/\/www.hms.cl\/wp-content\/uploads\/2026\/04\/Cambio-de-Mando-Chaiman-COT-Chile-768x531.png 768w\" sizes=\"(max-width: 984px) 100vw, 984px\" \/><\/div>\n\t\t<\/a>\n\t\t\t\t<div class=\"elementor-post__text\">\n\t\t\t\t<h3 class=\"elementor-post__title\">\n\t\t\t<a href=\"https:\/\/www.hms.cl\/index.php\/2026\/04\/17\/hms-fortalece-su-liderazgo-en-trauma-jefe-de-urgencias-asume-presidencia-del-comite-de-trauma-chile\/\" >\n\t\t\t\tHMS FORTALECE SU LIDERAZGO EN TRAUMA: JEFE DE URGENCIAS ASUME PRESIDENCIA DEL COMIT\u00c9 DE TRAUMA-CHILE\t\t\t<\/a>\n\t\t<\/h3>\n\t\t\t\t<div class=\"elementor-post__meta-data\">\n\t\t\t\t\t<span class=\"elementor-post-date\">\n\t\t\t17 de Abril de 2026\t\t<\/span>\n\t\t\t\t<\/div>\n\t\t\n\t\t<a class=\"elementor-post__read-more\" href=\"https:\/\/www.hms.cl\/index.php\/2026\/04\/17\/hms-fortalece-su-liderazgo-en-trauma-jefe-de-urgencias-asume-presidencia-del-comite-de-trauma-chile\/\" aria-label=\"Read more about HMS FORTALECE SU LIDERAZGO EN TRAUMA: JEFE DE URGENCIAS ASUME PRESIDENCIA DEL COMIT\u00c9 DE TRAUMA-CHILE\" tabindex=\"-1\" >\n\t\t\tLeer M\u00e1s\t\t<\/a>\n\n\t\t\t\t<\/div>\n\t\t\t\t<\/article>\n\t\t\t\t<\/div>\n\t\t\n\t\t\t\t\t\t<\/div>\n\t\t\t\t<\/div>\n\t\t\t\t\t<\/div>\n\t\t\t\t<\/div>\n\t\t\t\t<\/div>\n\t\t","protected":false},"excerpt":{"rendered":"<p>Con una ceremonia militar realizada en el hall central, el\u00a0Hospital Militar de Santiago (HMS)<\/p>\n","protected":false},"author":1,"featured_media":4304,"comment_status":"closed","ping_status":"open","sticky":false,"template":"","format":"standard","meta":{"footnotes":""},"categories":[8],"tags":[],"class_list":["post-4303","post","type-post","status-publish","format-standard","has-post-thumbnail","hentry","category-noticias"],"yoast_head":"<!-- This site is optimized with the Yoast SEO plugin v25.6 - https:\/\/yoast.com\/wordpress\/plugins\/seo\/ -->\n<title>HMS CELEBRA SUS 93 A\u00d1OS DE HISTORIA Y VOCACI\u00d3N AL SERVICIO DE LA SALUD - Hospital Militar de Santiago<\/title>\n<meta name=\"robots\" content=\"index, follow, max-snippet:-1, max-image-preview:large, max-video-preview:-1\" \/>\n<link rel=\"canonical\" href=\"https:\/\/www.hms.cl\/index.php\/2025\/07\/04\/hms-celebra-sus-93-anos-de-historia-y-vocacion-al-servicio-de-la-salud\/\" \/>\n<meta property=\"og:locale\" content=\"es_ES\" \/>\n<meta property=\"og:type\" content=\"article\" \/>\n<meta property=\"og:title\" content=\"HMS CELEBRA SUS 93 A\u00d1OS DE HISTORIA Y VOCACI\u00d3N AL SERVICIO DE LA SALUD - Hospital Militar de Santiago\" \/>\n<meta property=\"og:description\" content=\"Con una ceremonia militar realizada en el hall central, el\u00a0Hospital Militar de Santiago (HMS)\" \/>\n<meta property=\"og:url\" content=\"https:\/\/www.hms.cl\/index.php\/2025\/07\/04\/hms-celebra-sus-93-anos-de-historia-y-vocacion-al-servicio-de-la-salud\/\" \/>\n<meta property=\"og:site_name\" content=\"Hospital Militar de Santiago\" \/>\n<meta property=\"article:publisher\" content=\"https:\/\/www.facebook.com\/hospitalmilitardesantiago\" \/>\n<meta property=\"article:published_time\" content=\"2025-07-04T18:49:03+00:00\" \/>\n<meta property=\"article:modified_time\" content=\"2025-07-07T18:53:26+00:00\" \/>\n<meta property=\"og:image\" content=\"https:\/\/www.hms.cl\/wp-content\/uploads\/2025\/07\/HMS-Celebre-sus-93-Anos-de-Historia-y-Vocacion.png\" \/>\n\t<meta property=\"og:image:width\" content=\"519\" \/>\n\t<meta property=\"og:image:height\" content=\"444\" \/>\n\t<meta property=\"og:image:type\" content=\"image\/png\" \/>\n<meta name=\"author\" content=\"Admin\" \/>\n<meta name=\"twitter:card\" content=\"summary_large_image\" \/>\n<meta name=\"twitter:creator\" content=\"@HosMilSantiago\" \/>\n<meta name=\"twitter:site\" content=\"@HosMilSantiago\" \/>\n<meta name=\"twitter:label1\" content=\"Escrito por\" \/>\n\t<meta name=\"twitter:data1\" content=\"Admin\" \/>\n\t<meta name=\"twitter:label2\" content=\"Tiempo estimado de lectura\" \/>\n\t<meta name=\"twitter:data2\" content=\"5 minutos\" \/>\n<script type=\"application\/ld+json\" class=\"yoast-schema-graph\">{\"@context\":\"https:\/\/schema.org\",\"@graph\":[{\"@type\":\"Article\",\"@id\":\"https:\/\/www.hms.cl\/index.php\/2025\/07\/04\/hms-celebra-sus-93-anos-de-historia-y-vocacion-al-servicio-de-la-salud\/#article\",\"isPartOf\":{\"@id\":\"https:\/\/www.hms.cl\/index.php\/2025\/07\/04\/hms-celebra-sus-93-anos-de-historia-y-vocacion-al-servicio-de-la-salud\/\"},\"author\":{\"name\":\"Admin\",\"@id\":\"https:\/\/www.hms.cl\/#\/schema\/person\/93186034b446672703627f9ef2d767ca\"},\"headline\":\"HMS CELEBRA SUS 93 A\u00d1OS DE HISTORIA Y VOCACI\u00d3N AL SERVICIO DE LA SALUD\",\"datePublished\":\"2025-07-04T18:49:03+00:00\",\"dateModified\":\"2025-07-07T18:53:26+00:00\",\"mainEntityOfPage\":{\"@id\":\"https:\/\/www.hms.cl\/index.php\/2025\/07\/04\/hms-celebra-sus-93-anos-de-historia-y-vocacion-al-servicio-de-la-salud\/\"},\"wordCount\":985,\"publisher\":{\"@id\":\"https:\/\/www.hms.cl\/#organization\"},\"image\":{\"@id\":\"https:\/\/www.hms.cl\/index.php\/2025\/07\/04\/hms-celebra-sus-93-anos-de-historia-y-vocacion-al-servicio-de-la-salud\/#primaryimage\"},\"thumbnailUrl\":\"https:\/\/www.hms.cl\/wp-content\/uploads\/2025\/07\/HMS-Celebre-sus-93-Anos-de-Historia-y-Vocacion.png\",\"articleSection\":[\"Noticias\"],\"inLanguage\":\"es-CL\"},{\"@type\":\"WebPage\",\"@id\":\"https:\/\/www.hms.cl\/index.php\/2025\/07\/04\/hms-celebra-sus-93-anos-de-historia-y-vocacion-al-servicio-de-la-salud\/\",\"url\":\"https:\/\/www.hms.cl\/index.php\/2025\/07\/04\/hms-celebra-sus-93-anos-de-historia-y-vocacion-al-servicio-de-la-salud\/\",\"name\":\"HMS CELEBRA SUS 93 A\u00d1OS DE HISTORIA Y VOCACI\u00d3N AL SERVICIO DE LA SALUD - Hospital Militar de Santiago\",\"isPartOf\":{\"@id\":\"https:\/\/www.hms.cl\/#website\"},\"primaryImageOfPage\":{\"@id\":\"https:\/\/www.hms.cl\/index.php\/2025\/07\/04\/hms-celebra-sus-93-anos-de-historia-y-vocacion-al-servicio-de-la-salud\/#primaryimage\"},\"image\":{\"@id\":\"https:\/\/www.hms.cl\/index.php\/2025\/07\/04\/hms-celebra-sus-93-anos-de-historia-y-vocacion-al-servicio-de-la-salud\/#primaryimage\"},\"thumbnailUrl\":\"https:\/\/www.hms.cl\/wp-content\/uploads\/2025\/07\/HMS-Celebre-sus-93-Anos-de-Historia-y-Vocacion.png\",\"datePublished\":\"2025-07-04T18:49:03+00:00\",\"dateModified\":\"2025-07-07T18:53:26+00:00\",\"breadcrumb\":{\"@id\":\"https:\/\/www.hms.cl\/index.php\/2025\/07\/04\/hms-celebra-sus-93-anos-de-historia-y-vocacion-al-servicio-de-la-salud\/#breadcrumb\"},\"inLanguage\":\"es-CL\",\"potentialAction\":[{\"@type\":\"ReadAction\",\"target\":[\"https:\/\/www.hms.cl\/index.php\/2025\/07\/04\/hms-celebra-sus-93-anos-de-historia-y-vocacion-al-servicio-de-la-salud\/\"]}]},{\"@type\":\"ImageObject\",\"inLanguage\":\"es-CL\",\"@id\":\"https:\/\/www.hms.cl\/index.php\/2025\/07\/04\/hms-celebra-sus-93-anos-de-historia-y-vocacion-al-servicio-de-la-salud\/#primaryimage\",\"url\":\"https:\/\/www.hms.cl\/wp-content\/uploads\/2025\/07\/HMS-Celebre-sus-93-Anos-de-Historia-y-Vocacion.png\",\"contentUrl\":\"https:\/\/www.hms.cl\/wp-content\/uploads\/2025\/07\/HMS-Celebre-sus-93-Anos-de-Historia-y-Vocacion.png\",\"width\":519,\"height\":444},{\"@type\":\"BreadcrumbList\",\"@id\":\"https:\/\/www.hms.cl\/index.php\/2025\/07\/04\/hms-celebra-sus-93-anos-de-historia-y-vocacion-al-servicio-de-la-salud\/#breadcrumb\",\"itemListElement\":[{\"@type\":\"ListItem\",\"position\":1,\"name\":\"Home\",\"item\":\"https:\/\/www.hms.cl\/\"},{\"@type\":\"ListItem\",\"position\":2,\"name\":\"HMS CELEBRA SUS 93 A\u00d1OS DE HISTORIA Y VOCACI\u00d3N AL SERVICIO DE LA SALUD\"}]},{\"@type\":\"WebSite\",\"@id\":\"https:\/\/www.hms.cl\/#website\",\"url\":\"https:\/\/www.hms.cl\/\",\"name\":\"Hospital Militar de Santiago\",\"description\":\"\",\"publisher\":{\"@id\":\"https:\/\/www.hms.cl\/#organization\"},\"potentialAction\":[{\"@type\":\"SearchAction\",\"target\":{\"@type\":\"EntryPoint\",\"urlTemplate\":\"https:\/\/www.hms.cl\/?s={search_term_string}\"},\"query-input\":{\"@type\":\"PropertyValueSpecification\",\"valueRequired\":true,\"valueName\":\"search_term_string\"}}],\"inLanguage\":\"es-CL\"},{\"@type\":\"Organization\",\"@id\":\"https:\/\/www.hms.cl\/#organization\",\"name\":\"Hospital Militar de Santiago\",\"url\":\"https:\/\/www.hms.cl\/\",\"logo\":{\"@type\":\"ImageObject\",\"inLanguage\":\"es-CL\",\"@id\":\"https:\/\/www.hms.cl\/#\/schema\/logo\/image\/\",\"url\":\"https:\/\/www.hms.cl\/wp-content\/uploads\/2025\/07\/Logo-Vertical-Mediano.png\",\"contentUrl\":\"https:\/\/www.hms.cl\/wp-content\/uploads\/2025\/07\/Logo-Vertical-Mediano.png\",\"width\":1280,\"height\":720,\"caption\":\"Hospital Militar de Santiago\"},\"image\":{\"@id\":\"https:\/\/www.hms.cl\/#\/schema\/logo\/image\/\"},\"sameAs\":[\"https:\/\/www.facebook.com\/hospitalmilitardesantiago\",\"https:\/\/x.com\/HosMilSantiago\",\"https:\/\/www.instagram.com\/hospitalmilitardesantiago\/\",\"https:\/\/www.linkedin.com\/company\/hospital-militar-de-santiago-hosmil\",\"https:\/\/www.youtube.com\/c\/HMSVIDEO\"]},{\"@type\":\"Person\",\"@id\":\"https:\/\/www.hms.cl\/#\/schema\/person\/93186034b446672703627f9ef2d767ca\",\"name\":\"Admin\",\"image\":{\"@type\":\"ImageObject\",\"inLanguage\":\"es-CL\",\"@id\":\"https:\/\/www.hms.cl\/#\/schema\/person\/image\/\",\"url\":\"https:\/\/secure.gravatar.com\/avatar\/9384d0095fd3da50dc372f84c8bcde28aac29e86759f23fd0cfb33f9820a4e50?s=96&d=mm&r=g\",\"contentUrl\":\"https:\/\/secure.gravatar.com\/avatar\/9384d0095fd3da50dc372f84c8bcde28aac29e86759f23fd0cfb33f9820a4e50?s=96&d=mm&r=g\",\"caption\":\"Admin\"},\"sameAs\":[\"http:\/\/10.10.50.51\"],\"url\":\"https:\/\/www.hms.cl\/index.php\/author\/admin\/\"}]}<\/script>\n<!-- \/ Yoast SEO plugin. -->","yoast_head_json":{"title":"HMS CELEBRA SUS 93 A\u00d1OS DE HISTORIA Y VOCACI\u00d3N AL SERVICIO DE LA SALUD - Hospital Militar de Santiago","robots":{"index":"index","follow":"follow","max-snippet":"max-snippet:-1","max-image-preview":"max-image-preview:large","max-video-preview":"max-video-preview:-1"},"canonical":"https:\/\/www.hms.cl\/index.php\/2025\/07\/04\/hms-celebra-sus-93-anos-de-historia-y-vocacion-al-servicio-de-la-salud\/","og_locale":"es_ES","og_type":"article","og_title":"HMS CELEBRA SUS 93 A\u00d1OS DE HISTORIA Y VOCACI\u00d3N AL SERVICIO DE LA SALUD - Hospital Militar de Santiago","og_description":"Con una ceremonia militar realizada en el hall central, el\u00a0Hospital Militar de Santiago (HMS)","og_url":"https:\/\/www.hms.cl\/index.php\/2025\/07\/04\/hms-celebra-sus-93-anos-de-historia-y-vocacion-al-servicio-de-la-salud\/","og_site_name":"Hospital Militar de Santiago","article_publisher":"https:\/\/www.facebook.com\/hospitalmilitardesantiago","article_published_time":"2025-07-04T18:49:03+00:00","article_modified_time":"2025-07-07T18:53:26+00:00","og_image":[{"width":519,"height":444,"url":"https:\/\/www.hms.cl\/wp-content\/uploads\/2025\/07\/HMS-Celebre-sus-93-Anos-de-Historia-y-Vocacion.png","type":"image\/png"}],"author":"Admin","twitter_card":"summary_large_image","twitter_creator":"@HosMilSantiago","twitter_site":"@HosMilSantiago","twitter_misc":{"Escrito por":"Admin","Tiempo estimado de lectura":"5 minutos"},"schema":{"@context":"https:\/\/schema.org","@graph":[{"@type":"Article","@id":"https:\/\/www.hms.cl\/index.php\/2025\/07\/04\/hms-celebra-sus-93-anos-de-historia-y-vocacion-al-servicio-de-la-salud\/#article","isPartOf":{"@id":"https:\/\/www.hms.cl\/index.php\/2025\/07\/04\/hms-celebra-sus-93-anos-de-historia-y-vocacion-al-servicio-de-la-salud\/"},"author":{"name":"Admin","@id":"https:\/\/www.hms.cl\/#\/schema\/person\/93186034b446672703627f9ef2d767ca"},"headline":"HMS CELEBRA SUS 93 A\u00d1OS DE HISTORIA Y VOCACI\u00d3N AL SERVICIO DE LA SALUD","datePublished":"2025-07-04T18:49:03+00:00","dateModified":"2025-07-07T18:53:26+00:00","mainEntityOfPage":{"@id":"https:\/\/www.hms.cl\/index.php\/2025\/07\/04\/hms-celebra-sus-93-anos-de-historia-y-vocacion-al-servicio-de-la-salud\/"},"wordCount":985,"publisher":{"@id":"https:\/\/www.hms.cl\/#organization"},"image":{"@id":"https:\/\/www.hms.cl\/index.php\/2025\/07\/04\/hms-celebra-sus-93-anos-de-historia-y-vocacion-al-servicio-de-la-salud\/#primaryimage"},"thumbnailUrl":"https:\/\/www.hms.cl\/wp-content\/uploads\/2025\/07\/HMS-Celebre-sus-93-Anos-de-Historia-y-Vocacion.png","articleSection":["Noticias"],"inLanguage":"es-CL"},{"@type":"WebPage","@id":"https:\/\/www.hms.cl\/index.php\/2025\/07\/04\/hms-celebra-sus-93-anos-de-historia-y-vocacion-al-servicio-de-la-salud\/","url":"https:\/\/www.hms.cl\/index.php\/2025\/07\/04\/hms-celebra-sus-93-anos-de-historia-y-vocacion-al-servicio-de-la-salud\/","name":"HMS CELEBRA SUS 93 A\u00d1OS DE HISTORIA Y VOCACI\u00d3N AL SERVICIO DE LA SALUD - Hospital Militar de Santiago","isPartOf":{"@id":"https:\/\/www.hms.cl\/#website"},"primaryImageOfPage":{"@id":"https:\/\/www.hms.cl\/index.php\/2025\/07\/04\/hms-celebra-sus-93-anos-de-historia-y-vocacion-al-servicio-de-la-salud\/#primaryimage"},"image":{"@id":"https:\/\/www.hms.cl\/index.php\/2025\/07\/04\/hms-celebra-sus-93-anos-de-historia-y-vocacion-al-servicio-de-la-salud\/#primaryimage"},"thumbnailUrl":"https:\/\/www.hms.cl\/wp-content\/uploads\/2025\/07\/HMS-Celebre-sus-93-Anos-de-Historia-y-Vocacion.png","datePublished":"2025-07-04T18:49:03+00:00","dateModified":"2025-07-07T18:53:26+00:00","breadcrumb":{"@id":"https:\/\/www.hms.cl\/index.php\/2025\/07\/04\/hms-celebra-sus-93-anos-de-historia-y-vocacion-al-servicio-de-la-salud\/#breadcrumb"},"inLanguage":"es-CL","potentialAction":[{"@type":"ReadAction","target":["https:\/\/www.hms.cl\/index.php\/2025\/07\/04\/hms-celebra-sus-93-anos-de-historia-y-vocacion-al-servicio-de-la-salud\/"]}]},{"@type":"ImageObject","inLanguage":"es-CL","@id":"https:\/\/www.hms.cl\/index.php\/2025\/07\/04\/hms-celebra-sus-93-anos-de-historia-y-vocacion-al-servicio-de-la-salud\/#primaryimage","url":"https:\/\/www.hms.cl\/wp-content\/uploads\/2025\/07\/HMS-Celebre-sus-93-Anos-de-Historia-y-Vocacion.png","contentUrl":"https:\/\/www.hms.cl\/wp-content\/uploads\/2025\/07\/HMS-Celebre-sus-93-Anos-de-Historia-y-Vocacion.png","width":519,"height":444},{"@type":"BreadcrumbList","@id":"https:\/\/www.hms.cl\/index.php\/2025\/07\/04\/hms-celebra-sus-93-anos-de-historia-y-vocacion-al-servicio-de-la-salud\/#breadcrumb","itemListElement":[{"@type":"ListItem","position":1,"name":"Home","item":"https:\/\/www.hms.cl\/"},{"@type":"ListItem","position":2,"name":"HMS CELEBRA SUS 93 A\u00d1OS DE HISTORIA Y VOCACI\u00d3N AL SERVICIO DE LA SALUD"}]},{"@type":"WebSite","@id":"https:\/\/www.hms.cl\/#website","url":"https:\/\/www.hms.cl\/","name":"Hospital Militar de Santiago","description":"","publisher":{"@id":"https:\/\/www.hms.cl\/#organization"},"potentialAction":[{"@type":"SearchAction","target":{"@type":"EntryPoint","urlTemplate":"https:\/\/www.hms.cl\/?s={search_term_string}"},"query-input":{"@type":"PropertyValueSpecification","valueRequired":true,"valueName":"search_term_string"}}],"inLanguage":"es-CL"},{"@type":"Organization","@id":"https:\/\/www.hms.cl\/#organization","name":"Hospital Militar de Santiago","url":"https:\/\/www.hms.cl\/","logo":{"@type":"ImageObject","inLanguage":"es-CL","@id":"https:\/\/www.hms.cl\/#\/schema\/logo\/image\/","url":"https:\/\/www.hms.cl\/wp-content\/uploads\/2025\/07\/Logo-Vertical-Mediano.png","contentUrl":"https:\/\/www.hms.cl\/wp-content\/uploads\/2025\/07\/Logo-Vertical-Mediano.png","width":1280,"height":720,"caption":"Hospital Militar de Santiago"},"image":{"@id":"https:\/\/www.hms.cl\/#\/schema\/logo\/image\/"},"sameAs":["https:\/\/www.facebook.com\/hospitalmilitardesantiago","https:\/\/x.com\/HosMilSantiago","https:\/\/www.instagram.com\/hospitalmilitardesantiago\/","https:\/\/www.linkedin.com\/company\/hospital-militar-de-santiago-hosmil","https:\/\/www.youtube.com\/c\/HMSVIDEO"]},{"@type":"Person","@id":"https:\/\/www.hms.cl\/#\/schema\/person\/93186034b446672703627f9ef2d767ca","name":"Admin","image":{"@type":"ImageObject","inLanguage":"es-CL","@id":"https:\/\/www.hms.cl\/#\/schema\/person\/image\/","url":"https:\/\/secure.gravatar.com\/avatar\/9384d0095fd3da50dc372f84c8bcde28aac29e86759f23fd0cfb33f9820a4e50?s=96&d=mm&r=g","contentUrl":"https:\/\/secure.gravatar.com\/avatar\/9384d0095fd3da50dc372f84c8bcde28aac29e86759f23fd0cfb33f9820a4e50?s=96&d=mm&r=g","caption":"Admin"},"sameAs":["http:\/\/10.10.50.51"],"url":"https:\/\/www.hms.cl\/index.php\/author\/admin\/"}]}},"_links":{"self":[{"href":"https:\/\/www.hms.cl\/index.php\/wp-json\/wp\/v2\/posts\/4303","targetHints":{"allow":["GET"]}}],"collection":[{"href":"https:\/\/www.hms.cl\/index.php\/wp-json\/wp\/v2\/posts"}],"about":[{"href":"https:\/\/www.hms.cl\/index.php\/wp-json\/wp\/v2\/types\/post"}],"author":[{"embeddable":true,"href":"https:\/\/www.hms.cl\/index.php\/wp-json\/wp\/v2\/users\/1"}],"replies":[{"embeddable":true,"href":"https:\/\/www.hms.cl\/index.php\/wp-json\/wp\/v2\/comments?post=4303"}],"version-history":[{"count":6,"href":"https:\/\/www.hms.cl\/index.php\/wp-json\/wp\/v2\/posts\/4303\/revisions"}],"predecessor-version":[{"id":4310,"href":"https:\/\/www.hms.cl\/index.php\/wp-json\/wp\/v2\/posts\/4303\/revisions\/4310"}],"wp:featuredmedia":[{"embeddable":true,"href":"https:\/\/www.hms.cl\/index.php\/wp-json\/wp\/v2\/media\/4304"}],"wp:attachment":[{"href":"https:\/\/www.hms.cl\/index.php\/wp-json\/wp\/v2\/media?parent=4303"}],"wp:term":[{"taxonomy":"category","embeddable":true,"href":"https:\/\/www.hms.cl\/index.php\/wp-json\/wp\/v2\/categories?post=4303"},{"taxonomy":"post_tag","embeddable":true,"href":"https:\/\/www.hms.cl\/index.php\/wp-json\/wp\/v2\/tags?post=4303"}],"curies":[{"name":"wp","href":"https:\/\/api.w.org\/{rel}","templated":true}]}}