{"id":3323,"date":"2024-04-30T10:00:50","date_gmt":"2024-04-30T13:00:50","guid":{"rendered":"http:\/\/10.10.50.51\/?p=3323"},"modified":"2025-06-26T16:49:18","modified_gmt":"2025-06-26T19:49:18","slug":"ejercicio-de-evacuacion-aerosanitaria-en-el-ejercito","status":"publish","type":"post","link":"https:\/\/www.hms.cl\/index.php\/2024\/04\/30\/ejercicio-de-evacuacion-aerosanitaria-en-el-ejercito\/","title":{"rendered":"EJERCICIO DE EVACUACI\u00d3N AEROSANITARIA EN EL EJ\u00c9RCITO"},"content":{"rendered":"\t\t<div data-elementor-type=\"wp-post\" data-elementor-id=\"3323\" class=\"elementor elementor-3323\" data-elementor-post-type=\"post\">\n\t\t\t\t<div class=\"elementor-element elementor-element-c4cb1fc e-con-full e-flex e-con e-parent\" data-id=\"c4cb1fc\" data-element_type=\"container\">\n\t\t\t\t<div class=\"elementor-element elementor-element-6b3e1136 elementor-widget elementor-widget-heading\" data-id=\"6b3e1136\" data-element_type=\"widget\" data-widget_type=\"heading.default\">\n\t\t\t\t<div class=\"elementor-widget-container\">\n\t\t\t\t\t<h2 class=\"elementor-heading-title elementor-size-default\">EJERCICIO DE EVACUACI\u00d3N AEROSANITARIA EN EL EJ\u00c9RCITO<\/h2>\t\t\t\t<\/div>\n\t\t\t\t<\/div>\n\t\t\t\t<\/div>\n\t\t<div class=\"elementor-element elementor-element-e5e4819 e-flex e-con-boxed e-con e-parent\" data-id=\"e5e4819\" data-element_type=\"container\">\n\t\t\t\t\t<div class=\"e-con-inner\">\n\t\t<div class=\"elementor-element elementor-element-d106a5f e-con-full e-flex e-con e-child\" data-id=\"d106a5f\" data-element_type=\"container\">\n\t\t\t\t<div class=\"elementor-element elementor-element-6df2a6e7 elementor-widget elementor-widget-text-editor\" data-id=\"6df2a6e7\" data-element_type=\"widget\" data-widget_type=\"text-editor.default\">\n\t\t\t\t<div class=\"elementor-widget-container\">\n\t\t\t\t\t\t\t\t\t<p>Con el\u00a0<strong>prop\u00f3sito de mantener capacitado y operativo al personal que participa en una evacuaci\u00f3n aerosanitaria<\/strong>, se llev\u00f3 a cabo un ejercicio de simulaci\u00f3n a trav\u00e9s de la coordinaci\u00f3n entre la Jefatura de Instalaciones de Salud (JIS), la Brigada de Aviaci\u00f3n del Ej\u00e9rcito (BAVE) y el Hospital Militar de Santiago (HMS).<\/p><p>La simulaci\u00f3n,\u00a0<strong>dispuesta por la Divisi\u00f3n de Salud del Ej\u00e9rcito, consisti\u00f3 en trasladar a un paciente cr\u00edtico<\/strong>, desde la ciudad de Antofagasta, hasta la BAVE, en Rancagua, y desde ah\u00ed transportarlo en un Helic\u00f3ptero AS 532 Cougar al helipuerto del HMS, para que fuera atendido en el Servicio de Urgencia de este establecimiento de salud.<\/p><p>Como se\u00f1ala el\u00a0<strong>Mayor Rodrigo O\u00b4Brien, Piloto de la BAVE, uno de los objetivos del simulacro fue \u201ccomprobar los tiempos y efectividad de la nueva camilla \u2018Spectrum\u2019<\/strong>\u00a0que cuenta la BAVE para los helic\u00f3pteros Cougar\u201d. Agreg\u00f3 que se busc\u00f3 evidenciar el trabajo mancomunado entre el personal de sanidad, las tripulaciones de vuelo y el trabajo que se realiza al interior de la aeronave con un paciente de estado cr\u00edtico.<\/p><p>Por su parte, la\u00a0<strong>Capit\u00e1n (OSS) Mery Grassau, Doctora de la Macrozona de Salud \u201cRancagua\u201d<\/strong>, coment\u00f3 que los tiempos que ten\u00edamos presupuestado para realizar el ejercicio se han cumplido, no hemos tenido falla en los cambios de tripulaciones.<\/p><p>Es as\u00ed que la simulaci\u00f3n pudo\u00a0<strong>comprobar las capacidades que tiene el Ej\u00e9rcito para trasladar y atender pacientes de extrema gravedad<\/strong>, junto con evidenciar que el HMS, como la instalaci\u00f3n de salud m\u00e1s importante del Ej\u00e9rcito, se reafirma como una organizaci\u00f3n sanitaria referente entre las Fuerzas Armadas del pa\u00eds.<\/p><p>En esta l\u00ednea, el\u00a0<strong>Doctor Helmuth Schweizer Hern\u00e1ndez, Jefe del Servicio de Urgencia del HMS<\/strong>, resalta que a trav\u00e9s del ejercicio se pudo comprobar la polivalencia del Hospital Militar, en cuanto a su capacidad de recibir a un paciente las 24 horas, los 7 d\u00edas a la semana. \u201cTenemos la capacidad de solucionar pr\u00e1cticamente casi todas las patolog\u00edas con el personal m\u00e9dico, de enfermer\u00eda y especialistas que tiene el HMS\u2026 este ejercicio fue una prueba de las capacidades que tiene la Instituci\u00f3n para poder hacer una evacuaci\u00f3n de un paciente grave, desde cualquier lugar de Chile\u201d, asegur\u00f3 Schweizer.<\/p><p>El especialista destac\u00f3 la\u00a0<strong>importante interacci\u00f3n que se desarroll\u00f3 entre el personal de las diferentes organizaciones que intervinieron en el ejercicio:<\/strong>\u00a0\u201clos de la BAVE, con sus capacidades de aviones y helic\u00f3pteros modernos y r\u00e1pidos, con personal entrenado. Con el hospital de Antofagasta, la BAVE y el personal del HMS que recibe al enfermo en el helipuerto y es trasladado al box de reanimaci\u00f3n del servicio de urgencia\u201d.<\/p><p>Finalmente, para el\u00a0<strong>Jefe del Servicio de Urgencia del HMS, todo esto es una prueba y una \u201csatisfacci\u00f3n ver que la evacuaci\u00f3n, la recepci\u00f3n y el resultado final del ejercicio demostr\u00f3 que tenemos las capacidades estrat\u00e9gicas de atender enfermos graves que vengan de cualquier lugar de Chile\u201d.<\/strong><\/p>\t\t\t\t\t\t\t\t<\/div>\n\t\t\t\t<\/div>\n\t\t\t\t<\/div>\n\t\t<div class=\"elementor-element elementor-element-1824514f e-con-full e-flex e-con e-child\" data-id=\"1824514f\" data-element_type=\"container\">\n\t\t\t\t<div class=\"elementor-element elementor-element-e82f61e elementor-widget elementor-widget-video\" data-id=\"e82f61e\" data-element_type=\"widget\" data-settings=\"{&quot;youtube_url&quot;:&quot;https:\\\/\\\/youtu.be\\\/-XdNeV1VMHo&quot;,&quot;video_type&quot;:&quot;youtube&quot;,&quot;controls&quot;:&quot;yes&quot;}\" data-widget_type=\"video.default\">\n\t\t\t\t<div class=\"elementor-widget-container\">\n\t\t\t\t\t\t\t<div class=\"elementor-wrapper elementor-open-inline\">\n\t\t\t<div class=\"elementor-video\"><\/div>\t\t<\/div>\n\t\t\t\t\t\t<\/div>\n\t\t\t\t<\/div>\n\t\t\t\t<div class=\"elementor-element elementor-element-2dedef25 elementor-widget-divider--view-line elementor-widget elementor-widget-divider\" data-id=\"2dedef25\" data-element_type=\"widget\" data-widget_type=\"divider.default\">\n\t\t\t\t<div class=\"elementor-widget-container\">\n\t\t\t\t\t\t\t<div class=\"elementor-divider\">\n\t\t\t<span class=\"elementor-divider-separator\">\n\t\t\t\t\t\t<\/span>\n\t\t<\/div>\n\t\t\t\t\t\t<\/div>\n\t\t\t\t<\/div>\n\t\t\t\t<\/div>\n\t\t\t\t\t<\/div>\n\t\t\t\t<\/div>\n\t\t<div class=\"elementor-element elementor-element-7b7b99b6 e-flex e-con-boxed e-con e-parent\" data-id=\"7b7b99b6\" data-element_type=\"container\">\n\t\t\t\t\t<div class=\"e-con-inner\">\n\t\t\t\t<div class=\"elementor-element elementor-element-161c918 elementor-widget-divider--view-line elementor-widget elementor-widget-divider\" data-id=\"161c918\" data-element_type=\"widget\" data-widget_type=\"divider.default\">\n\t\t\t\t<div class=\"elementor-widget-container\">\n\t\t\t\t\t\t\t<div class=\"elementor-divider\">\n\t\t\t<span class=\"elementor-divider-separator\">\n\t\t\t\t\t\t<\/span>\n\t\t<\/div>\n\t\t\t\t\t\t<\/div>\n\t\t\t\t<\/div>\n\t\t\t\t\t<\/div>\n\t\t\t\t<\/div>\n\t\t<div class=\"elementor-element elementor-element-2022b12c e-flex e-con-boxed e-con e-parent\" data-id=\"2022b12c\" data-element_type=\"container\">\n\t\t\t\t\t<div class=\"e-con-inner\">\n\t\t\t\t<div class=\"elementor-element elementor-element-5bdb6ff6 elementor-grid-3 elementor-grid-tablet-2 elementor-grid-mobile-1 elementor-posts--thumbnail-top elementor-widget elementor-widget-posts\" data-id=\"5bdb6ff6\" data-element_type=\"widget\" data-settings=\"{&quot;classic_columns&quot;:&quot;3&quot;,&quot;classic_columns_tablet&quot;:&quot;2&quot;,&quot;classic_columns_mobile&quot;:&quot;1&quot;,&quot;classic_row_gap&quot;:{&quot;unit&quot;:&quot;px&quot;,&quot;size&quot;:35,&quot;sizes&quot;:[]},&quot;classic_row_gap_tablet&quot;:{&quot;unit&quot;:&quot;px&quot;,&quot;size&quot;:&quot;&quot;,&quot;sizes&quot;:[]},&quot;classic_row_gap_mobile&quot;:{&quot;unit&quot;:&quot;px&quot;,&quot;size&quot;:&quot;&quot;,&quot;sizes&quot;:[]}}\" data-widget_type=\"posts.classic\">\n\t\t\t\t<div class=\"elementor-widget-container\">\n\t\t\t\t\t\t\t<div class=\"elementor-posts-container elementor-posts elementor-posts--skin-classic elementor-grid\" role=\"list\">\n\t\t\t\t<article class=\"elementor-post elementor-grid-item post-11602 post type-post status-publish format-standard has-post-thumbnail hentry category-noticias\" role=\"listitem\">\n\t\t\t\t<a class=\"elementor-post__thumbnail__link\" href=\"https:\/\/www.hms.cl\/index.php\/2026\/04\/28\/hms-promueve-entornos-seguros-en-el-dia-mundial-de-la-seguridad-y-la-salud-en-el-trabajo\/\" tabindex=\"-1\" >\n\t\t\t<div class=\"elementor-post__thumbnail\"><img fetchpriority=\"high\" decoding=\"async\" width=\"519\" height=\"444\" src=\"https:\/\/www.hms.cl\/wp-content\/uploads\/2026\/04\/2_Dia-Salud-y-Trabajo_web_2026.jpeg\" class=\"attachment-full size-full wp-image-11616\" alt=\"\" srcset=\"https:\/\/www.hms.cl\/wp-content\/uploads\/2026\/04\/2_Dia-Salud-y-Trabajo_web_2026.jpeg 519w, https:\/\/www.hms.cl\/wp-content\/uploads\/2026\/04\/2_Dia-Salud-y-Trabajo_web_2026-300x257.jpeg 300w\" sizes=\"(max-width: 519px) 100vw, 519px\" \/><\/div>\n\t\t<\/a>\n\t\t\t\t<div class=\"elementor-post__text\">\n\t\t\t\t<h3 class=\"elementor-post__title\">\n\t\t\t<a href=\"https:\/\/www.hms.cl\/index.php\/2026\/04\/28\/hms-promueve-entornos-seguros-en-el-dia-mundial-de-la-seguridad-y-la-salud-en-el-trabajo\/\" >\n\t\t\t\tHMS PROMUEVE ENTORNOS SEGUROS EN EL D\u00cdA MUNDIAL DE LA SEGURIDAD Y LA SALUD EN EL TRABAJO\t\t\t<\/a>\n\t\t<\/h3>\n\t\t\t\t<div class=\"elementor-post__meta-data\">\n\t\t\t\t\t<span class=\"elementor-post-date\">\n\t\t\t28 de Abril de 2026\t\t<\/span>\n\t\t\t\t<\/div>\n\t\t\n\t\t<a class=\"elementor-post__read-more\" href=\"https:\/\/www.hms.cl\/index.php\/2026\/04\/28\/hms-promueve-entornos-seguros-en-el-dia-mundial-de-la-seguridad-y-la-salud-en-el-trabajo\/\" aria-label=\"Read more about HMS PROMUEVE ENTORNOS SEGUROS EN EL D\u00cdA MUNDIAL DE LA SEGURIDAD Y LA SALUD EN EL TRABAJO\" tabindex=\"-1\" >\n\t\t\tLeer M\u00e1s\t\t<\/a>\n\n\t\t\t\t<\/div>\n\t\t\t\t<\/article>\n\t\t\t\t<article class=\"elementor-post elementor-grid-item post-11588 post type-post status-publish format-standard has-post-thumbnail hentry category-noticias\" role=\"listitem\">\n\t\t\t\t<a class=\"elementor-post__thumbnail__link\" href=\"https:\/\/www.hms.cl\/index.php\/2026\/04\/27\/hms-invita-a-charla-de-probidad-administrativa-e-integridad-publica\/\" tabindex=\"-1\" >\n\t\t\t<div class=\"elementor-post__thumbnail\"><img decoding=\"async\" width=\"519\" height=\"444\" src=\"https:\/\/www.hms.cl\/wp-content\/uploads\/2026\/04\/Charla-Probidad_web.jpeg\" class=\"attachment-full size-full wp-image-11594\" alt=\"\" srcset=\"https:\/\/www.hms.cl\/wp-content\/uploads\/2026\/04\/Charla-Probidad_web.jpeg 519w, https:\/\/www.hms.cl\/wp-content\/uploads\/2026\/04\/Charla-Probidad_web-300x257.jpeg 300w\" sizes=\"(max-width: 519px) 100vw, 519px\" \/><\/div>\n\t\t<\/a>\n\t\t\t\t<div class=\"elementor-post__text\">\n\t\t\t\t<h3 class=\"elementor-post__title\">\n\t\t\t<a href=\"https:\/\/www.hms.cl\/index.php\/2026\/04\/27\/hms-invita-a-charla-de-probidad-administrativa-e-integridad-publica\/\" >\n\t\t\t\tHMS INVITA A CHARLA DE PROBIDAD ADMINISTRATIVA E INTEGRIDAD P\u00daBLICA\t\t\t<\/a>\n\t\t<\/h3>\n\t\t\t\t<div class=\"elementor-post__meta-data\">\n\t\t\t\t\t<span class=\"elementor-post-date\">\n\t\t\t27 de Abril de 2026\t\t<\/span>\n\t\t\t\t<\/div>\n\t\t\n\t\t<a class=\"elementor-post__read-more\" href=\"https:\/\/www.hms.cl\/index.php\/2026\/04\/27\/hms-invita-a-charla-de-probidad-administrativa-e-integridad-publica\/\" aria-label=\"Read more about HMS INVITA A CHARLA DE PROBIDAD ADMINISTRATIVA E INTEGRIDAD P\u00daBLICA\" tabindex=\"-1\" >\n\t\t\tLeer M\u00e1s\t\t<\/a>\n\n\t\t\t\t<\/div>\n\t\t\t\t<\/article>\n\t\t\t\t<article class=\"elementor-post elementor-grid-item post-11528 post type-post status-publish format-standard has-post-thumbnail hentry category-noticias\" role=\"listitem\">\n\t\t\t\t<a class=\"elementor-post__thumbnail__link\" href=\"https:\/\/www.hms.cl\/index.php\/2026\/04\/24\/hms-realiza-ceremonia-de-ascenso-de-suboficiales\/\" tabindex=\"-1\" >\n\t\t\t<div class=\"elementor-post__thumbnail\"><img decoding=\"async\" width=\"2560\" height=\"1707\" src=\"https:\/\/www.hms.cl\/wp-content\/uploads\/2026\/04\/f1a.jpg-scaled.jpeg\" class=\"attachment-full size-full wp-image-11541\" alt=\"\" srcset=\"https:\/\/www.hms.cl\/wp-content\/uploads\/2026\/04\/f1a.jpg-scaled.jpeg 2560w, https:\/\/www.hms.cl\/wp-content\/uploads\/2026\/04\/f1a.jpg-300x200.jpeg 300w, https:\/\/www.hms.cl\/wp-content\/uploads\/2026\/04\/f1a.jpg-1024x683.jpeg 1024w, https:\/\/www.hms.cl\/wp-content\/uploads\/2026\/04\/f1a.jpg-768x512.jpeg 768w, https:\/\/www.hms.cl\/wp-content\/uploads\/2026\/04\/f1a.jpg-1536x1024.jpeg 1536w, https:\/\/www.hms.cl\/wp-content\/uploads\/2026\/04\/f1a.jpg-2048x1365.jpeg 2048w\" sizes=\"(max-width: 2560px) 100vw, 2560px\" \/><\/div>\n\t\t<\/a>\n\t\t\t\t<div class=\"elementor-post__text\">\n\t\t\t\t<h3 class=\"elementor-post__title\">\n\t\t\t<a href=\"https:\/\/www.hms.cl\/index.php\/2026\/04\/24\/hms-realiza-ceremonia-de-ascenso-de-suboficiales\/\" >\n\t\t\t\tHMS REALIZA CEREMONIA DE ASCENSO DE SUBOFICIALES\t\t\t<\/a>\n\t\t<\/h3>\n\t\t\t\t<div class=\"elementor-post__meta-data\">\n\t\t\t\t\t<span class=\"elementor-post-date\">\n\t\t\t24 de Abril de 2026\t\t<\/span>\n\t\t\t\t<\/div>\n\t\t\n\t\t<a class=\"elementor-post__read-more\" href=\"https:\/\/www.hms.cl\/index.php\/2026\/04\/24\/hms-realiza-ceremonia-de-ascenso-de-suboficiales\/\" aria-label=\"Read more about HMS REALIZA CEREMONIA DE ASCENSO DE SUBOFICIALES\" tabindex=\"-1\" >\n\t\t\tLeer M\u00e1s\t\t<\/a>\n\n\t\t\t\t<\/div>\n\t\t\t\t<\/article>\n\t\t\t\t<\/div>\n\t\t\n\t\t\t\t\t\t<\/div>\n\t\t\t\t<\/div>\n\t\t\t\t\t<\/div>\n\t\t\t\t<\/div>\n\t\t\t\t<\/div>\n\t\t","protected":false},"excerpt":{"rendered":"<p>Con el\u00a0prop\u00f3sito de mantener capacitado y operativo al personal que participa en una evacuaci\u00f3n aerosanitaria<\/p>\n","protected":false},"author":1,"featured_media":3352,"comment_status":"closed","ping_status":"open","sticky":false,"template":"","format":"standard","meta":{"footnotes":""},"categories":[8],"tags":[],"class_list":["post-3323","post","type-post","status-publish","format-standard","has-post-thumbnail","hentry","category-noticias"],"yoast_head":"<!-- This site is optimized with the Yoast SEO plugin v25.6 - https:\/\/yoast.com\/wordpress\/plugins\/seo\/ -->\n<title>EJERCICIO DE EVACUACI\u00d3N AEROSANITARIA EN EL EJ\u00c9RCITO - Hospital Militar de Santiago<\/title>\n<meta name=\"robots\" content=\"index, follow, max-snippet:-1, max-image-preview:large, max-video-preview:-1\" \/>\n<link rel=\"canonical\" href=\"https:\/\/www.hms.cl\/index.php\/2024\/04\/30\/ejercicio-de-evacuacion-aerosanitaria-en-el-ejercito\/\" \/>\n<meta property=\"og:locale\" content=\"es_ES\" \/>\n<meta property=\"og:type\" content=\"article\" \/>\n<meta property=\"og:title\" content=\"EJERCICIO DE EVACUACI\u00d3N AEROSANITARIA EN EL EJ\u00c9RCITO - Hospital Militar de Santiago\" \/>\n<meta property=\"og:description\" content=\"Con el\u00a0prop\u00f3sito de mantener capacitado y operativo al personal que participa en una evacuaci\u00f3n aerosanitaria\" \/>\n<meta property=\"og:url\" content=\"https:\/\/www.hms.cl\/index.php\/2024\/04\/30\/ejercicio-de-evacuacion-aerosanitaria-en-el-ejercito\/\" \/>\n<meta property=\"og:site_name\" content=\"Hospital Militar de Santiago\" \/>\n<meta property=\"article:publisher\" content=\"https:\/\/www.facebook.com\/hospitalmilitardesantiago\" \/>\n<meta property=\"article:published_time\" content=\"2024-04-30T13:00:50+00:00\" \/>\n<meta property=\"article:modified_time\" content=\"2025-06-26T19:49:18+00:00\" \/>\n<meta property=\"og:image\" content=\"https:\/\/www.hms.cl\/wp-content\/uploads\/2025\/06\/Evacuacion-aerosanitari-Portadaa.jpg\" \/>\n\t<meta property=\"og:image:width\" content=\"780\" \/>\n\t<meta property=\"og:image:height\" content=\"587\" \/>\n\t<meta property=\"og:image:type\" content=\"image\/jpeg\" \/>\n<meta name=\"author\" content=\"Admin\" \/>\n<meta name=\"twitter:card\" content=\"summary_large_image\" \/>\n<meta name=\"twitter:creator\" content=\"@HosMilSantiago\" \/>\n<meta name=\"twitter:site\" content=\"@HosMilSantiago\" \/>\n<meta name=\"twitter:label1\" content=\"Escrito por\" \/>\n\t<meta name=\"twitter:data1\" content=\"Admin\" \/>\n\t<meta name=\"twitter:label2\" content=\"Tiempo estimado de lectura\" \/>\n\t<meta name=\"twitter:data2\" content=\"4 minutos\" \/>\n<script type=\"application\/ld+json\" class=\"yoast-schema-graph\">{\"@context\":\"https:\/\/schema.org\",\"@graph\":[{\"@type\":\"Article\",\"@id\":\"https:\/\/www.hms.cl\/index.php\/2024\/04\/30\/ejercicio-de-evacuacion-aerosanitaria-en-el-ejercito\/#article\",\"isPartOf\":{\"@id\":\"https:\/\/www.hms.cl\/index.php\/2024\/04\/30\/ejercicio-de-evacuacion-aerosanitaria-en-el-ejercito\/\"},\"author\":{\"name\":\"Admin\",\"@id\":\"https:\/\/www.hms.cl\/#\/schema\/person\/93186034b446672703627f9ef2d767ca\"},\"headline\":\"EJERCICIO DE EVACUACI\u00d3N AEROSANITARIA EN EL EJ\u00c9RCITO\",\"datePublished\":\"2024-04-30T13:00:50+00:00\",\"dateModified\":\"2025-06-26T19:49:18+00:00\",\"mainEntityOfPage\":{\"@id\":\"https:\/\/www.hms.cl\/index.php\/2024\/04\/30\/ejercicio-de-evacuacion-aerosanitaria-en-el-ejercito\/\"},\"wordCount\":529,\"publisher\":{\"@id\":\"https:\/\/www.hms.cl\/#organization\"},\"image\":{\"@id\":\"https:\/\/www.hms.cl\/index.php\/2024\/04\/30\/ejercicio-de-evacuacion-aerosanitaria-en-el-ejercito\/#primaryimage\"},\"thumbnailUrl\":\"https:\/\/www.hms.cl\/wp-content\/uploads\/2025\/06\/Evacuacion-aerosanitari-Portadaa.jpg\",\"articleSection\":[\"Noticias\"],\"inLanguage\":\"es-CL\"},{\"@type\":\"WebPage\",\"@id\":\"https:\/\/www.hms.cl\/index.php\/2024\/04\/30\/ejercicio-de-evacuacion-aerosanitaria-en-el-ejercito\/\",\"url\":\"https:\/\/www.hms.cl\/index.php\/2024\/04\/30\/ejercicio-de-evacuacion-aerosanitaria-en-el-ejercito\/\",\"name\":\"EJERCICIO DE EVACUACI\u00d3N AEROSANITARIA EN EL EJ\u00c9RCITO - Hospital Militar de Santiago\",\"isPartOf\":{\"@id\":\"https:\/\/www.hms.cl\/#website\"},\"primaryImageOfPage\":{\"@id\":\"https:\/\/www.hms.cl\/index.php\/2024\/04\/30\/ejercicio-de-evacuacion-aerosanitaria-en-el-ejercito\/#primaryimage\"},\"image\":{\"@id\":\"https:\/\/www.hms.cl\/index.php\/2024\/04\/30\/ejercicio-de-evacuacion-aerosanitaria-en-el-ejercito\/#primaryimage\"},\"thumbnailUrl\":\"https:\/\/www.hms.cl\/wp-content\/uploads\/2025\/06\/Evacuacion-aerosanitari-Portadaa.jpg\",\"datePublished\":\"2024-04-30T13:00:50+00:00\",\"dateModified\":\"2025-06-26T19:49:18+00:00\",\"breadcrumb\":{\"@id\":\"https:\/\/www.hms.cl\/index.php\/2024\/04\/30\/ejercicio-de-evacuacion-aerosanitaria-en-el-ejercito\/#breadcrumb\"},\"inLanguage\":\"es-CL\",\"potentialAction\":[{\"@type\":\"ReadAction\",\"target\":[\"https:\/\/www.hms.cl\/index.php\/2024\/04\/30\/ejercicio-de-evacuacion-aerosanitaria-en-el-ejercito\/\"]}]},{\"@type\":\"ImageObject\",\"inLanguage\":\"es-CL\",\"@id\":\"https:\/\/www.hms.cl\/index.php\/2024\/04\/30\/ejercicio-de-evacuacion-aerosanitaria-en-el-ejercito\/#primaryimage\",\"url\":\"https:\/\/www.hms.cl\/wp-content\/uploads\/2025\/06\/Evacuacion-aerosanitari-Portadaa.jpg\",\"contentUrl\":\"https:\/\/www.hms.cl\/wp-content\/uploads\/2025\/06\/Evacuacion-aerosanitari-Portadaa.jpg\",\"width\":780,\"height\":587},{\"@type\":\"BreadcrumbList\",\"@id\":\"https:\/\/www.hms.cl\/index.php\/2024\/04\/30\/ejercicio-de-evacuacion-aerosanitaria-en-el-ejercito\/#breadcrumb\",\"itemListElement\":[{\"@type\":\"ListItem\",\"position\":1,\"name\":\"Home\",\"item\":\"https:\/\/www.hms.cl\/\"},{\"@type\":\"ListItem\",\"position\":2,\"name\":\"EJERCICIO DE EVACUACI\u00d3N AEROSANITARIA EN EL EJ\u00c9RCITO\"}]},{\"@type\":\"WebSite\",\"@id\":\"https:\/\/www.hms.cl\/#website\",\"url\":\"https:\/\/www.hms.cl\/\",\"name\":\"Hospital Militar de Santiago\",\"description\":\"\",\"publisher\":{\"@id\":\"https:\/\/www.hms.cl\/#organization\"},\"potentialAction\":[{\"@type\":\"SearchAction\",\"target\":{\"@type\":\"EntryPoint\",\"urlTemplate\":\"https:\/\/www.hms.cl\/?s={search_term_string}\"},\"query-input\":{\"@type\":\"PropertyValueSpecification\",\"valueRequired\":true,\"valueName\":\"search_term_string\"}}],\"inLanguage\":\"es-CL\"},{\"@type\":\"Organization\",\"@id\":\"https:\/\/www.hms.cl\/#organization\",\"name\":\"Hospital Militar de Santiago\",\"url\":\"https:\/\/www.hms.cl\/\",\"logo\":{\"@type\":\"ImageObject\",\"inLanguage\":\"es-CL\",\"@id\":\"https:\/\/www.hms.cl\/#\/schema\/logo\/image\/\",\"url\":\"https:\/\/www.hms.cl\/wp-content\/uploads\/2025\/07\/Logo-Vertical-Mediano.png\",\"contentUrl\":\"https:\/\/www.hms.cl\/wp-content\/uploads\/2025\/07\/Logo-Vertical-Mediano.png\",\"width\":1280,\"height\":720,\"caption\":\"Hospital Militar de Santiago\"},\"image\":{\"@id\":\"https:\/\/www.hms.cl\/#\/schema\/logo\/image\/\"},\"sameAs\":[\"https:\/\/www.facebook.com\/hospitalmilitardesantiago\",\"https:\/\/x.com\/HosMilSantiago\",\"https:\/\/www.instagram.com\/hospitalmilitardesantiago\/\",\"https:\/\/www.linkedin.com\/company\/hospital-militar-de-santiago-hosmil\",\"https:\/\/www.youtube.com\/c\/HMSVIDEO\"]},{\"@type\":\"Person\",\"@id\":\"https:\/\/www.hms.cl\/#\/schema\/person\/93186034b446672703627f9ef2d767ca\",\"name\":\"Admin\",\"image\":{\"@type\":\"ImageObject\",\"inLanguage\":\"es-CL\",\"@id\":\"https:\/\/www.hms.cl\/#\/schema\/person\/image\/\",\"url\":\"https:\/\/secure.gravatar.com\/avatar\/9384d0095fd3da50dc372f84c8bcde28aac29e86759f23fd0cfb33f9820a4e50?s=96&d=mm&r=g\",\"contentUrl\":\"https:\/\/secure.gravatar.com\/avatar\/9384d0095fd3da50dc372f84c8bcde28aac29e86759f23fd0cfb33f9820a4e50?s=96&d=mm&r=g\",\"caption\":\"Admin\"},\"sameAs\":[\"http:\/\/10.10.50.51\"],\"url\":\"https:\/\/www.hms.cl\/index.php\/author\/admin\/\"}]}<\/script>\n<!-- \/ Yoast SEO plugin. -->","yoast_head_json":{"title":"EJERCICIO DE EVACUACI\u00d3N AEROSANITARIA EN EL EJ\u00c9RCITO - Hospital Militar de Santiago","robots":{"index":"index","follow":"follow","max-snippet":"max-snippet:-1","max-image-preview":"max-image-preview:large","max-video-preview":"max-video-preview:-1"},"canonical":"https:\/\/www.hms.cl\/index.php\/2024\/04\/30\/ejercicio-de-evacuacion-aerosanitaria-en-el-ejercito\/","og_locale":"es_ES","og_type":"article","og_title":"EJERCICIO DE EVACUACI\u00d3N AEROSANITARIA EN EL EJ\u00c9RCITO - Hospital Militar de Santiago","og_description":"Con el\u00a0prop\u00f3sito de mantener capacitado y operativo al personal que participa en una evacuaci\u00f3n aerosanitaria","og_url":"https:\/\/www.hms.cl\/index.php\/2024\/04\/30\/ejercicio-de-evacuacion-aerosanitaria-en-el-ejercito\/","og_site_name":"Hospital Militar de Santiago","article_publisher":"https:\/\/www.facebook.com\/hospitalmilitardesantiago","article_published_time":"2024-04-30T13:00:50+00:00","article_modified_time":"2025-06-26T19:49:18+00:00","og_image":[{"width":780,"height":587,"url":"https:\/\/www.hms.cl\/wp-content\/uploads\/2025\/06\/Evacuacion-aerosanitari-Portadaa.jpg","type":"image\/jpeg"}],"author":"Admin","twitter_card":"summary_large_image","twitter_creator":"@HosMilSantiago","twitter_site":"@HosMilSantiago","twitter_misc":{"Escrito por":"Admin","Tiempo estimado de lectura":"4 minutos"},"schema":{"@context":"https:\/\/schema.org","@graph":[{"@type":"Article","@id":"https:\/\/www.hms.cl\/index.php\/2024\/04\/30\/ejercicio-de-evacuacion-aerosanitaria-en-el-ejercito\/#article","isPartOf":{"@id":"https:\/\/www.hms.cl\/index.php\/2024\/04\/30\/ejercicio-de-evacuacion-aerosanitaria-en-el-ejercito\/"},"author":{"name":"Admin","@id":"https:\/\/www.hms.cl\/#\/schema\/person\/93186034b446672703627f9ef2d767ca"},"headline":"EJERCICIO DE EVACUACI\u00d3N AEROSANITARIA EN EL EJ\u00c9RCITO","datePublished":"2024-04-30T13:00:50+00:00","dateModified":"2025-06-26T19:49:18+00:00","mainEntityOfPage":{"@id":"https:\/\/www.hms.cl\/index.php\/2024\/04\/30\/ejercicio-de-evacuacion-aerosanitaria-en-el-ejercito\/"},"wordCount":529,"publisher":{"@id":"https:\/\/www.hms.cl\/#organization"},"image":{"@id":"https:\/\/www.hms.cl\/index.php\/2024\/04\/30\/ejercicio-de-evacuacion-aerosanitaria-en-el-ejercito\/#primaryimage"},"thumbnailUrl":"https:\/\/www.hms.cl\/wp-content\/uploads\/2025\/06\/Evacuacion-aerosanitari-Portadaa.jpg","articleSection":["Noticias"],"inLanguage":"es-CL"},{"@type":"WebPage","@id":"https:\/\/www.hms.cl\/index.php\/2024\/04\/30\/ejercicio-de-evacuacion-aerosanitaria-en-el-ejercito\/","url":"https:\/\/www.hms.cl\/index.php\/2024\/04\/30\/ejercicio-de-evacuacion-aerosanitaria-en-el-ejercito\/","name":"EJERCICIO DE EVACUACI\u00d3N AEROSANITARIA EN EL EJ\u00c9RCITO - Hospital Militar de Santiago","isPartOf":{"@id":"https:\/\/www.hms.cl\/#website"},"primaryImageOfPage":{"@id":"https:\/\/www.hms.cl\/index.php\/2024\/04\/30\/ejercicio-de-evacuacion-aerosanitaria-en-el-ejercito\/#primaryimage"},"image":{"@id":"https:\/\/www.hms.cl\/index.php\/2024\/04\/30\/ejercicio-de-evacuacion-aerosanitaria-en-el-ejercito\/#primaryimage"},"thumbnailUrl":"https:\/\/www.hms.cl\/wp-content\/uploads\/2025\/06\/Evacuacion-aerosanitari-Portadaa.jpg","datePublished":"2024-04-30T13:00:50+00:00","dateModified":"2025-06-26T19:49:18+00:00","breadcrumb":{"@id":"https:\/\/www.hms.cl\/index.php\/2024\/04\/30\/ejercicio-de-evacuacion-aerosanitaria-en-el-ejercito\/#breadcrumb"},"inLanguage":"es-CL","potentialAction":[{"@type":"ReadAction","target":["https:\/\/www.hms.cl\/index.php\/2024\/04\/30\/ejercicio-de-evacuacion-aerosanitaria-en-el-ejercito\/"]}]},{"@type":"ImageObject","inLanguage":"es-CL","@id":"https:\/\/www.hms.cl\/index.php\/2024\/04\/30\/ejercicio-de-evacuacion-aerosanitaria-en-el-ejercito\/#primaryimage","url":"https:\/\/www.hms.cl\/wp-content\/uploads\/2025\/06\/Evacuacion-aerosanitari-Portadaa.jpg","contentUrl":"https:\/\/www.hms.cl\/wp-content\/uploads\/2025\/06\/Evacuacion-aerosanitari-Portadaa.jpg","width":780,"height":587},{"@type":"BreadcrumbList","@id":"https:\/\/www.hms.cl\/index.php\/2024\/04\/30\/ejercicio-de-evacuacion-aerosanitaria-en-el-ejercito\/#breadcrumb","itemListElement":[{"@type":"ListItem","position":1,"name":"Home","item":"https:\/\/www.hms.cl\/"},{"@type":"ListItem","position":2,"name":"EJERCICIO DE EVACUACI\u00d3N AEROSANITARIA EN EL EJ\u00c9RCITO"}]},{"@type":"WebSite","@id":"https:\/\/www.hms.cl\/#website","url":"https:\/\/www.hms.cl\/","name":"Hospital Militar de Santiago","description":"","publisher":{"@id":"https:\/\/www.hms.cl\/#organization"},"potentialAction":[{"@type":"SearchAction","target":{"@type":"EntryPoint","urlTemplate":"https:\/\/www.hms.cl\/?s={search_term_string}"},"query-input":{"@type":"PropertyValueSpecification","valueRequired":true,"valueName":"search_term_string"}}],"inLanguage":"es-CL"},{"@type":"Organization","@id":"https:\/\/www.hms.cl\/#organization","name":"Hospital Militar de Santiago","url":"https:\/\/www.hms.cl\/","logo":{"@type":"ImageObject","inLanguage":"es-CL","@id":"https:\/\/www.hms.cl\/#\/schema\/logo\/image\/","url":"https:\/\/www.hms.cl\/wp-content\/uploads\/2025\/07\/Logo-Vertical-Mediano.png","contentUrl":"https:\/\/www.hms.cl\/wp-content\/uploads\/2025\/07\/Logo-Vertical-Mediano.png","width":1280,"height":720,"caption":"Hospital Militar de Santiago"},"image":{"@id":"https:\/\/www.hms.cl\/#\/schema\/logo\/image\/"},"sameAs":["https:\/\/www.facebook.com\/hospitalmilitardesantiago","https:\/\/x.com\/HosMilSantiago","https:\/\/www.instagram.com\/hospitalmilitardesantiago\/","https:\/\/www.linkedin.com\/company\/hospital-militar-de-santiago-hosmil","https:\/\/www.youtube.com\/c\/HMSVIDEO"]},{"@type":"Person","@id":"https:\/\/www.hms.cl\/#\/schema\/person\/93186034b446672703627f9ef2d767ca","name":"Admin","image":{"@type":"ImageObject","inLanguage":"es-CL","@id":"https:\/\/www.hms.cl\/#\/schema\/person\/image\/","url":"https:\/\/secure.gravatar.com\/avatar\/9384d0095fd3da50dc372f84c8bcde28aac29e86759f23fd0cfb33f9820a4e50?s=96&d=mm&r=g","contentUrl":"https:\/\/secure.gravatar.com\/avatar\/9384d0095fd3da50dc372f84c8bcde28aac29e86759f23fd0cfb33f9820a4e50?s=96&d=mm&r=g","caption":"Admin"},"sameAs":["http:\/\/10.10.50.51"],"url":"https:\/\/www.hms.cl\/index.php\/author\/admin\/"}]}},"_links":{"self":[{"href":"https:\/\/www.hms.cl\/index.php\/wp-json\/wp\/v2\/posts\/3323","targetHints":{"allow":["GET"]}}],"collection":[{"href":"https:\/\/www.hms.cl\/index.php\/wp-json\/wp\/v2\/posts"}],"about":[{"href":"https:\/\/www.hms.cl\/index.php\/wp-json\/wp\/v2\/types\/post"}],"author":[{"embeddable":true,"href":"https:\/\/www.hms.cl\/index.php\/wp-json\/wp\/v2\/users\/1"}],"replies":[{"embeddable":true,"href":"https:\/\/www.hms.cl\/index.php\/wp-json\/wp\/v2\/comments?post=3323"}],"version-history":[{"count":6,"href":"https:\/\/www.hms.cl\/index.php\/wp-json\/wp\/v2\/posts\/3323\/revisions"}],"predecessor-version":[{"id":3361,"href":"https:\/\/www.hms.cl\/index.php\/wp-json\/wp\/v2\/posts\/3323\/revisions\/3361"}],"wp:featuredmedia":[{"embeddable":true,"href":"https:\/\/www.hms.cl\/index.php\/wp-json\/wp\/v2\/media\/3352"}],"wp:attachment":[{"href":"https:\/\/www.hms.cl\/index.php\/wp-json\/wp\/v2\/media?parent=3323"}],"wp:term":[{"taxonomy":"category","embeddable":true,"href":"https:\/\/www.hms.cl\/index.php\/wp-json\/wp\/v2\/categories?post=3323"},{"taxonomy":"post_tag","embeddable":true,"href":"https:\/\/www.hms.cl\/index.php\/wp-json\/wp\/v2\/tags?post=3323"}],"curies":[{"name":"wp","href":"https:\/\/api.w.org\/{rel}","templated":true}]}}