{"id":3265,"date":"2024-05-17T13:00:21","date_gmt":"2024-05-17T16:00:21","guid":{"rendered":"http:\/\/10.10.50.51\/?p=3265"},"modified":"2025-06-25T14:07:59","modified_gmt":"2025-06-25T17:07:59","slug":"hms-realizo-ciclo-de-conferencias-academicas-ligadas-al-ambito-de-la-salud","status":"publish","type":"post","link":"https:\/\/www.hms.cl\/index.php\/2024\/05\/17\/hms-realizo-ciclo-de-conferencias-academicas-ligadas-al-ambito-de-la-salud\/","title":{"rendered":"HMS REALIZ\u00d3 CICLO DE CONFERENCIAS ACAD\u00c9MICAS LIGADAS AL \u00c1MBITO DE LA SALUD"},"content":{"rendered":"\t\t<div data-elementor-type=\"wp-post\" data-elementor-id=\"3265\" class=\"elementor elementor-3265\" data-elementor-post-type=\"post\">\n\t\t\t\t<div class=\"elementor-element elementor-element-479521f2 e-con-full e-flex e-con e-parent\" data-id=\"479521f2\" data-element_type=\"container\">\n\t\t\t\t<div class=\"elementor-element elementor-element-44d0fbfc elementor-widget elementor-widget-heading\" data-id=\"44d0fbfc\" data-element_type=\"widget\" data-widget_type=\"heading.default\">\n\t\t\t\t<div class=\"elementor-widget-container\">\n\t\t\t\t\t<h2 class=\"elementor-heading-title elementor-size-default\">HMS REALIZ\u00d3 CICLO DE CONFERENCIAS ACAD\u00c9MICAS LIGADAS AL \u00c1MBITO DE LA SALUD<\/h2>\t\t\t\t<\/div>\n\t\t\t\t<\/div>\n\t\t\t\t<\/div>\n\t\t<div class=\"elementor-element elementor-element-7d13d785 e-flex e-con-boxed e-con e-parent\" data-id=\"7d13d785\" data-element_type=\"container\">\n\t\t\t\t\t<div class=\"e-con-inner\">\n\t\t<div class=\"elementor-element elementor-element-4483969b e-con-full e-flex e-con e-child\" data-id=\"4483969b\" data-element_type=\"container\">\n\t\t\t\t<div class=\"elementor-element elementor-element-25168611 elementor-widget elementor-widget-text-editor\" data-id=\"25168611\" data-element_type=\"widget\" data-widget_type=\"text-editor.default\">\n\t\t\t\t<div class=\"elementor-widget-container\">\n\t\t\t\t\t\t\t\t\t<p>Como parte de las actividades por el\u00a0<strong>145\u00b0 aniversario de Sanidad y Sanidad Dental, el Hospital Militar de Santiago (HMS) realiz\u00f3 una jornada de conferencias acad\u00e9micas<\/strong>, con el objetivo de promover y fomentar la gesti\u00f3n del conocimiento que realiza este centro hospitalario, en el \u00e1mbito de la salud.<\/p><p>La jornada acad\u00e9mica fue\u00a0<strong>presidida por el General de Divisi\u00f3n Luis Cuellar Loyola, Comandante General de Personal (CGP)<\/strong>, quien se hizo presente junto al General de Brigada Juan Van de Wyngard V., Comandante de la Divisi\u00f3n de Salud del Ej\u00e9rcito (DIVSAL) y el General de Brigada Francisco Silva Ter\u00e1n, Director del HMS. Adem\u00e1s asistieron directores del HMS, oficiales, suboficiales, colaboradores civiles e invitados especiales de otras ramas de la Defensa y Seguridad.<\/p><p>Tres fueron las exposiciones presentadas en el Auditorio del HMS, que estuvieron a cargo del\u00a0<strong>Mayor Felipe Ahumada Guerra, Traumat\u00f3logo; del Mayor Juan Pablo Salinas Cazenave, Cirujano Maxilofacial; y la Psic\u00f3loga Cl\u00ednica y Enfermera Militar de Combate, Sargento Segundo Nicole Barrios Galaz<\/strong>.<\/p><p>\u201cAmputaci\u00f3n en combate, mirada al futuro\u201d fue la charla con la que se inici\u00f3 el ciclo y en ella el Mayor Ahumada, especialista en cirug\u00eda reconstructiva de articulaci\u00f3n de la cadera y pelvis, habl\u00f3 sobre c\u00f3mo han evolucionado las pr\u00f3tesis que ayudan en este caso de lesiones y c\u00f3mo la Sanidad Militar ha tenido un rol fundamental en el desarrollo de \u00e9stas.<\/p><p>\u201cLas amputaciones no son como cualquier enfermedad, no s\u00f3lo afectan la movilidad del soldado, sino que tambi\u00e9n calan hondo en la emocionalidad porque hay una p\u00e9rdida de la identidad\u201d, asegur\u00f3 Ahumada. De ah\u00ed la relevancia que adquieren las pr\u00f3tesis, ya sean est\u00e9ticas, funcionales o bi\u00f3nicas, en los pacientes y c\u00f3mo \u00e9stas repercuten positivamente en la calidad de vida.<\/p><p>Ya mirando hacia el futuro, el traumat\u00f3logo abord\u00f3 la revoluci\u00f3n instaurada por las pr\u00f3tesis el\u00e9ctricas, que permiten que el paciente controle la velocidad, la fuerza y el rango de movilidad de su pr\u00f3tesis. \u201cEsto, sin duda, abre una puerta para que podamos mejorar la calidad de vida de todos nuestros soldados\u201d, enfatiz\u00f3 Ahumada y luego agreg\u00f3, \u201cla investigaci\u00f3n, la especializaci\u00f3n y la formaci\u00f3n continua son los pilares que sustentan nuestro progreso. Cada avance que logramos no s\u00f3lo mejora la atenci\u00f3n que brindamos, sino que tambi\u00e9n nos coloca a la vanguardia de la innovaci\u00f3n en salud\u201d.<\/p><p>Tras esta intervenci\u00f3n, fue el turno del Mayor Salinas, quien expuso sobre el \u201c<strong>Rol del Cirujano Maxilofacial en la Medicina Militar Moderna<\/strong>\u201d. En ella explic\u00f3 detalles de la formaci\u00f3n y el entrenamiento que reciben quienes se especializan en esta \u00e1rea, tanto en la parte acad\u00e9mica como militar, destacando su experiencia en el ejercicio binacional \u201cSouthern Vanguard\u201d, del a\u00f1o 2021, donde fue levantado un hospital de campa\u00f1a en el sector de Portillo (Los Andes), en pleno invierno y con el fin de realizar ejercicios de entrenamiento de monta\u00f1a junto a tropas estadounidenses.<\/p><p>\u201cTuvimos la oportunidad de trabajar no s\u00f3lo en la prevenci\u00f3n y tratamiento de los posibles accidentados en nuestro lugar de atenci\u00f3n, sino que tambi\u00e9n tuvimos que sumarnos a la tropa para poder ver de qu\u00e9 forma pod\u00edamos contribuir nosotros a la prevenci\u00f3n y al manejo de eventualidades que se pod\u00edan producir\u201d, coment\u00f3 Salinas.<\/p><p>Tambi\u00e9n se refiri\u00f3 a la residencia que realiz\u00f3 en el Brooke Army Medical Center (BAMC) en Texas, Estados Unidos, uno de los hospitales de las Fuerzas Armadas m\u00e1s grandes de ese pa\u00eds. \u201cTodos los cursos de la malla curricular eran multidisciplinarios y todos involucraban a las diferentes especialidades\u201d, puntualiz\u00f3.<\/p><p>Finalmente, Salinas expuso un complejo caso cl\u00ednico donde el paciente sufri\u00f3 un severo trauma craneofacial tras un accidente automovil\u00edstico. Tras dos a\u00f1os, \u201cpresentaba secuelas de su trauma, pero est\u00e9ticas, del punto de vista funcional, estaba 100% bien. \u00bfC\u00f3mo lo sabemos? Cuando vemos que \u00e9l pudo volver a estar con su familia y desarrollar una vida normal. Ah\u00ed es donde nosotros sentimos que nuestro trabajo en equipo tuvo sentido\u201d, concluy\u00f3.<\/p><p>Por \u00faltimo, la tercera exposici\u00f3n fue la de la Sargento 2\u00b0 Barrios y su conferencia \u201c<strong>D\u00eda de Sanidad, Rol y Desempe\u00f1o Femenino en el Servicio<\/strong>\u201d, quien hizo un repaso por los hitos m\u00e1s importantes del Servicio de Sanidad y las \u00e1reas de desempe\u00f1o que han tenido los enfermeros militares, as\u00ed como el rol que las mujeres han ido adquiriendo con el correr de los a\u00f1os.<\/p><p>Nombres como Juana Alcaino, Josefa Herrera, Mar\u00eda Ram\u00edrez, Irene Morales o Candelaria P\u00e9rez, cantineras en diversas batallas de la Guerra del Pac\u00edfico fueron pioneras y marcaron los inicios de la carrera de sanidad para las mujeres.<\/p><p>Sobre los enfermeros miliares mencion\u00f3 que se encuentran desplegados a nivel nacional y pese a las adversidades que se pueden vivir, \u201csiempre encontramos la forma de poder atender de mejor manera a nuestros pacientes\u201d, afirm\u00f3 Barrios. As\u00ed como destac\u00f3 la labor del servicio de Sanidad Dental, quienes incluso se han desempe\u00f1ado con \u00e9xito en Misiones de Paz en el extranjero, en pa\u00edses como Hait\u00ed y Bosnia Herzegovina.<\/p><p>Por su parte, el\u00a0<strong>General de Brigada Francisco Silva Ter\u00e1n, Director del HMS<\/strong>, y quien adem\u00e1s es Presidente del Comit\u00e9 de Sanidad del Ej\u00e9rcito tambi\u00e9n se dirigi\u00f3 a los presentes por motivo del 145\u00b0 aniversario del Servicio. \u201cEl Servicio de Sanidad del Ej\u00e9rcito mira hacia el futuro con grandes desaf\u00edos, como lo son modernizar y digitalizar los procesos de atenci\u00f3n m\u00e9dica (\u2026) La inteligencia artificial claramente es un desaf\u00edo que hoy ya debemos asumir, donde las nuevas generaciones tienen la obligaci\u00f3n de liderar este nuevo conocimiento en beneficio de nuestros pacientes y del mejoramiento de los procesos de gesti\u00f3n y sustentabilidad del gasto. No basta con ser eficaces, tenemos un deber inexcusable de tambi\u00e9n ser eficientes\u201d, asegur\u00f3.<\/p><p>Por \u00faltimo, el General Silva coment\u00f3 que \u201cla consolidaci\u00f3n en la renovaci\u00f3n de material y equipamiento m\u00e9dico de nuestro HMS, junto a la adquisici\u00f3n de un nuevo hospital modular de campa\u00f1a, como tambi\u00e9n la modernizaci\u00f3n de nuestras enfermer\u00edas a lo largo de todo nuestro territorio nacional, con nuevo equipamiento m\u00e9dico y kin\u00e9sico, son las metas que para este a\u00f1o tenemos por cumplir\u201d<\/p>\t\t\t\t\t\t\t\t<\/div>\n\t\t\t\t<\/div>\n\t\t\t\t<\/div>\n\t\t<div class=\"elementor-element elementor-element-7613d734 e-con-full e-flex e-con e-child\" data-id=\"7613d734\" data-element_type=\"container\">\n\t\t\t\t<div class=\"elementor-element elementor-element-f4b6db8 elementor-widget elementor-widget-video\" data-id=\"f4b6db8\" data-element_type=\"widget\" data-settings=\"{&quot;youtube_url&quot;:&quot;https:\\\/\\\/youtu.be\\\/g2FXo_1k34Y&quot;,&quot;video_type&quot;:&quot;youtube&quot;,&quot;controls&quot;:&quot;yes&quot;}\" data-widget_type=\"video.default\">\n\t\t\t\t<div class=\"elementor-widget-container\">\n\t\t\t\t\t\t\t<div class=\"elementor-wrapper elementor-open-inline\">\n\t\t\t<div class=\"elementor-video\"><\/div>\t\t<\/div>\n\t\t\t\t\t\t<\/div>\n\t\t\t\t<\/div>\n\t\t\t\t<div class=\"elementor-element elementor-element-1f6893c9 elementor-widget-divider--view-line elementor-widget elementor-widget-divider\" data-id=\"1f6893c9\" data-element_type=\"widget\" data-widget_type=\"divider.default\">\n\t\t\t\t<div class=\"elementor-widget-container\">\n\t\t\t\t\t\t\t<div class=\"elementor-divider\">\n\t\t\t<span class=\"elementor-divider-separator\">\n\t\t\t\t\t\t<\/span>\n\t\t<\/div>\n\t\t\t\t\t\t<\/div>\n\t\t\t\t<\/div>\n\t\t\t\t<\/div>\n\t\t\t\t\t<\/div>\n\t\t\t\t<\/div>\n\t\t<div class=\"elementor-element elementor-element-53e60a32 e-flex e-con-boxed e-con e-parent\" data-id=\"53e60a32\" data-element_type=\"container\">\n\t\t\t\t\t<div class=\"e-con-inner\">\n\t\t\t\t<div class=\"elementor-element elementor-element-669ae3db elementor-widget-divider--view-line elementor-widget elementor-widget-divider\" data-id=\"669ae3db\" data-element_type=\"widget\" data-widget_type=\"divider.default\">\n\t\t\t\t<div class=\"elementor-widget-container\">\n\t\t\t\t\t\t\t<div class=\"elementor-divider\">\n\t\t\t<span class=\"elementor-divider-separator\">\n\t\t\t\t\t\t<\/span>\n\t\t<\/div>\n\t\t\t\t\t\t<\/div>\n\t\t\t\t<\/div>\n\t\t\t\t\t<\/div>\n\t\t\t\t<\/div>\n\t\t<div class=\"elementor-element elementor-element-2e3f4353 e-flex e-con-boxed e-con e-parent\" data-id=\"2e3f4353\" data-element_type=\"container\">\n\t\t\t\t\t<div class=\"e-con-inner\">\n\t\t\t\t<div class=\"elementor-element elementor-element-34dc2535 elementor-grid-3 elementor-grid-tablet-2 elementor-grid-mobile-1 elementor-posts--thumbnail-top elementor-widget elementor-widget-posts\" data-id=\"34dc2535\" data-element_type=\"widget\" data-settings=\"{&quot;classic_columns&quot;:&quot;3&quot;,&quot;classic_columns_tablet&quot;:&quot;2&quot;,&quot;classic_columns_mobile&quot;:&quot;1&quot;,&quot;classic_row_gap&quot;:{&quot;unit&quot;:&quot;px&quot;,&quot;size&quot;:35,&quot;sizes&quot;:[]},&quot;classic_row_gap_tablet&quot;:{&quot;unit&quot;:&quot;px&quot;,&quot;size&quot;:&quot;&quot;,&quot;sizes&quot;:[]},&quot;classic_row_gap_mobile&quot;:{&quot;unit&quot;:&quot;px&quot;,&quot;size&quot;:&quot;&quot;,&quot;sizes&quot;:[]}}\" data-widget_type=\"posts.classic\">\n\t\t\t\t<div class=\"elementor-widget-container\">\n\t\t\t\t\t\t\t<div class=\"elementor-posts-container elementor-posts elementor-posts--skin-classic elementor-grid\" role=\"list\">\n\t\t\t\t<article class=\"elementor-post elementor-grid-item post-11647 post type-post status-publish format-standard has-post-thumbnail hentry category-noticias\" role=\"listitem\">\n\t\t\t\t<a class=\"elementor-post__thumbnail__link\" href=\"https:\/\/www.hms.cl\/index.php\/2026\/04\/30\/hms-realiza-ceremonia-de-ascenso-y-despedida-de-personal\/\" tabindex=\"-1\" >\n\t\t\t<div class=\"elementor-post__thumbnail\"><img fetchpriority=\"high\" decoding=\"async\" width=\"519\" height=\"444\" src=\"https:\/\/www.hms.cl\/wp-content\/uploads\/2026\/04\/Ascenso2_abril_web.jpeg\" class=\"attachment-full size-full wp-image-11675\" alt=\"\" srcset=\"https:\/\/www.hms.cl\/wp-content\/uploads\/2026\/04\/Ascenso2_abril_web.jpeg 519w, https:\/\/www.hms.cl\/wp-content\/uploads\/2026\/04\/Ascenso2_abril_web-300x257.jpeg 300w\" sizes=\"(max-width: 519px) 100vw, 519px\" \/><\/div>\n\t\t<\/a>\n\t\t\t\t<div class=\"elementor-post__text\">\n\t\t\t\t<h3 class=\"elementor-post__title\">\n\t\t\t<a href=\"https:\/\/www.hms.cl\/index.php\/2026\/04\/30\/hms-realiza-ceremonia-de-ascenso-y-despedida-de-personal\/\" >\n\t\t\t\tHMS REALIZA CEREMONIA DE ASCENSO Y DESPEDIDA DE PERSONAL\t\t\t<\/a>\n\t\t<\/h3>\n\t\t\t\t<div class=\"elementor-post__meta-data\">\n\t\t\t\t\t<span class=\"elementor-post-date\">\n\t\t\t30 de Abril de 2026\t\t<\/span>\n\t\t\t\t<\/div>\n\t\t\n\t\t<a class=\"elementor-post__read-more\" href=\"https:\/\/www.hms.cl\/index.php\/2026\/04\/30\/hms-realiza-ceremonia-de-ascenso-y-despedida-de-personal\/\" aria-label=\"Read more about HMS REALIZA CEREMONIA DE ASCENSO Y DESPEDIDA DE PERSONAL\" tabindex=\"-1\" >\n\t\t\tLeer M\u00e1s\t\t<\/a>\n\n\t\t\t\t<\/div>\n\t\t\t\t<\/article>\n\t\t\t\t<article class=\"elementor-post elementor-grid-item post-11633 post type-post status-publish format-standard has-post-thumbnail hentry category-noticias\" role=\"listitem\">\n\t\t\t\t<a class=\"elementor-post__thumbnail__link\" href=\"https:\/\/www.hms.cl\/index.php\/2026\/04\/29\/minsal-se-reune-con-cje-para-coordinar-despliegue-del-hospital-militar-de-campana-en-los-angeles\/\" tabindex=\"-1\" >\n\t\t\t<div class=\"elementor-post__thumbnail\"><img decoding=\"async\" width=\"1084\" height=\"815\" src=\"https:\/\/www.hms.cl\/wp-content\/uploads\/2026\/04\/Visita-Ministra-Salud-Web.png\" class=\"attachment-full size-full wp-image-11635\" alt=\"\" srcset=\"https:\/\/www.hms.cl\/wp-content\/uploads\/2026\/04\/Visita-Ministra-Salud-Web.png 1084w, https:\/\/www.hms.cl\/wp-content\/uploads\/2026\/04\/Visita-Ministra-Salud-Web-300x226.png 300w, https:\/\/www.hms.cl\/wp-content\/uploads\/2026\/04\/Visita-Ministra-Salud-Web-1024x770.png 1024w, https:\/\/www.hms.cl\/wp-content\/uploads\/2026\/04\/Visita-Ministra-Salud-Web-768x577.png 768w\" sizes=\"(max-width: 1084px) 100vw, 1084px\" \/><\/div>\n\t\t<\/a>\n\t\t\t\t<div class=\"elementor-post__text\">\n\t\t\t\t<h3 class=\"elementor-post__title\">\n\t\t\t<a href=\"https:\/\/www.hms.cl\/index.php\/2026\/04\/29\/minsal-se-reune-con-cje-para-coordinar-despliegue-del-hospital-militar-de-campana-en-los-angeles\/\" >\n\t\t\t\tMINSAL SE REUNE CON CJE PARA COORDINAR DESPLIEGUE DEL HOSPITAL MILITAR DE CAMPA\u00d1A EN LOS ANGELES\t\t\t<\/a>\n\t\t<\/h3>\n\t\t\t\t<div class=\"elementor-post__meta-data\">\n\t\t\t\t\t<span class=\"elementor-post-date\">\n\t\t\t29 de Abril de 2026\t\t<\/span>\n\t\t\t\t<\/div>\n\t\t\n\t\t<a class=\"elementor-post__read-more\" href=\"https:\/\/www.hms.cl\/index.php\/2026\/04\/29\/minsal-se-reune-con-cje-para-coordinar-despliegue-del-hospital-militar-de-campana-en-los-angeles\/\" aria-label=\"Read more about MINSAL SE REUNE CON CJE PARA COORDINAR DESPLIEGUE DEL HOSPITAL MILITAR DE CAMPA\u00d1A EN LOS ANGELES\" tabindex=\"-1\" >\n\t\t\tLeer M\u00e1s\t\t<\/a>\n\n\t\t\t\t<\/div>\n\t\t\t\t<\/article>\n\t\t\t\t<article class=\"elementor-post elementor-grid-item post-11620 post type-post status-publish format-standard has-post-thumbnail hentry category-noticias\" role=\"listitem\">\n\t\t\t\t<a class=\"elementor-post__thumbnail__link\" href=\"https:\/\/www.hms.cl\/index.php\/2026\/04\/29\/con-alta-convocatoria-hms-conmemora-el-dia-del-libro\/\" tabindex=\"-1\" >\n\t\t\t<div class=\"elementor-post__thumbnail\"><img decoding=\"async\" width=\"519\" height=\"444\" src=\"https:\/\/www.hms.cl\/wp-content\/uploads\/2026\/04\/Dia-libro_web_2026_2.jpeg\" class=\"attachment-full size-full wp-image-11625\" alt=\"\" srcset=\"https:\/\/www.hms.cl\/wp-content\/uploads\/2026\/04\/Dia-libro_web_2026_2.jpeg 519w, https:\/\/www.hms.cl\/wp-content\/uploads\/2026\/04\/Dia-libro_web_2026_2-300x257.jpeg 300w\" sizes=\"(max-width: 519px) 100vw, 519px\" \/><\/div>\n\t\t<\/a>\n\t\t\t\t<div class=\"elementor-post__text\">\n\t\t\t\t<h3 class=\"elementor-post__title\">\n\t\t\t<a href=\"https:\/\/www.hms.cl\/index.php\/2026\/04\/29\/con-alta-convocatoria-hms-conmemora-el-dia-del-libro\/\" >\n\t\t\t\tCON ALTA CONVOCATORIA HMS CONMEMORA EL D\u00cdA DEL LIBRO\t\t\t<\/a>\n\t\t<\/h3>\n\t\t\t\t<div class=\"elementor-post__meta-data\">\n\t\t\t\t\t<span class=\"elementor-post-date\">\n\t\t\t29 de Abril de 2026\t\t<\/span>\n\t\t\t\t<\/div>\n\t\t\n\t\t<a class=\"elementor-post__read-more\" href=\"https:\/\/www.hms.cl\/index.php\/2026\/04\/29\/con-alta-convocatoria-hms-conmemora-el-dia-del-libro\/\" aria-label=\"Read more about CON ALTA CONVOCATORIA HMS CONMEMORA EL D\u00cdA DEL LIBRO\" tabindex=\"-1\" >\n\t\t\tLeer M\u00e1s\t\t<\/a>\n\n\t\t\t\t<\/div>\n\t\t\t\t<\/article>\n\t\t\t\t<\/div>\n\t\t\n\t\t\t\t\t\t<\/div>\n\t\t\t\t<\/div>\n\t\t\t\t\t<\/div>\n\t\t\t\t<\/div>\n\t\t\t\t<\/div>\n\t\t","protected":false},"excerpt":{"rendered":"<p>Como parte de las actividades por el\u00a0145\u00b0 aniversario de Sanidad y Sanidad Dental, el Hospital Militar de Santiago (HMS)<\/p>\n","protected":false},"author":1,"featured_media":3288,"comment_status":"closed","ping_status":"open","sticky":false,"template":"","format":"standard","meta":{"footnotes":""},"categories":[8],"tags":[],"class_list":["post-3265","post","type-post","status-publish","format-standard","has-post-thumbnail","hentry","category-noticias"],"yoast_head":"<!-- This site is optimized with the Yoast SEO plugin v25.6 - https:\/\/yoast.com\/wordpress\/plugins\/seo\/ -->\n<title>HMS REALIZ\u00d3 CICLO DE CONFERENCIAS ACAD\u00c9MICAS LIGADAS AL \u00c1MBITO DE LA SALUD - Hospital Militar de Santiago<\/title>\n<meta name=\"robots\" content=\"index, follow, max-snippet:-1, max-image-preview:large, max-video-preview:-1\" \/>\n<link rel=\"canonical\" href=\"https:\/\/www.hms.cl\/index.php\/2024\/05\/17\/hms-realizo-ciclo-de-conferencias-academicas-ligadas-al-ambito-de-la-salud\/\" \/>\n<meta property=\"og:locale\" content=\"es_ES\" \/>\n<meta property=\"og:type\" content=\"article\" \/>\n<meta property=\"og:title\" content=\"HMS REALIZ\u00d3 CICLO DE CONFERENCIAS ACAD\u00c9MICAS LIGADAS AL \u00c1MBITO DE LA SALUD - Hospital Militar de Santiago\" \/>\n<meta property=\"og:description\" content=\"Como parte de las actividades por el\u00a0145\u00b0 aniversario de Sanidad y Sanidad Dental, el Hospital Militar de Santiago (HMS)\" \/>\n<meta property=\"og:url\" content=\"https:\/\/www.hms.cl\/index.php\/2024\/05\/17\/hms-realizo-ciclo-de-conferencias-academicas-ligadas-al-ambito-de-la-salud\/\" \/>\n<meta property=\"og:site_name\" content=\"Hospital Militar de Santiago\" \/>\n<meta property=\"article:publisher\" content=\"https:\/\/www.facebook.com\/hospitalmilitardesantiago\" \/>\n<meta property=\"article:published_time\" content=\"2024-05-17T16:00:21+00:00\" \/>\n<meta property=\"article:modified_time\" content=\"2025-06-25T17:07:59+00:00\" \/>\n<meta property=\"og:image\" content=\"https:\/\/www.hms.cl\/wp-content\/uploads\/2025\/06\/145\u00b0-aniversario-de-Sanidad-y-Sanidad-Dental-Portada.jpg\" \/>\n\t<meta property=\"og:image:width\" content=\"1920\" \/>\n\t<meta property=\"og:image:height\" content=\"1080\" \/>\n\t<meta property=\"og:image:type\" content=\"image\/jpeg\" \/>\n<meta name=\"author\" content=\"Admin\" \/>\n<meta name=\"twitter:card\" content=\"summary_large_image\" \/>\n<meta name=\"twitter:creator\" content=\"@HosMilSantiago\" \/>\n<meta name=\"twitter:site\" content=\"@HosMilSantiago\" \/>\n<meta name=\"twitter:label1\" content=\"Escrito por\" \/>\n\t<meta name=\"twitter:data1\" content=\"Admin\" \/>\n\t<meta name=\"twitter:label2\" content=\"Tiempo estimado de lectura\" \/>\n\t<meta name=\"twitter:data2\" content=\"6 minutos\" \/>\n<script type=\"application\/ld+json\" class=\"yoast-schema-graph\">{\"@context\":\"https:\/\/schema.org\",\"@graph\":[{\"@type\":\"Article\",\"@id\":\"https:\/\/www.hms.cl\/index.php\/2024\/05\/17\/hms-realizo-ciclo-de-conferencias-academicas-ligadas-al-ambito-de-la-salud\/#article\",\"isPartOf\":{\"@id\":\"https:\/\/www.hms.cl\/index.php\/2024\/05\/17\/hms-realizo-ciclo-de-conferencias-academicas-ligadas-al-ambito-de-la-salud\/\"},\"author\":{\"name\":\"Admin\",\"@id\":\"https:\/\/www.hms.cl\/#\/schema\/person\/93186034b446672703627f9ef2d767ca\"},\"headline\":\"HMS REALIZ\u00d3 CICLO DE CONFERENCIAS ACAD\u00c9MICAS LIGADAS AL \u00c1MBITO DE LA SALUD\",\"datePublished\":\"2024-05-17T16:00:21+00:00\",\"dateModified\":\"2025-06-25T17:07:59+00:00\",\"mainEntityOfPage\":{\"@id\":\"https:\/\/www.hms.cl\/index.php\/2024\/05\/17\/hms-realizo-ciclo-de-conferencias-academicas-ligadas-al-ambito-de-la-salud\/\"},\"wordCount\":1092,\"publisher\":{\"@id\":\"https:\/\/www.hms.cl\/#organization\"},\"image\":{\"@id\":\"https:\/\/www.hms.cl\/index.php\/2024\/05\/17\/hms-realizo-ciclo-de-conferencias-academicas-ligadas-al-ambito-de-la-salud\/#primaryimage\"},\"thumbnailUrl\":\"https:\/\/www.hms.cl\/wp-content\/uploads\/2025\/06\/145\u00b0-aniversario-de-Sanidad-y-Sanidad-Dental-Portada.jpg\",\"articleSection\":[\"Noticias\"],\"inLanguage\":\"es-CL\"},{\"@type\":\"WebPage\",\"@id\":\"https:\/\/www.hms.cl\/index.php\/2024\/05\/17\/hms-realizo-ciclo-de-conferencias-academicas-ligadas-al-ambito-de-la-salud\/\",\"url\":\"https:\/\/www.hms.cl\/index.php\/2024\/05\/17\/hms-realizo-ciclo-de-conferencias-academicas-ligadas-al-ambito-de-la-salud\/\",\"name\":\"HMS REALIZ\u00d3 CICLO DE CONFERENCIAS ACAD\u00c9MICAS LIGADAS AL \u00c1MBITO DE LA SALUD - Hospital Militar de Santiago\",\"isPartOf\":{\"@id\":\"https:\/\/www.hms.cl\/#website\"},\"primaryImageOfPage\":{\"@id\":\"https:\/\/www.hms.cl\/index.php\/2024\/05\/17\/hms-realizo-ciclo-de-conferencias-academicas-ligadas-al-ambito-de-la-salud\/#primaryimage\"},\"image\":{\"@id\":\"https:\/\/www.hms.cl\/index.php\/2024\/05\/17\/hms-realizo-ciclo-de-conferencias-academicas-ligadas-al-ambito-de-la-salud\/#primaryimage\"},\"thumbnailUrl\":\"https:\/\/www.hms.cl\/wp-content\/uploads\/2025\/06\/145\u00b0-aniversario-de-Sanidad-y-Sanidad-Dental-Portada.jpg\",\"datePublished\":\"2024-05-17T16:00:21+00:00\",\"dateModified\":\"2025-06-25T17:07:59+00:00\",\"breadcrumb\":{\"@id\":\"https:\/\/www.hms.cl\/index.php\/2024\/05\/17\/hms-realizo-ciclo-de-conferencias-academicas-ligadas-al-ambito-de-la-salud\/#breadcrumb\"},\"inLanguage\":\"es-CL\",\"potentialAction\":[{\"@type\":\"ReadAction\",\"target\":[\"https:\/\/www.hms.cl\/index.php\/2024\/05\/17\/hms-realizo-ciclo-de-conferencias-academicas-ligadas-al-ambito-de-la-salud\/\"]}]},{\"@type\":\"ImageObject\",\"inLanguage\":\"es-CL\",\"@id\":\"https:\/\/www.hms.cl\/index.php\/2024\/05\/17\/hms-realizo-ciclo-de-conferencias-academicas-ligadas-al-ambito-de-la-salud\/#primaryimage\",\"url\":\"https:\/\/www.hms.cl\/wp-content\/uploads\/2025\/06\/145\u00b0-aniversario-de-Sanidad-y-Sanidad-Dental-Portada.jpg\",\"contentUrl\":\"https:\/\/www.hms.cl\/wp-content\/uploads\/2025\/06\/145\u00b0-aniversario-de-Sanidad-y-Sanidad-Dental-Portada.jpg\",\"width\":1920,\"height\":1080},{\"@type\":\"BreadcrumbList\",\"@id\":\"https:\/\/www.hms.cl\/index.php\/2024\/05\/17\/hms-realizo-ciclo-de-conferencias-academicas-ligadas-al-ambito-de-la-salud\/#breadcrumb\",\"itemListElement\":[{\"@type\":\"ListItem\",\"position\":1,\"name\":\"Home\",\"item\":\"https:\/\/www.hms.cl\/\"},{\"@type\":\"ListItem\",\"position\":2,\"name\":\"HMS REALIZ\u00d3 CICLO DE CONFERENCIAS ACAD\u00c9MICAS LIGADAS AL \u00c1MBITO DE LA SALUD\"}]},{\"@type\":\"WebSite\",\"@id\":\"https:\/\/www.hms.cl\/#website\",\"url\":\"https:\/\/www.hms.cl\/\",\"name\":\"Hospital Militar de Santiago\",\"description\":\"\",\"publisher\":{\"@id\":\"https:\/\/www.hms.cl\/#organization\"},\"potentialAction\":[{\"@type\":\"SearchAction\",\"target\":{\"@type\":\"EntryPoint\",\"urlTemplate\":\"https:\/\/www.hms.cl\/?s={search_term_string}\"},\"query-input\":{\"@type\":\"PropertyValueSpecification\",\"valueRequired\":true,\"valueName\":\"search_term_string\"}}],\"inLanguage\":\"es-CL\"},{\"@type\":\"Organization\",\"@id\":\"https:\/\/www.hms.cl\/#organization\",\"name\":\"Hospital Militar de Santiago\",\"url\":\"https:\/\/www.hms.cl\/\",\"logo\":{\"@type\":\"ImageObject\",\"inLanguage\":\"es-CL\",\"@id\":\"https:\/\/www.hms.cl\/#\/schema\/logo\/image\/\",\"url\":\"https:\/\/www.hms.cl\/wp-content\/uploads\/2025\/07\/Logo-Vertical-Mediano.png\",\"contentUrl\":\"https:\/\/www.hms.cl\/wp-content\/uploads\/2025\/07\/Logo-Vertical-Mediano.png\",\"width\":1280,\"height\":720,\"caption\":\"Hospital Militar de Santiago\"},\"image\":{\"@id\":\"https:\/\/www.hms.cl\/#\/schema\/logo\/image\/\"},\"sameAs\":[\"https:\/\/www.facebook.com\/hospitalmilitardesantiago\",\"https:\/\/x.com\/HosMilSantiago\",\"https:\/\/www.instagram.com\/hospitalmilitardesantiago\/\",\"https:\/\/www.linkedin.com\/company\/hospital-militar-de-santiago-hosmil\",\"https:\/\/www.youtube.com\/c\/HMSVIDEO\"]},{\"@type\":\"Person\",\"@id\":\"https:\/\/www.hms.cl\/#\/schema\/person\/93186034b446672703627f9ef2d767ca\",\"name\":\"Admin\",\"image\":{\"@type\":\"ImageObject\",\"inLanguage\":\"es-CL\",\"@id\":\"https:\/\/www.hms.cl\/#\/schema\/person\/image\/\",\"url\":\"https:\/\/secure.gravatar.com\/avatar\/9384d0095fd3da50dc372f84c8bcde28aac29e86759f23fd0cfb33f9820a4e50?s=96&d=mm&r=g\",\"contentUrl\":\"https:\/\/secure.gravatar.com\/avatar\/9384d0095fd3da50dc372f84c8bcde28aac29e86759f23fd0cfb33f9820a4e50?s=96&d=mm&r=g\",\"caption\":\"Admin\"},\"sameAs\":[\"http:\/\/10.10.50.51\"],\"url\":\"https:\/\/www.hms.cl\/index.php\/author\/admin\/\"}]}<\/script>\n<!-- \/ Yoast SEO plugin. -->","yoast_head_json":{"title":"HMS REALIZ\u00d3 CICLO DE CONFERENCIAS ACAD\u00c9MICAS LIGADAS AL \u00c1MBITO DE LA SALUD - Hospital Militar de Santiago","robots":{"index":"index","follow":"follow","max-snippet":"max-snippet:-1","max-image-preview":"max-image-preview:large","max-video-preview":"max-video-preview:-1"},"canonical":"https:\/\/www.hms.cl\/index.php\/2024\/05\/17\/hms-realizo-ciclo-de-conferencias-academicas-ligadas-al-ambito-de-la-salud\/","og_locale":"es_ES","og_type":"article","og_title":"HMS REALIZ\u00d3 CICLO DE CONFERENCIAS ACAD\u00c9MICAS LIGADAS AL \u00c1MBITO DE LA SALUD - Hospital Militar de Santiago","og_description":"Como parte de las actividades por el\u00a0145\u00b0 aniversario de Sanidad y Sanidad Dental, el Hospital Militar de Santiago (HMS)","og_url":"https:\/\/www.hms.cl\/index.php\/2024\/05\/17\/hms-realizo-ciclo-de-conferencias-academicas-ligadas-al-ambito-de-la-salud\/","og_site_name":"Hospital Militar de Santiago","article_publisher":"https:\/\/www.facebook.com\/hospitalmilitardesantiago","article_published_time":"2024-05-17T16:00:21+00:00","article_modified_time":"2025-06-25T17:07:59+00:00","og_image":[{"width":1920,"height":1080,"url":"https:\/\/www.hms.cl\/wp-content\/uploads\/2025\/06\/145\u00b0-aniversario-de-Sanidad-y-Sanidad-Dental-Portada.jpg","type":"image\/jpeg"}],"author":"Admin","twitter_card":"summary_large_image","twitter_creator":"@HosMilSantiago","twitter_site":"@HosMilSantiago","twitter_misc":{"Escrito por":"Admin","Tiempo estimado de lectura":"6 minutos"},"schema":{"@context":"https:\/\/schema.org","@graph":[{"@type":"Article","@id":"https:\/\/www.hms.cl\/index.php\/2024\/05\/17\/hms-realizo-ciclo-de-conferencias-academicas-ligadas-al-ambito-de-la-salud\/#article","isPartOf":{"@id":"https:\/\/www.hms.cl\/index.php\/2024\/05\/17\/hms-realizo-ciclo-de-conferencias-academicas-ligadas-al-ambito-de-la-salud\/"},"author":{"name":"Admin","@id":"https:\/\/www.hms.cl\/#\/schema\/person\/93186034b446672703627f9ef2d767ca"},"headline":"HMS REALIZ\u00d3 CICLO DE CONFERENCIAS ACAD\u00c9MICAS LIGADAS AL \u00c1MBITO DE LA SALUD","datePublished":"2024-05-17T16:00:21+00:00","dateModified":"2025-06-25T17:07:59+00:00","mainEntityOfPage":{"@id":"https:\/\/www.hms.cl\/index.php\/2024\/05\/17\/hms-realizo-ciclo-de-conferencias-academicas-ligadas-al-ambito-de-la-salud\/"},"wordCount":1092,"publisher":{"@id":"https:\/\/www.hms.cl\/#organization"},"image":{"@id":"https:\/\/www.hms.cl\/index.php\/2024\/05\/17\/hms-realizo-ciclo-de-conferencias-academicas-ligadas-al-ambito-de-la-salud\/#primaryimage"},"thumbnailUrl":"https:\/\/www.hms.cl\/wp-content\/uploads\/2025\/06\/145\u00b0-aniversario-de-Sanidad-y-Sanidad-Dental-Portada.jpg","articleSection":["Noticias"],"inLanguage":"es-CL"},{"@type":"WebPage","@id":"https:\/\/www.hms.cl\/index.php\/2024\/05\/17\/hms-realizo-ciclo-de-conferencias-academicas-ligadas-al-ambito-de-la-salud\/","url":"https:\/\/www.hms.cl\/index.php\/2024\/05\/17\/hms-realizo-ciclo-de-conferencias-academicas-ligadas-al-ambito-de-la-salud\/","name":"HMS REALIZ\u00d3 CICLO DE CONFERENCIAS ACAD\u00c9MICAS LIGADAS AL \u00c1MBITO DE LA SALUD - Hospital Militar de Santiago","isPartOf":{"@id":"https:\/\/www.hms.cl\/#website"},"primaryImageOfPage":{"@id":"https:\/\/www.hms.cl\/index.php\/2024\/05\/17\/hms-realizo-ciclo-de-conferencias-academicas-ligadas-al-ambito-de-la-salud\/#primaryimage"},"image":{"@id":"https:\/\/www.hms.cl\/index.php\/2024\/05\/17\/hms-realizo-ciclo-de-conferencias-academicas-ligadas-al-ambito-de-la-salud\/#primaryimage"},"thumbnailUrl":"https:\/\/www.hms.cl\/wp-content\/uploads\/2025\/06\/145\u00b0-aniversario-de-Sanidad-y-Sanidad-Dental-Portada.jpg","datePublished":"2024-05-17T16:00:21+00:00","dateModified":"2025-06-25T17:07:59+00:00","breadcrumb":{"@id":"https:\/\/www.hms.cl\/index.php\/2024\/05\/17\/hms-realizo-ciclo-de-conferencias-academicas-ligadas-al-ambito-de-la-salud\/#breadcrumb"},"inLanguage":"es-CL","potentialAction":[{"@type":"ReadAction","target":["https:\/\/www.hms.cl\/index.php\/2024\/05\/17\/hms-realizo-ciclo-de-conferencias-academicas-ligadas-al-ambito-de-la-salud\/"]}]},{"@type":"ImageObject","inLanguage":"es-CL","@id":"https:\/\/www.hms.cl\/index.php\/2024\/05\/17\/hms-realizo-ciclo-de-conferencias-academicas-ligadas-al-ambito-de-la-salud\/#primaryimage","url":"https:\/\/www.hms.cl\/wp-content\/uploads\/2025\/06\/145\u00b0-aniversario-de-Sanidad-y-Sanidad-Dental-Portada.jpg","contentUrl":"https:\/\/www.hms.cl\/wp-content\/uploads\/2025\/06\/145\u00b0-aniversario-de-Sanidad-y-Sanidad-Dental-Portada.jpg","width":1920,"height":1080},{"@type":"BreadcrumbList","@id":"https:\/\/www.hms.cl\/index.php\/2024\/05\/17\/hms-realizo-ciclo-de-conferencias-academicas-ligadas-al-ambito-de-la-salud\/#breadcrumb","itemListElement":[{"@type":"ListItem","position":1,"name":"Home","item":"https:\/\/www.hms.cl\/"},{"@type":"ListItem","position":2,"name":"HMS REALIZ\u00d3 CICLO DE CONFERENCIAS ACAD\u00c9MICAS LIGADAS AL \u00c1MBITO DE LA SALUD"}]},{"@type":"WebSite","@id":"https:\/\/www.hms.cl\/#website","url":"https:\/\/www.hms.cl\/","name":"Hospital Militar de Santiago","description":"","publisher":{"@id":"https:\/\/www.hms.cl\/#organization"},"potentialAction":[{"@type":"SearchAction","target":{"@type":"EntryPoint","urlTemplate":"https:\/\/www.hms.cl\/?s={search_term_string}"},"query-input":{"@type":"PropertyValueSpecification","valueRequired":true,"valueName":"search_term_string"}}],"inLanguage":"es-CL"},{"@type":"Organization","@id":"https:\/\/www.hms.cl\/#organization","name":"Hospital Militar de Santiago","url":"https:\/\/www.hms.cl\/","logo":{"@type":"ImageObject","inLanguage":"es-CL","@id":"https:\/\/www.hms.cl\/#\/schema\/logo\/image\/","url":"https:\/\/www.hms.cl\/wp-content\/uploads\/2025\/07\/Logo-Vertical-Mediano.png","contentUrl":"https:\/\/www.hms.cl\/wp-content\/uploads\/2025\/07\/Logo-Vertical-Mediano.png","width":1280,"height":720,"caption":"Hospital Militar de Santiago"},"image":{"@id":"https:\/\/www.hms.cl\/#\/schema\/logo\/image\/"},"sameAs":["https:\/\/www.facebook.com\/hospitalmilitardesantiago","https:\/\/x.com\/HosMilSantiago","https:\/\/www.instagram.com\/hospitalmilitardesantiago\/","https:\/\/www.linkedin.com\/company\/hospital-militar-de-santiago-hosmil","https:\/\/www.youtube.com\/c\/HMSVIDEO"]},{"@type":"Person","@id":"https:\/\/www.hms.cl\/#\/schema\/person\/93186034b446672703627f9ef2d767ca","name":"Admin","image":{"@type":"ImageObject","inLanguage":"es-CL","@id":"https:\/\/www.hms.cl\/#\/schema\/person\/image\/","url":"https:\/\/secure.gravatar.com\/avatar\/9384d0095fd3da50dc372f84c8bcde28aac29e86759f23fd0cfb33f9820a4e50?s=96&d=mm&r=g","contentUrl":"https:\/\/secure.gravatar.com\/avatar\/9384d0095fd3da50dc372f84c8bcde28aac29e86759f23fd0cfb33f9820a4e50?s=96&d=mm&r=g","caption":"Admin"},"sameAs":["http:\/\/10.10.50.51"],"url":"https:\/\/www.hms.cl\/index.php\/author\/admin\/"}]}},"_links":{"self":[{"href":"https:\/\/www.hms.cl\/index.php\/wp-json\/wp\/v2\/posts\/3265","targetHints":{"allow":["GET"]}}],"collection":[{"href":"https:\/\/www.hms.cl\/index.php\/wp-json\/wp\/v2\/posts"}],"about":[{"href":"https:\/\/www.hms.cl\/index.php\/wp-json\/wp\/v2\/types\/post"}],"author":[{"embeddable":true,"href":"https:\/\/www.hms.cl\/index.php\/wp-json\/wp\/v2\/users\/1"}],"replies":[{"embeddable":true,"href":"https:\/\/www.hms.cl\/index.php\/wp-json\/wp\/v2\/comments?post=3265"}],"version-history":[{"count":9,"href":"https:\/\/www.hms.cl\/index.php\/wp-json\/wp\/v2\/posts\/3265\/revisions"}],"predecessor-version":[{"id":3291,"href":"https:\/\/www.hms.cl\/index.php\/wp-json\/wp\/v2\/posts\/3265\/revisions\/3291"}],"wp:featuredmedia":[{"embeddable":true,"href":"https:\/\/www.hms.cl\/index.php\/wp-json\/wp\/v2\/media\/3288"}],"wp:attachment":[{"href":"https:\/\/www.hms.cl\/index.php\/wp-json\/wp\/v2\/media?parent=3265"}],"wp:term":[{"taxonomy":"category","embeddable":true,"href":"https:\/\/www.hms.cl\/index.php\/wp-json\/wp\/v2\/categories?post=3265"},{"taxonomy":"post_tag","embeddable":true,"href":"https:\/\/www.hms.cl\/index.php\/wp-json\/wp\/v2\/tags?post=3265"}],"curies":[{"name":"wp","href":"https:\/\/api.w.org\/{rel}","templated":true}]}}