{"id":3058,"date":"2024-06-24T10:00:17","date_gmt":"2024-06-24T13:00:17","guid":{"rendered":"http:\/\/10.10.50.51\/?p=3058"},"modified":"2025-06-24T12:53:40","modified_gmt":"2025-06-24T15:53:40","slug":"instituto-geografico-militar-se-suma-a-la-donacion-de-sangre","status":"publish","type":"post","link":"https:\/\/www.hms.cl\/index.php\/2024\/06\/24\/instituto-geografico-militar-se-suma-a-la-donacion-de-sangre\/","title":{"rendered":"INSTITUTO GEOGR\u00c1FICO MILITAR SE SUMA A LA DONACI\u00d3N DE SANGRE"},"content":{"rendered":"\t\t<div data-elementor-type=\"wp-post\" data-elementor-id=\"3058\" class=\"elementor elementor-3058\" data-elementor-post-type=\"post\">\n\t\t\t\t<div class=\"elementor-element elementor-element-5e9128a e-con-full e-flex e-con e-parent\" data-id=\"5e9128a\" data-element_type=\"container\">\n\t\t\t\t<div class=\"elementor-element elementor-element-732bd26e elementor-widget elementor-widget-heading\" data-id=\"732bd26e\" data-element_type=\"widget\" data-widget_type=\"heading.default\">\n\t\t\t\t<div class=\"elementor-widget-container\">\n\t\t\t\t\t<h2 class=\"elementor-heading-title elementor-size-default\">INSTITUTO GEOGR\u00c1FICO MILITAR SE SUMA A LA DONACI\u00d3N DE SANGRE<\/h2>\t\t\t\t<\/div>\n\t\t\t\t<\/div>\n\t\t\t\t<\/div>\n\t\t<div class=\"elementor-element elementor-element-7f9f2494 e-flex e-con-boxed e-con e-parent\" data-id=\"7f9f2494\" data-element_type=\"container\">\n\t\t\t\t\t<div class=\"e-con-inner\">\n\t\t<div class=\"elementor-element elementor-element-5467185d e-con-full e-flex e-con e-child\" data-id=\"5467185d\" data-element_type=\"container\">\n\t\t\t\t<div class=\"elementor-element elementor-element-1662a5ec elementor-widget elementor-widget-text-editor\" data-id=\"1662a5ec\" data-element_type=\"widget\" data-widget_type=\"text-editor.default\">\n\t\t\t\t<div class=\"elementor-widget-container\">\n\t\t\t\t\t\t\t\t\t<p align=\"justify\">La Fundaci\u00f3n de Se\u00f1oras del Ej\u00e9rcito y el Hospital Militar de Santiago (HMS) realizaron el\u00a0<b>tercer operativo de donaci\u00f3n de sangre<\/b>\u00a0de este 2024, en el Instituto Geogr\u00e1fico Militar.<\/p><p align=\"justify\">En la ocasi\u00f3n,\u00a0<b>30 fueron las personas que voluntariamente\u00a0<\/b>se acercaron para apoyar esta noble causa, logrando recolectar 24 unidades de sangre, lo que puede alcanzar a traducirse en la ayuda a 53 pacientes que lo necesiten.<\/p><p align=\"justify\">El HMS se hizo presente en el operativo, que dur\u00f3 alrededor de 5 horas, con cinco profesionales de la salud, liderados por<b>\u00a0la tecn\u00f3loga m\u00e9dico Alexandra C\u00e1rcamo Navarro<\/b>, Directora T\u00e9cnica del Banco de Sangre del hospital.<\/p><p align=\"justify\">Mientras que la Fundaci\u00f3n de Se\u00f1oras del Ej\u00e9rcito cont\u00f3 con la presencia de sus voluntarias y de Milena Radnic Mira, quienes en todo momento agradecieron el accionar altruista de los voluntarios donantes y<b>\u00a0reforzaron su compromiso de concientizar sobre la necesidad de aumentar los niveles de sangre<\/b>\u00a0del recinto m\u00e9dico.<\/p><p align=\"justify\">Esto con el objetivo de que m\u00e1s personas se sumen y se vuelvan donantes regulares de sangre, teniendo en cuenta que este suministro es esencial no s\u00f3lo para salvar vidas, sino que tambi\u00e9n para quienes se ven afectados por una grave enfermedades o sufren un accidente, y la necesitan con urgencia.<\/p><p align=\"justify\">En lo que va del a\u00f1o, y ya con tres operativos realizados a la fecha,\u00a0<b>el \u201cPrograma de Donaci\u00f3n Altruista del Ej\u00e9rcito\u201d ha logrado recolectar 107 unidades de sangre<\/b>.<\/p><p align=\"justify\">Pero no podemos quedarnos s\u00f3lo en eso y como HMS continuamos incentivamos, tanto a personal del Ej\u00e9rcito de Chile y a la comunidad en general, a ser parte de esta permanente causa.<\/p><p align=\"justify\"><a role=\"link\" name=\"_GoBack\"><\/a>Por eso, si quieres\u00a0<b>convertirte en donante debes dirigirte al \u201cBanco de Sangre del HMS\u201d<\/b>\u00a0de lunes a viernes, previo agendamiento al n\u00famero 22 331 6828. Conoce m\u00e1s sobre el proceso, qui\u00e9nes pueden donar y c\u00f3mo hacerlo en el siguiente\u00a0<a role=\"link\" href=\"https:\/\/www.hms.cl\/?page_id=5926\">link\u00a0<\/a><\/p><p align=\"justify\"><b>Contamos contigo: \u00a1Donar sangre es donar vida!<\/b><\/p>\t\t\t\t\t\t\t\t<\/div>\n\t\t\t\t<\/div>\n\t\t\t\t<\/div>\n\t\t<div class=\"elementor-element elementor-element-534d035e e-con-full e-flex e-con e-child\" data-id=\"534d035e\" data-element_type=\"container\">\n\t\t\t\t<div class=\"elementor-element elementor-element-af08de3 elementor-widget__width-initial elementor-widget elementor-widget-video\" data-id=\"af08de3\" data-element_type=\"widget\" data-settings=\"{&quot;video_type&quot;:&quot;hosted&quot;,&quot;controls&quot;:&quot;yes&quot;}\" data-widget_type=\"video.default\">\n\t\t\t\t<div class=\"elementor-widget-container\">\n\t\t\t\t\t\t\t<div class=\"e-hosted-video elementor-wrapper elementor-open-inline\">\n\t\t\t\t\t<video class=\"elementor-video\" src=\"https:\/\/www.hms.cl\/wp-content\/uploads\/2025\/06\/IGM-donacion-de-sangre-2024.m4v\" controls=\"\" preload=\"metadata\" controlsList=\"nodownload\"><\/video>\n\t\t\t\t<\/div>\n\t\t\t\t\t\t<\/div>\n\t\t\t\t<\/div>\n\t\t\t\t<div class=\"elementor-element elementor-element-5742f261 elementor-widget-divider--view-line elementor-widget elementor-widget-divider\" data-id=\"5742f261\" data-element_type=\"widget\" data-widget_type=\"divider.default\">\n\t\t\t\t<div class=\"elementor-widget-container\">\n\t\t\t\t\t\t\t<div class=\"elementor-divider\">\n\t\t\t<span class=\"elementor-divider-separator\">\n\t\t\t\t\t\t<\/span>\n\t\t<\/div>\n\t\t\t\t\t\t<\/div>\n\t\t\t\t<\/div>\n\t\t\t\t<\/div>\n\t\t\t\t\t<\/div>\n\t\t\t\t<\/div>\n\t\t<div class=\"elementor-element elementor-element-3b88e7c7 e-flex e-con-boxed e-con e-parent\" data-id=\"3b88e7c7\" data-element_type=\"container\">\n\t\t\t\t\t<div class=\"e-con-inner\">\n\t\t\t\t<div class=\"elementor-element elementor-element-12cea41 elementor-widget-divider--view-line elementor-widget elementor-widget-divider\" data-id=\"12cea41\" data-element_type=\"widget\" data-widget_type=\"divider.default\">\n\t\t\t\t<div class=\"elementor-widget-container\">\n\t\t\t\t\t\t\t<div class=\"elementor-divider\">\n\t\t\t<span class=\"elementor-divider-separator\">\n\t\t\t\t\t\t<\/span>\n\t\t<\/div>\n\t\t\t\t\t\t<\/div>\n\t\t\t\t<\/div>\n\t\t\t\t\t<\/div>\n\t\t\t\t<\/div>\n\t\t<div class=\"elementor-element elementor-element-25100f1a e-flex e-con-boxed e-con e-parent\" data-id=\"25100f1a\" data-element_type=\"container\">\n\t\t\t\t\t<div class=\"e-con-inner\">\n\t\t\t\t<div class=\"elementor-element elementor-element-261a7930 elementor-grid-3 elementor-grid-tablet-2 elementor-grid-mobile-1 elementor-posts--thumbnail-top elementor-widget elementor-widget-posts\" data-id=\"261a7930\" data-element_type=\"widget\" data-settings=\"{&quot;classic_columns&quot;:&quot;3&quot;,&quot;classic_columns_tablet&quot;:&quot;2&quot;,&quot;classic_columns_mobile&quot;:&quot;1&quot;,&quot;classic_row_gap&quot;:{&quot;unit&quot;:&quot;px&quot;,&quot;size&quot;:35,&quot;sizes&quot;:[]},&quot;classic_row_gap_tablet&quot;:{&quot;unit&quot;:&quot;px&quot;,&quot;size&quot;:&quot;&quot;,&quot;sizes&quot;:[]},&quot;classic_row_gap_mobile&quot;:{&quot;unit&quot;:&quot;px&quot;,&quot;size&quot;:&quot;&quot;,&quot;sizes&quot;:[]}}\" data-widget_type=\"posts.classic\">\n\t\t\t\t<div class=\"elementor-widget-container\">\n\t\t\t\t\t\t\t<div class=\"elementor-posts-container elementor-posts elementor-posts--skin-classic elementor-grid\" role=\"list\">\n\t\t\t\t<article class=\"elementor-post elementor-grid-item post-11647 post type-post status-publish format-standard has-post-thumbnail hentry category-noticias\" role=\"listitem\">\n\t\t\t\t<a class=\"elementor-post__thumbnail__link\" href=\"https:\/\/www.hms.cl\/index.php\/2026\/04\/30\/hms-realiza-ceremonia-de-ascenso-y-despedida-de-personal\/\" tabindex=\"-1\" >\n\t\t\t<div class=\"elementor-post__thumbnail\"><img fetchpriority=\"high\" decoding=\"async\" width=\"519\" height=\"444\" src=\"https:\/\/www.hms.cl\/wp-content\/uploads\/2026\/04\/Ascenso2_abril_web.jpeg\" class=\"attachment-full size-full wp-image-11675\" alt=\"\" srcset=\"https:\/\/www.hms.cl\/wp-content\/uploads\/2026\/04\/Ascenso2_abril_web.jpeg 519w, https:\/\/www.hms.cl\/wp-content\/uploads\/2026\/04\/Ascenso2_abril_web-300x257.jpeg 300w\" sizes=\"(max-width: 519px) 100vw, 519px\" \/><\/div>\n\t\t<\/a>\n\t\t\t\t<div class=\"elementor-post__text\">\n\t\t\t\t<h3 class=\"elementor-post__title\">\n\t\t\t<a href=\"https:\/\/www.hms.cl\/index.php\/2026\/04\/30\/hms-realiza-ceremonia-de-ascenso-y-despedida-de-personal\/\" >\n\t\t\t\tHMS REALIZA CEREMONIA DE ASCENSO Y DESPEDIDA DE PERSONAL\t\t\t<\/a>\n\t\t<\/h3>\n\t\t\t\t<div class=\"elementor-post__meta-data\">\n\t\t\t\t\t<span class=\"elementor-post-date\">\n\t\t\t30 de Abril de 2026\t\t<\/span>\n\t\t\t\t<\/div>\n\t\t\n\t\t<a class=\"elementor-post__read-more\" href=\"https:\/\/www.hms.cl\/index.php\/2026\/04\/30\/hms-realiza-ceremonia-de-ascenso-y-despedida-de-personal\/\" aria-label=\"Read more about HMS REALIZA CEREMONIA DE ASCENSO Y DESPEDIDA DE PERSONAL\" tabindex=\"-1\" >\n\t\t\tLeer M\u00e1s\t\t<\/a>\n\n\t\t\t\t<\/div>\n\t\t\t\t<\/article>\n\t\t\t\t<article class=\"elementor-post elementor-grid-item post-11633 post type-post status-publish format-standard has-post-thumbnail hentry category-noticias\" role=\"listitem\">\n\t\t\t\t<a class=\"elementor-post__thumbnail__link\" href=\"https:\/\/www.hms.cl\/index.php\/2026\/04\/29\/minsal-se-reune-con-cje-para-coordinar-despliegue-del-hospital-militar-de-campana-en-los-angeles\/\" tabindex=\"-1\" >\n\t\t\t<div class=\"elementor-post__thumbnail\"><img decoding=\"async\" width=\"1084\" height=\"815\" src=\"https:\/\/www.hms.cl\/wp-content\/uploads\/2026\/04\/Visita-Ministra-Salud-Web.png\" class=\"attachment-full size-full wp-image-11635\" alt=\"\" srcset=\"https:\/\/www.hms.cl\/wp-content\/uploads\/2026\/04\/Visita-Ministra-Salud-Web.png 1084w, https:\/\/www.hms.cl\/wp-content\/uploads\/2026\/04\/Visita-Ministra-Salud-Web-300x226.png 300w, https:\/\/www.hms.cl\/wp-content\/uploads\/2026\/04\/Visita-Ministra-Salud-Web-1024x770.png 1024w, https:\/\/www.hms.cl\/wp-content\/uploads\/2026\/04\/Visita-Ministra-Salud-Web-768x577.png 768w\" sizes=\"(max-width: 1084px) 100vw, 1084px\" \/><\/div>\n\t\t<\/a>\n\t\t\t\t<div class=\"elementor-post__text\">\n\t\t\t\t<h3 class=\"elementor-post__title\">\n\t\t\t<a href=\"https:\/\/www.hms.cl\/index.php\/2026\/04\/29\/minsal-se-reune-con-cje-para-coordinar-despliegue-del-hospital-militar-de-campana-en-los-angeles\/\" >\n\t\t\t\tMINSAL SE REUNE CON CJE PARA COORDINAR DESPLIEGUE DEL HOSPITAL MILITAR DE CAMPA\u00d1A EN LOS ANGELES\t\t\t<\/a>\n\t\t<\/h3>\n\t\t\t\t<div class=\"elementor-post__meta-data\">\n\t\t\t\t\t<span class=\"elementor-post-date\">\n\t\t\t29 de Abril de 2026\t\t<\/span>\n\t\t\t\t<\/div>\n\t\t\n\t\t<a class=\"elementor-post__read-more\" href=\"https:\/\/www.hms.cl\/index.php\/2026\/04\/29\/minsal-se-reune-con-cje-para-coordinar-despliegue-del-hospital-militar-de-campana-en-los-angeles\/\" aria-label=\"Read more about MINSAL SE REUNE CON CJE PARA COORDINAR DESPLIEGUE DEL HOSPITAL MILITAR DE CAMPA\u00d1A EN LOS ANGELES\" tabindex=\"-1\" >\n\t\t\tLeer M\u00e1s\t\t<\/a>\n\n\t\t\t\t<\/div>\n\t\t\t\t<\/article>\n\t\t\t\t<article class=\"elementor-post elementor-grid-item post-11620 post type-post status-publish format-standard has-post-thumbnail hentry category-noticias\" role=\"listitem\">\n\t\t\t\t<a class=\"elementor-post__thumbnail__link\" href=\"https:\/\/www.hms.cl\/index.php\/2026\/04\/29\/con-alta-convocatoria-hms-conmemora-el-dia-del-libro\/\" tabindex=\"-1\" >\n\t\t\t<div class=\"elementor-post__thumbnail\"><img decoding=\"async\" width=\"519\" height=\"444\" src=\"https:\/\/www.hms.cl\/wp-content\/uploads\/2026\/04\/Dia-libro_web_2026_2.jpeg\" class=\"attachment-full size-full wp-image-11625\" alt=\"\" srcset=\"https:\/\/www.hms.cl\/wp-content\/uploads\/2026\/04\/Dia-libro_web_2026_2.jpeg 519w, https:\/\/www.hms.cl\/wp-content\/uploads\/2026\/04\/Dia-libro_web_2026_2-300x257.jpeg 300w\" sizes=\"(max-width: 519px) 100vw, 519px\" \/><\/div>\n\t\t<\/a>\n\t\t\t\t<div class=\"elementor-post__text\">\n\t\t\t\t<h3 class=\"elementor-post__title\">\n\t\t\t<a href=\"https:\/\/www.hms.cl\/index.php\/2026\/04\/29\/con-alta-convocatoria-hms-conmemora-el-dia-del-libro\/\" >\n\t\t\t\tCON ALTA CONVOCATORIA HMS CONMEMORA EL D\u00cdA DEL LIBRO\t\t\t<\/a>\n\t\t<\/h3>\n\t\t\t\t<div class=\"elementor-post__meta-data\">\n\t\t\t\t\t<span class=\"elementor-post-date\">\n\t\t\t29 de Abril de 2026\t\t<\/span>\n\t\t\t\t<\/div>\n\t\t\n\t\t<a class=\"elementor-post__read-more\" href=\"https:\/\/www.hms.cl\/index.php\/2026\/04\/29\/con-alta-convocatoria-hms-conmemora-el-dia-del-libro\/\" aria-label=\"Read more about CON ALTA CONVOCATORIA HMS CONMEMORA EL D\u00cdA DEL LIBRO\" tabindex=\"-1\" >\n\t\t\tLeer M\u00e1s\t\t<\/a>\n\n\t\t\t\t<\/div>\n\t\t\t\t<\/article>\n\t\t\t\t<\/div>\n\t\t\n\t\t\t\t\t\t<\/div>\n\t\t\t\t<\/div>\n\t\t\t\t\t<\/div>\n\t\t\t\t<\/div>\n\t\t\t\t<\/div>\n\t\t","protected":false},"excerpt":{"rendered":"<p>La Fundaci\u00f3n de Se\u00f1oras del Ej\u00e9rcito y el Hospital Militar de Santiago (HMS)<\/p>\n","protected":false},"author":1,"featured_media":3063,"comment_status":"closed","ping_status":"open","sticky":false,"template":"","format":"standard","meta":{"footnotes":""},"categories":[8],"tags":[],"class_list":["post-3058","post","type-post","status-publish","format-standard","has-post-thumbnail","hentry","category-noticias"],"yoast_head":"<!-- This site is optimized with the Yoast SEO plugin v25.6 - https:\/\/yoast.com\/wordpress\/plugins\/seo\/ -->\n<title>INSTITUTO GEOGR\u00c1FICO MILITAR SE SUMA A LA DONACI\u00d3N DE SANGRE - Hospital Militar de Santiago<\/title>\n<meta name=\"robots\" content=\"index, follow, max-snippet:-1, max-image-preview:large, max-video-preview:-1\" \/>\n<link rel=\"canonical\" href=\"https:\/\/www.hms.cl\/index.php\/2024\/06\/24\/instituto-geografico-militar-se-suma-a-la-donacion-de-sangre\/\" \/>\n<meta property=\"og:locale\" content=\"es_ES\" \/>\n<meta property=\"og:type\" content=\"article\" \/>\n<meta property=\"og:title\" content=\"INSTITUTO GEOGR\u00c1FICO MILITAR SE SUMA A LA DONACI\u00d3N DE SANGRE - Hospital Militar de Santiago\" \/>\n<meta property=\"og:description\" content=\"La Fundaci\u00f3n de Se\u00f1oras del Ej\u00e9rcito y el Hospital Militar de Santiago (HMS)\" \/>\n<meta property=\"og:url\" content=\"https:\/\/www.hms.cl\/index.php\/2024\/06\/24\/instituto-geografico-militar-se-suma-a-la-donacion-de-sangre\/\" \/>\n<meta property=\"og:site_name\" content=\"Hospital Militar de Santiago\" \/>\n<meta property=\"article:publisher\" content=\"https:\/\/www.facebook.com\/hospitalmilitardesantiago\" \/>\n<meta property=\"article:published_time\" content=\"2024-06-24T13:00:17+00:00\" \/>\n<meta property=\"article:modified_time\" content=\"2025-06-24T15:53:40+00:00\" \/>\n<meta property=\"og:image\" content=\"https:\/\/www.hms.cl\/wp-content\/uploads\/2025\/06\/IGM-donacion-de-sangre-2024-Portada.jpeg\" \/>\n\t<meta property=\"og:image:width\" content=\"1280\" \/>\n\t<meta property=\"og:image:height\" content=\"888\" \/>\n\t<meta property=\"og:image:type\" content=\"image\/jpeg\" \/>\n<meta name=\"author\" content=\"Admin\" \/>\n<meta name=\"twitter:card\" content=\"summary_large_image\" \/>\n<meta name=\"twitter:creator\" content=\"@HosMilSantiago\" \/>\n<meta name=\"twitter:site\" content=\"@HosMilSantiago\" \/>\n<meta name=\"twitter:label1\" content=\"Escrito por\" \/>\n\t<meta name=\"twitter:data1\" content=\"Admin\" \/>\n\t<meta name=\"twitter:label2\" content=\"Tiempo estimado de lectura\" \/>\n\t<meta name=\"twitter:data2\" content=\"3 minutos\" \/>\n<script type=\"application\/ld+json\" class=\"yoast-schema-graph\">{\"@context\":\"https:\/\/schema.org\",\"@graph\":[{\"@type\":\"Article\",\"@id\":\"https:\/\/www.hms.cl\/index.php\/2024\/06\/24\/instituto-geografico-militar-se-suma-a-la-donacion-de-sangre\/#article\",\"isPartOf\":{\"@id\":\"https:\/\/www.hms.cl\/index.php\/2024\/06\/24\/instituto-geografico-militar-se-suma-a-la-donacion-de-sangre\/\"},\"author\":{\"name\":\"Admin\",\"@id\":\"https:\/\/www.hms.cl\/#\/schema\/person\/93186034b446672703627f9ef2d767ca\"},\"headline\":\"INSTITUTO GEOGR\u00c1FICO MILITAR SE SUMA A LA DONACI\u00d3N DE SANGRE\",\"datePublished\":\"2024-06-24T13:00:17+00:00\",\"dateModified\":\"2025-06-24T15:53:40+00:00\",\"mainEntityOfPage\":{\"@id\":\"https:\/\/www.hms.cl\/index.php\/2024\/06\/24\/instituto-geografico-militar-se-suma-a-la-donacion-de-sangre\/\"},\"wordCount\":347,\"publisher\":{\"@id\":\"https:\/\/www.hms.cl\/#organization\"},\"image\":{\"@id\":\"https:\/\/www.hms.cl\/index.php\/2024\/06\/24\/instituto-geografico-militar-se-suma-a-la-donacion-de-sangre\/#primaryimage\"},\"thumbnailUrl\":\"https:\/\/www.hms.cl\/wp-content\/uploads\/2025\/06\/IGM-donacion-de-sangre-2024-Portada.jpeg\",\"articleSection\":[\"Noticias\"],\"inLanguage\":\"es-CL\"},{\"@type\":\"WebPage\",\"@id\":\"https:\/\/www.hms.cl\/index.php\/2024\/06\/24\/instituto-geografico-militar-se-suma-a-la-donacion-de-sangre\/\",\"url\":\"https:\/\/www.hms.cl\/index.php\/2024\/06\/24\/instituto-geografico-militar-se-suma-a-la-donacion-de-sangre\/\",\"name\":\"INSTITUTO GEOGR\u00c1FICO MILITAR SE SUMA A LA DONACI\u00d3N DE SANGRE - Hospital Militar de Santiago\",\"isPartOf\":{\"@id\":\"https:\/\/www.hms.cl\/#website\"},\"primaryImageOfPage\":{\"@id\":\"https:\/\/www.hms.cl\/index.php\/2024\/06\/24\/instituto-geografico-militar-se-suma-a-la-donacion-de-sangre\/#primaryimage\"},\"image\":{\"@id\":\"https:\/\/www.hms.cl\/index.php\/2024\/06\/24\/instituto-geografico-militar-se-suma-a-la-donacion-de-sangre\/#primaryimage\"},\"thumbnailUrl\":\"https:\/\/www.hms.cl\/wp-content\/uploads\/2025\/06\/IGM-donacion-de-sangre-2024-Portada.jpeg\",\"datePublished\":\"2024-06-24T13:00:17+00:00\",\"dateModified\":\"2025-06-24T15:53:40+00:00\",\"breadcrumb\":{\"@id\":\"https:\/\/www.hms.cl\/index.php\/2024\/06\/24\/instituto-geografico-militar-se-suma-a-la-donacion-de-sangre\/#breadcrumb\"},\"inLanguage\":\"es-CL\",\"potentialAction\":[{\"@type\":\"ReadAction\",\"target\":[\"https:\/\/www.hms.cl\/index.php\/2024\/06\/24\/instituto-geografico-militar-se-suma-a-la-donacion-de-sangre\/\"]}]},{\"@type\":\"ImageObject\",\"inLanguage\":\"es-CL\",\"@id\":\"https:\/\/www.hms.cl\/index.php\/2024\/06\/24\/instituto-geografico-militar-se-suma-a-la-donacion-de-sangre\/#primaryimage\",\"url\":\"https:\/\/www.hms.cl\/wp-content\/uploads\/2025\/06\/IGM-donacion-de-sangre-2024-Portada.jpeg\",\"contentUrl\":\"https:\/\/www.hms.cl\/wp-content\/uploads\/2025\/06\/IGM-donacion-de-sangre-2024-Portada.jpeg\",\"width\":1280,\"height\":888},{\"@type\":\"BreadcrumbList\",\"@id\":\"https:\/\/www.hms.cl\/index.php\/2024\/06\/24\/instituto-geografico-militar-se-suma-a-la-donacion-de-sangre\/#breadcrumb\",\"itemListElement\":[{\"@type\":\"ListItem\",\"position\":1,\"name\":\"Home\",\"item\":\"https:\/\/www.hms.cl\/\"},{\"@type\":\"ListItem\",\"position\":2,\"name\":\"INSTITUTO GEOGR\u00c1FICO MILITAR SE SUMA A LA DONACI\u00d3N DE SANGRE\"}]},{\"@type\":\"WebSite\",\"@id\":\"https:\/\/www.hms.cl\/#website\",\"url\":\"https:\/\/www.hms.cl\/\",\"name\":\"Hospital Militar de Santiago\",\"description\":\"\",\"publisher\":{\"@id\":\"https:\/\/www.hms.cl\/#organization\"},\"potentialAction\":[{\"@type\":\"SearchAction\",\"target\":{\"@type\":\"EntryPoint\",\"urlTemplate\":\"https:\/\/www.hms.cl\/?s={search_term_string}\"},\"query-input\":{\"@type\":\"PropertyValueSpecification\",\"valueRequired\":true,\"valueName\":\"search_term_string\"}}],\"inLanguage\":\"es-CL\"},{\"@type\":\"Organization\",\"@id\":\"https:\/\/www.hms.cl\/#organization\",\"name\":\"Hospital Militar de Santiago\",\"url\":\"https:\/\/www.hms.cl\/\",\"logo\":{\"@type\":\"ImageObject\",\"inLanguage\":\"es-CL\",\"@id\":\"https:\/\/www.hms.cl\/#\/schema\/logo\/image\/\",\"url\":\"https:\/\/www.hms.cl\/wp-content\/uploads\/2025\/07\/Logo-Vertical-Mediano.png\",\"contentUrl\":\"https:\/\/www.hms.cl\/wp-content\/uploads\/2025\/07\/Logo-Vertical-Mediano.png\",\"width\":1280,\"height\":720,\"caption\":\"Hospital Militar de Santiago\"},\"image\":{\"@id\":\"https:\/\/www.hms.cl\/#\/schema\/logo\/image\/\"},\"sameAs\":[\"https:\/\/www.facebook.com\/hospitalmilitardesantiago\",\"https:\/\/x.com\/HosMilSantiago\",\"https:\/\/www.instagram.com\/hospitalmilitardesantiago\/\",\"https:\/\/www.linkedin.com\/company\/hospital-militar-de-santiago-hosmil\",\"https:\/\/www.youtube.com\/c\/HMSVIDEO\"]},{\"@type\":\"Person\",\"@id\":\"https:\/\/www.hms.cl\/#\/schema\/person\/93186034b446672703627f9ef2d767ca\",\"name\":\"Admin\",\"image\":{\"@type\":\"ImageObject\",\"inLanguage\":\"es-CL\",\"@id\":\"https:\/\/www.hms.cl\/#\/schema\/person\/image\/\",\"url\":\"https:\/\/secure.gravatar.com\/avatar\/9384d0095fd3da50dc372f84c8bcde28aac29e86759f23fd0cfb33f9820a4e50?s=96&d=mm&r=g\",\"contentUrl\":\"https:\/\/secure.gravatar.com\/avatar\/9384d0095fd3da50dc372f84c8bcde28aac29e86759f23fd0cfb33f9820a4e50?s=96&d=mm&r=g\",\"caption\":\"Admin\"},\"sameAs\":[\"http:\/\/10.10.50.51\"],\"url\":\"https:\/\/www.hms.cl\/index.php\/author\/admin\/\"}]}<\/script>\n<!-- \/ Yoast SEO plugin. -->","yoast_head_json":{"title":"INSTITUTO GEOGR\u00c1FICO MILITAR SE SUMA A LA DONACI\u00d3N DE SANGRE - Hospital Militar de Santiago","robots":{"index":"index","follow":"follow","max-snippet":"max-snippet:-1","max-image-preview":"max-image-preview:large","max-video-preview":"max-video-preview:-1"},"canonical":"https:\/\/www.hms.cl\/index.php\/2024\/06\/24\/instituto-geografico-militar-se-suma-a-la-donacion-de-sangre\/","og_locale":"es_ES","og_type":"article","og_title":"INSTITUTO GEOGR\u00c1FICO MILITAR SE SUMA A LA DONACI\u00d3N DE SANGRE - Hospital Militar de Santiago","og_description":"La Fundaci\u00f3n de Se\u00f1oras del Ej\u00e9rcito y el Hospital Militar de Santiago (HMS)","og_url":"https:\/\/www.hms.cl\/index.php\/2024\/06\/24\/instituto-geografico-militar-se-suma-a-la-donacion-de-sangre\/","og_site_name":"Hospital Militar de Santiago","article_publisher":"https:\/\/www.facebook.com\/hospitalmilitardesantiago","article_published_time":"2024-06-24T13:00:17+00:00","article_modified_time":"2025-06-24T15:53:40+00:00","og_image":[{"width":1280,"height":888,"url":"https:\/\/www.hms.cl\/wp-content\/uploads\/2025\/06\/IGM-donacion-de-sangre-2024-Portada.jpeg","type":"image\/jpeg"}],"author":"Admin","twitter_card":"summary_large_image","twitter_creator":"@HosMilSantiago","twitter_site":"@HosMilSantiago","twitter_misc":{"Escrito por":"Admin","Tiempo estimado de lectura":"3 minutos"},"schema":{"@context":"https:\/\/schema.org","@graph":[{"@type":"Article","@id":"https:\/\/www.hms.cl\/index.php\/2024\/06\/24\/instituto-geografico-militar-se-suma-a-la-donacion-de-sangre\/#article","isPartOf":{"@id":"https:\/\/www.hms.cl\/index.php\/2024\/06\/24\/instituto-geografico-militar-se-suma-a-la-donacion-de-sangre\/"},"author":{"name":"Admin","@id":"https:\/\/www.hms.cl\/#\/schema\/person\/93186034b446672703627f9ef2d767ca"},"headline":"INSTITUTO GEOGR\u00c1FICO MILITAR SE SUMA A LA DONACI\u00d3N DE SANGRE","datePublished":"2024-06-24T13:00:17+00:00","dateModified":"2025-06-24T15:53:40+00:00","mainEntityOfPage":{"@id":"https:\/\/www.hms.cl\/index.php\/2024\/06\/24\/instituto-geografico-militar-se-suma-a-la-donacion-de-sangre\/"},"wordCount":347,"publisher":{"@id":"https:\/\/www.hms.cl\/#organization"},"image":{"@id":"https:\/\/www.hms.cl\/index.php\/2024\/06\/24\/instituto-geografico-militar-se-suma-a-la-donacion-de-sangre\/#primaryimage"},"thumbnailUrl":"https:\/\/www.hms.cl\/wp-content\/uploads\/2025\/06\/IGM-donacion-de-sangre-2024-Portada.jpeg","articleSection":["Noticias"],"inLanguage":"es-CL"},{"@type":"WebPage","@id":"https:\/\/www.hms.cl\/index.php\/2024\/06\/24\/instituto-geografico-militar-se-suma-a-la-donacion-de-sangre\/","url":"https:\/\/www.hms.cl\/index.php\/2024\/06\/24\/instituto-geografico-militar-se-suma-a-la-donacion-de-sangre\/","name":"INSTITUTO GEOGR\u00c1FICO MILITAR SE SUMA A LA DONACI\u00d3N DE SANGRE - Hospital Militar de Santiago","isPartOf":{"@id":"https:\/\/www.hms.cl\/#website"},"primaryImageOfPage":{"@id":"https:\/\/www.hms.cl\/index.php\/2024\/06\/24\/instituto-geografico-militar-se-suma-a-la-donacion-de-sangre\/#primaryimage"},"image":{"@id":"https:\/\/www.hms.cl\/index.php\/2024\/06\/24\/instituto-geografico-militar-se-suma-a-la-donacion-de-sangre\/#primaryimage"},"thumbnailUrl":"https:\/\/www.hms.cl\/wp-content\/uploads\/2025\/06\/IGM-donacion-de-sangre-2024-Portada.jpeg","datePublished":"2024-06-24T13:00:17+00:00","dateModified":"2025-06-24T15:53:40+00:00","breadcrumb":{"@id":"https:\/\/www.hms.cl\/index.php\/2024\/06\/24\/instituto-geografico-militar-se-suma-a-la-donacion-de-sangre\/#breadcrumb"},"inLanguage":"es-CL","potentialAction":[{"@type":"ReadAction","target":["https:\/\/www.hms.cl\/index.php\/2024\/06\/24\/instituto-geografico-militar-se-suma-a-la-donacion-de-sangre\/"]}]},{"@type":"ImageObject","inLanguage":"es-CL","@id":"https:\/\/www.hms.cl\/index.php\/2024\/06\/24\/instituto-geografico-militar-se-suma-a-la-donacion-de-sangre\/#primaryimage","url":"https:\/\/www.hms.cl\/wp-content\/uploads\/2025\/06\/IGM-donacion-de-sangre-2024-Portada.jpeg","contentUrl":"https:\/\/www.hms.cl\/wp-content\/uploads\/2025\/06\/IGM-donacion-de-sangre-2024-Portada.jpeg","width":1280,"height":888},{"@type":"BreadcrumbList","@id":"https:\/\/www.hms.cl\/index.php\/2024\/06\/24\/instituto-geografico-militar-se-suma-a-la-donacion-de-sangre\/#breadcrumb","itemListElement":[{"@type":"ListItem","position":1,"name":"Home","item":"https:\/\/www.hms.cl\/"},{"@type":"ListItem","position":2,"name":"INSTITUTO GEOGR\u00c1FICO MILITAR SE SUMA A LA DONACI\u00d3N DE SANGRE"}]},{"@type":"WebSite","@id":"https:\/\/www.hms.cl\/#website","url":"https:\/\/www.hms.cl\/","name":"Hospital Militar de Santiago","description":"","publisher":{"@id":"https:\/\/www.hms.cl\/#organization"},"potentialAction":[{"@type":"SearchAction","target":{"@type":"EntryPoint","urlTemplate":"https:\/\/www.hms.cl\/?s={search_term_string}"},"query-input":{"@type":"PropertyValueSpecification","valueRequired":true,"valueName":"search_term_string"}}],"inLanguage":"es-CL"},{"@type":"Organization","@id":"https:\/\/www.hms.cl\/#organization","name":"Hospital Militar de Santiago","url":"https:\/\/www.hms.cl\/","logo":{"@type":"ImageObject","inLanguage":"es-CL","@id":"https:\/\/www.hms.cl\/#\/schema\/logo\/image\/","url":"https:\/\/www.hms.cl\/wp-content\/uploads\/2025\/07\/Logo-Vertical-Mediano.png","contentUrl":"https:\/\/www.hms.cl\/wp-content\/uploads\/2025\/07\/Logo-Vertical-Mediano.png","width":1280,"height":720,"caption":"Hospital Militar de Santiago"},"image":{"@id":"https:\/\/www.hms.cl\/#\/schema\/logo\/image\/"},"sameAs":["https:\/\/www.facebook.com\/hospitalmilitardesantiago","https:\/\/x.com\/HosMilSantiago","https:\/\/www.instagram.com\/hospitalmilitardesantiago\/","https:\/\/www.linkedin.com\/company\/hospital-militar-de-santiago-hosmil","https:\/\/www.youtube.com\/c\/HMSVIDEO"]},{"@type":"Person","@id":"https:\/\/www.hms.cl\/#\/schema\/person\/93186034b446672703627f9ef2d767ca","name":"Admin","image":{"@type":"ImageObject","inLanguage":"es-CL","@id":"https:\/\/www.hms.cl\/#\/schema\/person\/image\/","url":"https:\/\/secure.gravatar.com\/avatar\/9384d0095fd3da50dc372f84c8bcde28aac29e86759f23fd0cfb33f9820a4e50?s=96&d=mm&r=g","contentUrl":"https:\/\/secure.gravatar.com\/avatar\/9384d0095fd3da50dc372f84c8bcde28aac29e86759f23fd0cfb33f9820a4e50?s=96&d=mm&r=g","caption":"Admin"},"sameAs":["http:\/\/10.10.50.51"],"url":"https:\/\/www.hms.cl\/index.php\/author\/admin\/"}]}},"_links":{"self":[{"href":"https:\/\/www.hms.cl\/index.php\/wp-json\/wp\/v2\/posts\/3058","targetHints":{"allow":["GET"]}}],"collection":[{"href":"https:\/\/www.hms.cl\/index.php\/wp-json\/wp\/v2\/posts"}],"about":[{"href":"https:\/\/www.hms.cl\/index.php\/wp-json\/wp\/v2\/types\/post"}],"author":[{"embeddable":true,"href":"https:\/\/www.hms.cl\/index.php\/wp-json\/wp\/v2\/users\/1"}],"replies":[{"embeddable":true,"href":"https:\/\/www.hms.cl\/index.php\/wp-json\/wp\/v2\/comments?post=3058"}],"version-history":[{"count":6,"href":"https:\/\/www.hms.cl\/index.php\/wp-json\/wp\/v2\/posts\/3058\/revisions"}],"predecessor-version":[{"id":3080,"href":"https:\/\/www.hms.cl\/index.php\/wp-json\/wp\/v2\/posts\/3058\/revisions\/3080"}],"wp:featuredmedia":[{"embeddable":true,"href":"https:\/\/www.hms.cl\/index.php\/wp-json\/wp\/v2\/media\/3063"}],"wp:attachment":[{"href":"https:\/\/www.hms.cl\/index.php\/wp-json\/wp\/v2\/media?parent=3058"}],"wp:term":[{"taxonomy":"category","embeddable":true,"href":"https:\/\/www.hms.cl\/index.php\/wp-json\/wp\/v2\/categories?post=3058"},{"taxonomy":"post_tag","embeddable":true,"href":"https:\/\/www.hms.cl\/index.php\/wp-json\/wp\/v2\/tags?post=3058"}],"curies":[{"name":"wp","href":"https:\/\/api.w.org\/{rel}","templated":true}]}}