{"id":3014,"date":"2024-07-02T12:00:52","date_gmt":"2024-07-02T15:00:52","guid":{"rendered":"http:\/\/10.10.50.51\/?p=3014"},"modified":"2025-06-24T11:02:32","modified_gmt":"2025-06-24T14:02:32","slug":"jefe-del-servicio-de-otorrino-deja-el-hms-tras-40-anos-de-servicio","status":"publish","type":"post","link":"https:\/\/www.hms.cl\/index.php\/2024\/07\/02\/jefe-del-servicio-de-otorrino-deja-el-hms-tras-40-anos-de-servicio\/","title":{"rendered":"JEFE DEL SERVICIO DE OTORRINO DEJA EL HMS TRAS 40 A\u00d1OS DE SERVICIO"},"content":{"rendered":"\t\t<div data-elementor-type=\"wp-post\" data-elementor-id=\"3014\" class=\"elementor elementor-3014\" data-elementor-post-type=\"post\">\n\t\t\t\t<div class=\"elementor-element elementor-element-e15c5c1 e-con-full e-flex e-con e-parent\" data-id=\"e15c5c1\" data-element_type=\"container\">\n\t\t\t\t<div class=\"elementor-element elementor-element-39342f21 elementor-widget elementor-widget-heading\" data-id=\"39342f21\" data-element_type=\"widget\" data-widget_type=\"heading.default\">\n\t\t\t\t<div class=\"elementor-widget-container\">\n\t\t\t\t\t<h2 class=\"elementor-heading-title elementor-size-default\">JEFE DEL SERVICIO DE OTORRINO DEJA EL HMS TRAS 40 A\u00d1OS DE SERVICIO<\/h2>\t\t\t\t<\/div>\n\t\t\t\t<\/div>\n\t\t\t\t<\/div>\n\t\t<div class=\"elementor-element elementor-element-5b85e07f e-flex e-con-boxed e-con e-parent\" data-id=\"5b85e07f\" data-element_type=\"container\">\n\t\t\t\t\t<div class=\"e-con-inner\">\n\t\t<div class=\"elementor-element elementor-element-1179327 e-con-full e-flex e-con e-child\" data-id=\"1179327\" data-element_type=\"container\">\n\t\t\t\t<div class=\"elementor-element elementor-element-f2f21e7 elementor-widget elementor-widget-text-editor\" data-id=\"f2f21e7\" data-element_type=\"widget\" data-widget_type=\"text-editor.default\">\n\t\t\t\t<div class=\"elementor-widget-container\">\n\t\t\t\t\t\t\t\t\t<p class=\"p1\"><span class=\"s1\">Tras una profunda reflexi\u00f3n, el Jefe del Servicio de Otorrinolaringolog\u00eda del Hospital Militar de Santiago (HMS)\u00a0<b>Dr. Enrique Valenzuela Torres, decidi\u00f3 dar \u201cun paso al costado\u201d y dejar el HMS \u201cpara emprender nuevos proyectos\u201d.<\/b><\/span><\/p><p class=\"p1\"><span class=\"s1\">Como se\u00f1ala el Doctor Valenzuela, hace unos a\u00f1os \u201ccuando comenzaron a llamar las aseguradoras para ofrecer distintas asesor\u00edas en los tr\u00e1mites de jubilaciones,\u00a0<b>me di cuenta que ya estaba en etapa de iniciar nuevos desaf\u00edos\u2026 me compromet\u00ed conmigo mismo que a los 70 a\u00f1os me retirar\u00eda<\/b>, para dejar un tiempo al resto de mi vida\u201d, relata el jefe de otorrino.<\/span><\/p><p class=\"p1\"><span class=\"s1\">Con\u00a0<b>40 a\u00f1os en el Hospital Militar y 18 como Jefe del Servicio de Otorrino<\/b>, describe este trayecto como una vida de dedicaci\u00f3n, profesionalismo y servicio p\u00fablico. \u201cSiento un profundo agradecimiento de esta instituci\u00f3n y de las personas que lo integran\u2026 Aqu\u00ed form\u00e9 a mi familia, con Gabriela Cartier Moya -Tecn\u00f3loga m\u00e9dico de HMS- tuvimos a nuestros hijos Constanza y Enrique -abogada y traumat\u00f3logo, respectivamente- quienes crecieron en este hospital\u2026\u00a0<b>Aqu\u00ed dejo parte de mi familia, de mi vida\u201d<\/b>\u00a0se\u00f1ala al referirse a su equipo de trabajo.\u00a0<span class=\"Apple-converted-space\">\u00a0<\/span><\/span><\/p><p class=\"p1\"><span class=\"s1\">Como enfatiza el Doctor Valenzuela, en estos a\u00f1os\u00a0<b>fue testigo de grandes cambios en la evoluci\u00f3n de la medicina.<\/b>\u00a0Al respecto, asegura que su servicio siempre ha estado en la vanguardia, a trav\u00e9s del desarrollo de cirug\u00edas de alto nivel.<span class=\"Apple-converted-space\">\u00a0<\/span><\/span><\/p><p class=\"p1\"><span class=\"s1\">\u201cLos m\u00e9dicos, enfermeras y tens<span class=\"Apple-converted-space\">\u00a0\u00a0<\/span>lo han puesto en el primer lugar\u2026 es tremendamente respetado y valorado. Somos un servicio de alto nivel, que\u00a0<b>entregamos calidad y calidez en la atenci\u00f3n de nuestros pacientes\u201d<\/b>. Con profunda emoci\u00f3n, el Jefe de Otorrino se\u00f1ala que no le cabe duda que en su ausencia, la excelencia, la humanidad y la amistad, rasgos que los ha caracterizado todo este tiempo, se mantendr\u00e1.<span class=\"Apple-converted-space\">\u00a0<\/span><\/span><\/p><p class=\"p1\"><span class=\"s1\">\u201cCreo que todas las personas dejan algo\u2026 me siento muy agradecido, y por lo mismo, como parte de mi legado tambi\u00e9n dejo un museo-galer\u00eda, \u00fanico en Chile\u2026 es un regalo para nuestros pacientes, ya que cuando esperan su hora, se entretienen mirando los objetos antiguos\u201d, dice.\u00a0<span class=\"Apple-converted-space\">\u00a0<\/span><\/span><\/p><p class=\"p1\"><span class=\"s1\">Adem\u00e1s de lo anterior, el Doctor Valenzuela don\u00f3 el\u00a0<strong>l<\/strong><b>ibro \u201cOtorrinolaringolog\u00eda: Instrumental de su historia\u201d<\/b>, publicaci\u00f3n escrita por \u00e9l, con fotograf\u00edas que exponen la evoluci\u00f3n de esta especialidad, a trav\u00e9s de la exposici\u00f3n de equipamiento e instrumental utilizados en el pasado. \u201cTanto en el museo, como en este libro van a poder ver parte de la historia de este servicio\u2026 es un aporte m\u00edo y de otros colegas para ampliar el conocimiento de esta \u00e1rea\u201d. En esta l\u00ednea, tambi\u00e9n quiso donar un cuadro al \u00f3leo y su caja de cirug\u00eda.<span class=\"Apple-converted-space\">\u00a0<\/span><\/span><\/p><p class=\"p1\"><span class=\"s1\"><b>\u201cMe voy con la convicci\u00f3n de que voy a extra\u00f1ar mucho el HMS<\/b>, a mi equipo y mis pacientes, pero con la satisfacci\u00f3n que dejo un servicio consolidado\u2026<span class=\"Apple-converted-space\">\u00a0\u00a0<\/span>s\u00e9 que vendr\u00e1n nuevos otorrinos que continuar\u00e1n esta importante labor\u201d, agrega el Jefe de Otorrino.<span class=\"Apple-converted-space\">\u00a0<\/span><\/span><\/p><p class=\"p1\"><span class=\"s1\"><b>Datos Biogr\u00e1ficos:<\/b><\/span><\/p><p class=\"p1\"><span class=\"s1\">Enrique Valenzuela Torres (1953), naci\u00f3 en Cauquenes, en la regi\u00f3n del Maule. Estudi\u00f3 hasta cuarto de Humanidades en su ciudad y luego en el Colegio de los Sagrados Corazones de Concepci\u00f3n. Ingres\u00f3 a la escuela de Medicina de la Universidad de Chile, donde en 1978 obtuvo la distinci\u00f3n m\u00e1xima al egresar como m\u00e9dico cirujano.<\/span><\/p><p class=\"p1\"><span class=\"s1\">Por concurso nacional obtuvo el cargo de m\u00e9dico general de zona en el Hospital San Juan de Dios de Cauquenes, donde trabaj\u00f3 desde abril de 1978 hasta marzo de 1982. Dos a\u00f1os despu\u00e9s, y gracias a una beca de otorrinolaringolog\u00eda en el Hospital Barros Luco Trudeau, egres\u00f3 como especialista. Desde entonces se desempe\u00f1a como m\u00e9dico del Servicio de Otorrinolaringolog\u00eda del Hospital Militar de Santiago (HMS), donde ha sido Jefe de Servicio desde el 2006.<\/span><\/p>\t\t\t\t\t\t\t\t<\/div>\n\t\t\t\t<\/div>\n\t\t\t\t<\/div>\n\t\t<div class=\"elementor-element elementor-element-1f3de673 e-con-full e-flex e-con e-child\" data-id=\"1f3de673\" data-element_type=\"container\">\n\t\t\t\t<div class=\"elementor-element elementor-element-baf2275 elementor-widget elementor-widget-video\" data-id=\"baf2275\" data-element_type=\"widget\" data-settings=\"{&quot;youtube_url&quot;:&quot;https:\\\/\\\/youtu.be\\\/6gUM1op-yyg&quot;,&quot;video_type&quot;:&quot;youtube&quot;,&quot;controls&quot;:&quot;yes&quot;}\" data-widget_type=\"video.default\">\n\t\t\t\t<div class=\"elementor-widget-container\">\n\t\t\t\t\t\t\t<div class=\"elementor-wrapper elementor-open-inline\">\n\t\t\t<div class=\"elementor-video\"><\/div>\t\t<\/div>\n\t\t\t\t\t\t<\/div>\n\t\t\t\t<\/div>\n\t\t\t\t<div class=\"elementor-element elementor-element-4d2a39ce elementor-widget-divider--view-line elementor-widget elementor-widget-divider\" data-id=\"4d2a39ce\" data-element_type=\"widget\" data-widget_type=\"divider.default\">\n\t\t\t\t<div class=\"elementor-widget-container\">\n\t\t\t\t\t\t\t<div class=\"elementor-divider\">\n\t\t\t<span class=\"elementor-divider-separator\">\n\t\t\t\t\t\t<\/span>\n\t\t<\/div>\n\t\t\t\t\t\t<\/div>\n\t\t\t\t<\/div>\n\t\t\t\t<\/div>\n\t\t\t\t\t<\/div>\n\t\t\t\t<\/div>\n\t\t<div class=\"elementor-element elementor-element-24cb1b1b e-flex e-con-boxed e-con e-parent\" data-id=\"24cb1b1b\" data-element_type=\"container\">\n\t\t\t\t\t<div class=\"e-con-inner\">\n\t\t\t\t<div class=\"elementor-element elementor-element-f4753b2 elementor-widget-divider--view-line elementor-widget elementor-widget-divider\" data-id=\"f4753b2\" data-element_type=\"widget\" data-widget_type=\"divider.default\">\n\t\t\t\t<div class=\"elementor-widget-container\">\n\t\t\t\t\t\t\t<div class=\"elementor-divider\">\n\t\t\t<span class=\"elementor-divider-separator\">\n\t\t\t\t\t\t<\/span>\n\t\t<\/div>\n\t\t\t\t\t\t<\/div>\n\t\t\t\t<\/div>\n\t\t\t\t\t<\/div>\n\t\t\t\t<\/div>\n\t\t<div class=\"elementor-element elementor-element-59faaee e-flex e-con-boxed e-con e-parent\" data-id=\"59faaee\" data-element_type=\"container\">\n\t\t\t\t\t<div class=\"e-con-inner\">\n\t\t\t\t<div class=\"elementor-element elementor-element-4b7cf1f1 elementor-grid-3 elementor-grid-tablet-2 elementor-grid-mobile-1 elementor-posts--thumbnail-top elementor-widget elementor-widget-posts\" data-id=\"4b7cf1f1\" data-element_type=\"widget\" data-settings=\"{&quot;classic_columns&quot;:&quot;3&quot;,&quot;classic_columns_tablet&quot;:&quot;2&quot;,&quot;classic_columns_mobile&quot;:&quot;1&quot;,&quot;classic_row_gap&quot;:{&quot;unit&quot;:&quot;px&quot;,&quot;size&quot;:35,&quot;sizes&quot;:[]},&quot;classic_row_gap_tablet&quot;:{&quot;unit&quot;:&quot;px&quot;,&quot;size&quot;:&quot;&quot;,&quot;sizes&quot;:[]},&quot;classic_row_gap_mobile&quot;:{&quot;unit&quot;:&quot;px&quot;,&quot;size&quot;:&quot;&quot;,&quot;sizes&quot;:[]}}\" data-widget_type=\"posts.classic\">\n\t\t\t\t<div class=\"elementor-widget-container\">\n\t\t\t\t\t\t\t<div class=\"elementor-posts-container elementor-posts elementor-posts--skin-classic elementor-grid\" role=\"list\">\n\t\t\t\t<article class=\"elementor-post elementor-grid-item post-11647 post type-post status-publish format-standard has-post-thumbnail hentry category-noticias\" role=\"listitem\">\n\t\t\t\t<a class=\"elementor-post__thumbnail__link\" href=\"https:\/\/www.hms.cl\/index.php\/2026\/04\/30\/hms-realiza-ceremonia-de-ascenso-y-despedida-de-personal\/\" tabindex=\"-1\" >\n\t\t\t<div class=\"elementor-post__thumbnail\"><img fetchpriority=\"high\" decoding=\"async\" width=\"519\" height=\"444\" src=\"https:\/\/www.hms.cl\/wp-content\/uploads\/2026\/04\/Ascenso2_abril_web.jpeg\" class=\"attachment-full size-full wp-image-11675\" alt=\"\" srcset=\"https:\/\/www.hms.cl\/wp-content\/uploads\/2026\/04\/Ascenso2_abril_web.jpeg 519w, https:\/\/www.hms.cl\/wp-content\/uploads\/2026\/04\/Ascenso2_abril_web-300x257.jpeg 300w\" sizes=\"(max-width: 519px) 100vw, 519px\" \/><\/div>\n\t\t<\/a>\n\t\t\t\t<div class=\"elementor-post__text\">\n\t\t\t\t<h3 class=\"elementor-post__title\">\n\t\t\t<a href=\"https:\/\/www.hms.cl\/index.php\/2026\/04\/30\/hms-realiza-ceremonia-de-ascenso-y-despedida-de-personal\/\" >\n\t\t\t\tHMS REALIZA CEREMONIA DE ASCENSO Y DESPEDIDA DE PERSONAL\t\t\t<\/a>\n\t\t<\/h3>\n\t\t\t\t<div class=\"elementor-post__meta-data\">\n\t\t\t\t\t<span class=\"elementor-post-date\">\n\t\t\t30 de Abril de 2026\t\t<\/span>\n\t\t\t\t<\/div>\n\t\t\n\t\t<a class=\"elementor-post__read-more\" href=\"https:\/\/www.hms.cl\/index.php\/2026\/04\/30\/hms-realiza-ceremonia-de-ascenso-y-despedida-de-personal\/\" aria-label=\"Read more about HMS REALIZA CEREMONIA DE ASCENSO Y DESPEDIDA DE PERSONAL\" tabindex=\"-1\" >\n\t\t\tLeer M\u00e1s\t\t<\/a>\n\n\t\t\t\t<\/div>\n\t\t\t\t<\/article>\n\t\t\t\t<article class=\"elementor-post elementor-grid-item post-11633 post type-post status-publish format-standard has-post-thumbnail hentry category-noticias\" role=\"listitem\">\n\t\t\t\t<a class=\"elementor-post__thumbnail__link\" href=\"https:\/\/www.hms.cl\/index.php\/2026\/04\/29\/minsal-se-reune-con-cje-para-coordinar-despliegue-del-hospital-militar-de-campana-en-los-angeles\/\" tabindex=\"-1\" >\n\t\t\t<div class=\"elementor-post__thumbnail\"><img decoding=\"async\" width=\"1084\" height=\"815\" src=\"https:\/\/www.hms.cl\/wp-content\/uploads\/2026\/04\/Visita-Ministra-Salud-Web.png\" class=\"attachment-full size-full wp-image-11635\" alt=\"\" srcset=\"https:\/\/www.hms.cl\/wp-content\/uploads\/2026\/04\/Visita-Ministra-Salud-Web.png 1084w, https:\/\/www.hms.cl\/wp-content\/uploads\/2026\/04\/Visita-Ministra-Salud-Web-300x226.png 300w, https:\/\/www.hms.cl\/wp-content\/uploads\/2026\/04\/Visita-Ministra-Salud-Web-1024x770.png 1024w, https:\/\/www.hms.cl\/wp-content\/uploads\/2026\/04\/Visita-Ministra-Salud-Web-768x577.png 768w\" sizes=\"(max-width: 1084px) 100vw, 1084px\" \/><\/div>\n\t\t<\/a>\n\t\t\t\t<div class=\"elementor-post__text\">\n\t\t\t\t<h3 class=\"elementor-post__title\">\n\t\t\t<a href=\"https:\/\/www.hms.cl\/index.php\/2026\/04\/29\/minsal-se-reune-con-cje-para-coordinar-despliegue-del-hospital-militar-de-campana-en-los-angeles\/\" >\n\t\t\t\tMINSAL SE REUNE CON CJE PARA COORDINAR DESPLIEGUE DEL HOSPITAL MILITAR DE CAMPA\u00d1A EN LOS ANGELES\t\t\t<\/a>\n\t\t<\/h3>\n\t\t\t\t<div class=\"elementor-post__meta-data\">\n\t\t\t\t\t<span class=\"elementor-post-date\">\n\t\t\t29 de Abril de 2026\t\t<\/span>\n\t\t\t\t<\/div>\n\t\t\n\t\t<a class=\"elementor-post__read-more\" href=\"https:\/\/www.hms.cl\/index.php\/2026\/04\/29\/minsal-se-reune-con-cje-para-coordinar-despliegue-del-hospital-militar-de-campana-en-los-angeles\/\" aria-label=\"Read more about MINSAL SE REUNE CON CJE PARA COORDINAR DESPLIEGUE DEL HOSPITAL MILITAR DE CAMPA\u00d1A EN LOS ANGELES\" tabindex=\"-1\" >\n\t\t\tLeer M\u00e1s\t\t<\/a>\n\n\t\t\t\t<\/div>\n\t\t\t\t<\/article>\n\t\t\t\t<article class=\"elementor-post elementor-grid-item post-11620 post type-post status-publish format-standard has-post-thumbnail hentry category-noticias\" role=\"listitem\">\n\t\t\t\t<a class=\"elementor-post__thumbnail__link\" href=\"https:\/\/www.hms.cl\/index.php\/2026\/04\/29\/con-alta-convocatoria-hms-conmemora-el-dia-del-libro\/\" tabindex=\"-1\" >\n\t\t\t<div class=\"elementor-post__thumbnail\"><img decoding=\"async\" width=\"519\" height=\"444\" src=\"https:\/\/www.hms.cl\/wp-content\/uploads\/2026\/04\/Dia-libro_web_2026_2.jpeg\" class=\"attachment-full size-full wp-image-11625\" alt=\"\" srcset=\"https:\/\/www.hms.cl\/wp-content\/uploads\/2026\/04\/Dia-libro_web_2026_2.jpeg 519w, https:\/\/www.hms.cl\/wp-content\/uploads\/2026\/04\/Dia-libro_web_2026_2-300x257.jpeg 300w\" sizes=\"(max-width: 519px) 100vw, 519px\" \/><\/div>\n\t\t<\/a>\n\t\t\t\t<div class=\"elementor-post__text\">\n\t\t\t\t<h3 class=\"elementor-post__title\">\n\t\t\t<a href=\"https:\/\/www.hms.cl\/index.php\/2026\/04\/29\/con-alta-convocatoria-hms-conmemora-el-dia-del-libro\/\" >\n\t\t\t\tCON ALTA CONVOCATORIA HMS CONMEMORA EL D\u00cdA DEL LIBRO\t\t\t<\/a>\n\t\t<\/h3>\n\t\t\t\t<div class=\"elementor-post__meta-data\">\n\t\t\t\t\t<span class=\"elementor-post-date\">\n\t\t\t29 de Abril de 2026\t\t<\/span>\n\t\t\t\t<\/div>\n\t\t\n\t\t<a class=\"elementor-post__read-more\" href=\"https:\/\/www.hms.cl\/index.php\/2026\/04\/29\/con-alta-convocatoria-hms-conmemora-el-dia-del-libro\/\" aria-label=\"Read more about CON ALTA CONVOCATORIA HMS CONMEMORA EL D\u00cdA DEL LIBRO\" tabindex=\"-1\" >\n\t\t\tLeer M\u00e1s\t\t<\/a>\n\n\t\t\t\t<\/div>\n\t\t\t\t<\/article>\n\t\t\t\t<\/div>\n\t\t\n\t\t\t\t\t\t<\/div>\n\t\t\t\t<\/div>\n\t\t\t\t\t<\/div>\n\t\t\t\t<\/div>\n\t\t\t\t<\/div>\n\t\t","protected":false},"excerpt":{"rendered":"<p>Tras una profunda reflexi\u00f3n, el Jefe del Servicio de Otorrinolaringolog\u00eda del Hospital Militar de Santiago (HMS)<\/p>\n","protected":false},"author":1,"featured_media":3029,"comment_status":"closed","ping_status":"open","sticky":false,"template":"","format":"standard","meta":{"footnotes":""},"categories":[8],"tags":[],"class_list":["post-3014","post","type-post","status-publish","format-standard","has-post-thumbnail","hentry","category-noticias"],"yoast_head":"<!-- This site is optimized with the Yoast SEO plugin v25.6 - https:\/\/yoast.com\/wordpress\/plugins\/seo\/ -->\n<title>JEFE DEL SERVICIO DE OTORRINO DEJA EL HMS TRAS 40 A\u00d1OS DE SERVICIO - Hospital Militar de Santiago<\/title>\n<meta name=\"robots\" content=\"index, follow, max-snippet:-1, max-image-preview:large, max-video-preview:-1\" \/>\n<link rel=\"canonical\" href=\"https:\/\/www.hms.cl\/index.php\/2024\/07\/02\/jefe-del-servicio-de-otorrino-deja-el-hms-tras-40-anos-de-servicio\/\" \/>\n<meta property=\"og:locale\" content=\"es_ES\" \/>\n<meta property=\"og:type\" content=\"article\" \/>\n<meta property=\"og:title\" content=\"JEFE DEL SERVICIO DE OTORRINO DEJA EL HMS TRAS 40 A\u00d1OS DE SERVICIO - Hospital Militar de Santiago\" \/>\n<meta property=\"og:description\" content=\"Tras una profunda reflexi\u00f3n, el Jefe del Servicio de Otorrinolaringolog\u00eda del Hospital Militar de Santiago (HMS)\" \/>\n<meta property=\"og:url\" content=\"https:\/\/www.hms.cl\/index.php\/2024\/07\/02\/jefe-del-servicio-de-otorrino-deja-el-hms-tras-40-anos-de-servicio\/\" \/>\n<meta property=\"og:site_name\" content=\"Hospital Militar de Santiago\" \/>\n<meta property=\"article:publisher\" content=\"https:\/\/www.facebook.com\/hospitalmilitardesantiago\" \/>\n<meta property=\"article:published_time\" content=\"2024-07-02T15:00:52+00:00\" \/>\n<meta property=\"article:modified_time\" content=\"2025-06-24T14:02:32+00:00\" \/>\n<meta property=\"og:image\" content=\"https:\/\/www.hms.cl\/wp-content\/uploads\/2025\/06\/Jefe-del-Servicio-de-Otorrinolaringologia-del-HMS-dejar-el-HMS-Portada.jpg\" \/>\n\t<meta property=\"og:image:width\" content=\"780\" \/>\n\t<meta property=\"og:image:height\" content=\"587\" \/>\n\t<meta property=\"og:image:type\" content=\"image\/jpeg\" \/>\n<meta name=\"author\" content=\"Admin\" \/>\n<meta name=\"twitter:card\" content=\"summary_large_image\" \/>\n<meta name=\"twitter:creator\" content=\"@HosMilSantiago\" \/>\n<meta name=\"twitter:site\" content=\"@HosMilSantiago\" \/>\n<meta name=\"twitter:label1\" content=\"Escrito por\" \/>\n\t<meta name=\"twitter:data1\" content=\"Admin\" \/>\n\t<meta name=\"twitter:label2\" content=\"Tiempo estimado de lectura\" \/>\n\t<meta name=\"twitter:data2\" content=\"4 minutos\" \/>\n<script type=\"application\/ld+json\" class=\"yoast-schema-graph\">{\"@context\":\"https:\/\/schema.org\",\"@graph\":[{\"@type\":\"Article\",\"@id\":\"https:\/\/www.hms.cl\/index.php\/2024\/07\/02\/jefe-del-servicio-de-otorrino-deja-el-hms-tras-40-anos-de-servicio\/#article\",\"isPartOf\":{\"@id\":\"https:\/\/www.hms.cl\/index.php\/2024\/07\/02\/jefe-del-servicio-de-otorrino-deja-el-hms-tras-40-anos-de-servicio\/\"},\"author\":{\"name\":\"Admin\",\"@id\":\"https:\/\/www.hms.cl\/#\/schema\/person\/93186034b446672703627f9ef2d767ca\"},\"headline\":\"JEFE DEL SERVICIO DE OTORRINO DEJA EL HMS TRAS 40 A\u00d1OS DE SERVICIO\",\"datePublished\":\"2024-07-02T15:00:52+00:00\",\"dateModified\":\"2025-06-24T14:02:32+00:00\",\"mainEntityOfPage\":{\"@id\":\"https:\/\/www.hms.cl\/index.php\/2024\/07\/02\/jefe-del-servicio-de-otorrino-deja-el-hms-tras-40-anos-de-servicio\/\"},\"wordCount\":665,\"publisher\":{\"@id\":\"https:\/\/www.hms.cl\/#organization\"},\"image\":{\"@id\":\"https:\/\/www.hms.cl\/index.php\/2024\/07\/02\/jefe-del-servicio-de-otorrino-deja-el-hms-tras-40-anos-de-servicio\/#primaryimage\"},\"thumbnailUrl\":\"https:\/\/www.hms.cl\/wp-content\/uploads\/2025\/06\/Jefe-del-Servicio-de-Otorrinolaringologia-del-HMS-dejar-el-HMS-Portada.jpg\",\"articleSection\":[\"Noticias\"],\"inLanguage\":\"es-CL\"},{\"@type\":\"WebPage\",\"@id\":\"https:\/\/www.hms.cl\/index.php\/2024\/07\/02\/jefe-del-servicio-de-otorrino-deja-el-hms-tras-40-anos-de-servicio\/\",\"url\":\"https:\/\/www.hms.cl\/index.php\/2024\/07\/02\/jefe-del-servicio-de-otorrino-deja-el-hms-tras-40-anos-de-servicio\/\",\"name\":\"JEFE DEL SERVICIO DE OTORRINO DEJA EL HMS TRAS 40 A\u00d1OS DE SERVICIO - Hospital Militar de Santiago\",\"isPartOf\":{\"@id\":\"https:\/\/www.hms.cl\/#website\"},\"primaryImageOfPage\":{\"@id\":\"https:\/\/www.hms.cl\/index.php\/2024\/07\/02\/jefe-del-servicio-de-otorrino-deja-el-hms-tras-40-anos-de-servicio\/#primaryimage\"},\"image\":{\"@id\":\"https:\/\/www.hms.cl\/index.php\/2024\/07\/02\/jefe-del-servicio-de-otorrino-deja-el-hms-tras-40-anos-de-servicio\/#primaryimage\"},\"thumbnailUrl\":\"https:\/\/www.hms.cl\/wp-content\/uploads\/2025\/06\/Jefe-del-Servicio-de-Otorrinolaringologia-del-HMS-dejar-el-HMS-Portada.jpg\",\"datePublished\":\"2024-07-02T15:00:52+00:00\",\"dateModified\":\"2025-06-24T14:02:32+00:00\",\"breadcrumb\":{\"@id\":\"https:\/\/www.hms.cl\/index.php\/2024\/07\/02\/jefe-del-servicio-de-otorrino-deja-el-hms-tras-40-anos-de-servicio\/#breadcrumb\"},\"inLanguage\":\"es-CL\",\"potentialAction\":[{\"@type\":\"ReadAction\",\"target\":[\"https:\/\/www.hms.cl\/index.php\/2024\/07\/02\/jefe-del-servicio-de-otorrino-deja-el-hms-tras-40-anos-de-servicio\/\"]}]},{\"@type\":\"ImageObject\",\"inLanguage\":\"es-CL\",\"@id\":\"https:\/\/www.hms.cl\/index.php\/2024\/07\/02\/jefe-del-servicio-de-otorrino-deja-el-hms-tras-40-anos-de-servicio\/#primaryimage\",\"url\":\"https:\/\/www.hms.cl\/wp-content\/uploads\/2025\/06\/Jefe-del-Servicio-de-Otorrinolaringologia-del-HMS-dejar-el-HMS-Portada.jpg\",\"contentUrl\":\"https:\/\/www.hms.cl\/wp-content\/uploads\/2025\/06\/Jefe-del-Servicio-de-Otorrinolaringologia-del-HMS-dejar-el-HMS-Portada.jpg\",\"width\":780,\"height\":587},{\"@type\":\"BreadcrumbList\",\"@id\":\"https:\/\/www.hms.cl\/index.php\/2024\/07\/02\/jefe-del-servicio-de-otorrino-deja-el-hms-tras-40-anos-de-servicio\/#breadcrumb\",\"itemListElement\":[{\"@type\":\"ListItem\",\"position\":1,\"name\":\"Home\",\"item\":\"https:\/\/www.hms.cl\/\"},{\"@type\":\"ListItem\",\"position\":2,\"name\":\"JEFE DEL SERVICIO DE OTORRINO DEJA EL HMS TRAS 40 A\u00d1OS DE SERVICIO\"}]},{\"@type\":\"WebSite\",\"@id\":\"https:\/\/www.hms.cl\/#website\",\"url\":\"https:\/\/www.hms.cl\/\",\"name\":\"Hospital Militar de Santiago\",\"description\":\"\",\"publisher\":{\"@id\":\"https:\/\/www.hms.cl\/#organization\"},\"potentialAction\":[{\"@type\":\"SearchAction\",\"target\":{\"@type\":\"EntryPoint\",\"urlTemplate\":\"https:\/\/www.hms.cl\/?s={search_term_string}\"},\"query-input\":{\"@type\":\"PropertyValueSpecification\",\"valueRequired\":true,\"valueName\":\"search_term_string\"}}],\"inLanguage\":\"es-CL\"},{\"@type\":\"Organization\",\"@id\":\"https:\/\/www.hms.cl\/#organization\",\"name\":\"Hospital Militar de Santiago\",\"url\":\"https:\/\/www.hms.cl\/\",\"logo\":{\"@type\":\"ImageObject\",\"inLanguage\":\"es-CL\",\"@id\":\"https:\/\/www.hms.cl\/#\/schema\/logo\/image\/\",\"url\":\"https:\/\/www.hms.cl\/wp-content\/uploads\/2025\/07\/Logo-Vertical-Mediano.png\",\"contentUrl\":\"https:\/\/www.hms.cl\/wp-content\/uploads\/2025\/07\/Logo-Vertical-Mediano.png\",\"width\":1280,\"height\":720,\"caption\":\"Hospital Militar de Santiago\"},\"image\":{\"@id\":\"https:\/\/www.hms.cl\/#\/schema\/logo\/image\/\"},\"sameAs\":[\"https:\/\/www.facebook.com\/hospitalmilitardesantiago\",\"https:\/\/x.com\/HosMilSantiago\",\"https:\/\/www.instagram.com\/hospitalmilitardesantiago\/\",\"https:\/\/www.linkedin.com\/company\/hospital-militar-de-santiago-hosmil\",\"https:\/\/www.youtube.com\/c\/HMSVIDEO\"]},{\"@type\":\"Person\",\"@id\":\"https:\/\/www.hms.cl\/#\/schema\/person\/93186034b446672703627f9ef2d767ca\",\"name\":\"Admin\",\"image\":{\"@type\":\"ImageObject\",\"inLanguage\":\"es-CL\",\"@id\":\"https:\/\/www.hms.cl\/#\/schema\/person\/image\/\",\"url\":\"https:\/\/secure.gravatar.com\/avatar\/9384d0095fd3da50dc372f84c8bcde28aac29e86759f23fd0cfb33f9820a4e50?s=96&d=mm&r=g\",\"contentUrl\":\"https:\/\/secure.gravatar.com\/avatar\/9384d0095fd3da50dc372f84c8bcde28aac29e86759f23fd0cfb33f9820a4e50?s=96&d=mm&r=g\",\"caption\":\"Admin\"},\"sameAs\":[\"http:\/\/10.10.50.51\"],\"url\":\"https:\/\/www.hms.cl\/index.php\/author\/admin\/\"}]}<\/script>\n<!-- \/ Yoast SEO plugin. -->","yoast_head_json":{"title":"JEFE DEL SERVICIO DE OTORRINO DEJA EL HMS TRAS 40 A\u00d1OS DE SERVICIO - Hospital Militar de Santiago","robots":{"index":"index","follow":"follow","max-snippet":"max-snippet:-1","max-image-preview":"max-image-preview:large","max-video-preview":"max-video-preview:-1"},"canonical":"https:\/\/www.hms.cl\/index.php\/2024\/07\/02\/jefe-del-servicio-de-otorrino-deja-el-hms-tras-40-anos-de-servicio\/","og_locale":"es_ES","og_type":"article","og_title":"JEFE DEL SERVICIO DE OTORRINO DEJA EL HMS TRAS 40 A\u00d1OS DE SERVICIO - Hospital Militar de Santiago","og_description":"Tras una profunda reflexi\u00f3n, el Jefe del Servicio de Otorrinolaringolog\u00eda del Hospital Militar de Santiago (HMS)","og_url":"https:\/\/www.hms.cl\/index.php\/2024\/07\/02\/jefe-del-servicio-de-otorrino-deja-el-hms-tras-40-anos-de-servicio\/","og_site_name":"Hospital Militar de Santiago","article_publisher":"https:\/\/www.facebook.com\/hospitalmilitardesantiago","article_published_time":"2024-07-02T15:00:52+00:00","article_modified_time":"2025-06-24T14:02:32+00:00","og_image":[{"width":780,"height":587,"url":"https:\/\/www.hms.cl\/wp-content\/uploads\/2025\/06\/Jefe-del-Servicio-de-Otorrinolaringologia-del-HMS-dejar-el-HMS-Portada.jpg","type":"image\/jpeg"}],"author":"Admin","twitter_card":"summary_large_image","twitter_creator":"@HosMilSantiago","twitter_site":"@HosMilSantiago","twitter_misc":{"Escrito por":"Admin","Tiempo estimado de lectura":"4 minutos"},"schema":{"@context":"https:\/\/schema.org","@graph":[{"@type":"Article","@id":"https:\/\/www.hms.cl\/index.php\/2024\/07\/02\/jefe-del-servicio-de-otorrino-deja-el-hms-tras-40-anos-de-servicio\/#article","isPartOf":{"@id":"https:\/\/www.hms.cl\/index.php\/2024\/07\/02\/jefe-del-servicio-de-otorrino-deja-el-hms-tras-40-anos-de-servicio\/"},"author":{"name":"Admin","@id":"https:\/\/www.hms.cl\/#\/schema\/person\/93186034b446672703627f9ef2d767ca"},"headline":"JEFE DEL SERVICIO DE OTORRINO DEJA EL HMS TRAS 40 A\u00d1OS DE SERVICIO","datePublished":"2024-07-02T15:00:52+00:00","dateModified":"2025-06-24T14:02:32+00:00","mainEntityOfPage":{"@id":"https:\/\/www.hms.cl\/index.php\/2024\/07\/02\/jefe-del-servicio-de-otorrino-deja-el-hms-tras-40-anos-de-servicio\/"},"wordCount":665,"publisher":{"@id":"https:\/\/www.hms.cl\/#organization"},"image":{"@id":"https:\/\/www.hms.cl\/index.php\/2024\/07\/02\/jefe-del-servicio-de-otorrino-deja-el-hms-tras-40-anos-de-servicio\/#primaryimage"},"thumbnailUrl":"https:\/\/www.hms.cl\/wp-content\/uploads\/2025\/06\/Jefe-del-Servicio-de-Otorrinolaringologia-del-HMS-dejar-el-HMS-Portada.jpg","articleSection":["Noticias"],"inLanguage":"es-CL"},{"@type":"WebPage","@id":"https:\/\/www.hms.cl\/index.php\/2024\/07\/02\/jefe-del-servicio-de-otorrino-deja-el-hms-tras-40-anos-de-servicio\/","url":"https:\/\/www.hms.cl\/index.php\/2024\/07\/02\/jefe-del-servicio-de-otorrino-deja-el-hms-tras-40-anos-de-servicio\/","name":"JEFE DEL SERVICIO DE OTORRINO DEJA EL HMS TRAS 40 A\u00d1OS DE SERVICIO - Hospital Militar de Santiago","isPartOf":{"@id":"https:\/\/www.hms.cl\/#website"},"primaryImageOfPage":{"@id":"https:\/\/www.hms.cl\/index.php\/2024\/07\/02\/jefe-del-servicio-de-otorrino-deja-el-hms-tras-40-anos-de-servicio\/#primaryimage"},"image":{"@id":"https:\/\/www.hms.cl\/index.php\/2024\/07\/02\/jefe-del-servicio-de-otorrino-deja-el-hms-tras-40-anos-de-servicio\/#primaryimage"},"thumbnailUrl":"https:\/\/www.hms.cl\/wp-content\/uploads\/2025\/06\/Jefe-del-Servicio-de-Otorrinolaringologia-del-HMS-dejar-el-HMS-Portada.jpg","datePublished":"2024-07-02T15:00:52+00:00","dateModified":"2025-06-24T14:02:32+00:00","breadcrumb":{"@id":"https:\/\/www.hms.cl\/index.php\/2024\/07\/02\/jefe-del-servicio-de-otorrino-deja-el-hms-tras-40-anos-de-servicio\/#breadcrumb"},"inLanguage":"es-CL","potentialAction":[{"@type":"ReadAction","target":["https:\/\/www.hms.cl\/index.php\/2024\/07\/02\/jefe-del-servicio-de-otorrino-deja-el-hms-tras-40-anos-de-servicio\/"]}]},{"@type":"ImageObject","inLanguage":"es-CL","@id":"https:\/\/www.hms.cl\/index.php\/2024\/07\/02\/jefe-del-servicio-de-otorrino-deja-el-hms-tras-40-anos-de-servicio\/#primaryimage","url":"https:\/\/www.hms.cl\/wp-content\/uploads\/2025\/06\/Jefe-del-Servicio-de-Otorrinolaringologia-del-HMS-dejar-el-HMS-Portada.jpg","contentUrl":"https:\/\/www.hms.cl\/wp-content\/uploads\/2025\/06\/Jefe-del-Servicio-de-Otorrinolaringologia-del-HMS-dejar-el-HMS-Portada.jpg","width":780,"height":587},{"@type":"BreadcrumbList","@id":"https:\/\/www.hms.cl\/index.php\/2024\/07\/02\/jefe-del-servicio-de-otorrino-deja-el-hms-tras-40-anos-de-servicio\/#breadcrumb","itemListElement":[{"@type":"ListItem","position":1,"name":"Home","item":"https:\/\/www.hms.cl\/"},{"@type":"ListItem","position":2,"name":"JEFE DEL SERVICIO DE OTORRINO DEJA EL HMS TRAS 40 A\u00d1OS DE SERVICIO"}]},{"@type":"WebSite","@id":"https:\/\/www.hms.cl\/#website","url":"https:\/\/www.hms.cl\/","name":"Hospital Militar de Santiago","description":"","publisher":{"@id":"https:\/\/www.hms.cl\/#organization"},"potentialAction":[{"@type":"SearchAction","target":{"@type":"EntryPoint","urlTemplate":"https:\/\/www.hms.cl\/?s={search_term_string}"},"query-input":{"@type":"PropertyValueSpecification","valueRequired":true,"valueName":"search_term_string"}}],"inLanguage":"es-CL"},{"@type":"Organization","@id":"https:\/\/www.hms.cl\/#organization","name":"Hospital Militar de Santiago","url":"https:\/\/www.hms.cl\/","logo":{"@type":"ImageObject","inLanguage":"es-CL","@id":"https:\/\/www.hms.cl\/#\/schema\/logo\/image\/","url":"https:\/\/www.hms.cl\/wp-content\/uploads\/2025\/07\/Logo-Vertical-Mediano.png","contentUrl":"https:\/\/www.hms.cl\/wp-content\/uploads\/2025\/07\/Logo-Vertical-Mediano.png","width":1280,"height":720,"caption":"Hospital Militar de Santiago"},"image":{"@id":"https:\/\/www.hms.cl\/#\/schema\/logo\/image\/"},"sameAs":["https:\/\/www.facebook.com\/hospitalmilitardesantiago","https:\/\/x.com\/HosMilSantiago","https:\/\/www.instagram.com\/hospitalmilitardesantiago\/","https:\/\/www.linkedin.com\/company\/hospital-militar-de-santiago-hosmil","https:\/\/www.youtube.com\/c\/HMSVIDEO"]},{"@type":"Person","@id":"https:\/\/www.hms.cl\/#\/schema\/person\/93186034b446672703627f9ef2d767ca","name":"Admin","image":{"@type":"ImageObject","inLanguage":"es-CL","@id":"https:\/\/www.hms.cl\/#\/schema\/person\/image\/","url":"https:\/\/secure.gravatar.com\/avatar\/9384d0095fd3da50dc372f84c8bcde28aac29e86759f23fd0cfb33f9820a4e50?s=96&d=mm&r=g","contentUrl":"https:\/\/secure.gravatar.com\/avatar\/9384d0095fd3da50dc372f84c8bcde28aac29e86759f23fd0cfb33f9820a4e50?s=96&d=mm&r=g","caption":"Admin"},"sameAs":["http:\/\/10.10.50.51"],"url":"https:\/\/www.hms.cl\/index.php\/author\/admin\/"}]}},"_links":{"self":[{"href":"https:\/\/www.hms.cl\/index.php\/wp-json\/wp\/v2\/posts\/3014","targetHints":{"allow":["GET"]}}],"collection":[{"href":"https:\/\/www.hms.cl\/index.php\/wp-json\/wp\/v2\/posts"}],"about":[{"href":"https:\/\/www.hms.cl\/index.php\/wp-json\/wp\/v2\/types\/post"}],"author":[{"embeddable":true,"href":"https:\/\/www.hms.cl\/index.php\/wp-json\/wp\/v2\/users\/1"}],"replies":[{"embeddable":true,"href":"https:\/\/www.hms.cl\/index.php\/wp-json\/wp\/v2\/comments?post=3014"}],"version-history":[{"count":6,"href":"https:\/\/www.hms.cl\/index.php\/wp-json\/wp\/v2\/posts\/3014\/revisions"}],"predecessor-version":[{"id":3045,"href":"https:\/\/www.hms.cl\/index.php\/wp-json\/wp\/v2\/posts\/3014\/revisions\/3045"}],"wp:featuredmedia":[{"embeddable":true,"href":"https:\/\/www.hms.cl\/index.php\/wp-json\/wp\/v2\/media\/3029"}],"wp:attachment":[{"href":"https:\/\/www.hms.cl\/index.php\/wp-json\/wp\/v2\/media?parent=3014"}],"wp:term":[{"taxonomy":"category","embeddable":true,"href":"https:\/\/www.hms.cl\/index.php\/wp-json\/wp\/v2\/categories?post=3014"},{"taxonomy":"post_tag","embeddable":true,"href":"https:\/\/www.hms.cl\/index.php\/wp-json\/wp\/v2\/tags?post=3014"}],"curies":[{"name":"wp","href":"https:\/\/api.w.org\/{rel}","templated":true}]}}