{"id":2794,"date":"2024-07-31T10:00:46","date_gmt":"2024-07-31T13:00:46","guid":{"rendered":"http:\/\/10.10.50.51\/?p=2794"},"modified":"2025-06-23T17:03:21","modified_gmt":"2025-06-23T20:03:21","slug":"hms-capacita-a-enfermeros-militares-de-la-dotacion-antartica-2024-2025","status":"publish","type":"post","link":"https:\/\/www.hms.cl\/index.php\/2024\/07\/31\/hms-capacita-a-enfermeros-militares-de-la-dotacion-antartica-2024-2025\/","title":{"rendered":"HMS CAPACITA A ENFERMEROS MILITARES DE LA DOTACI\u00d3N ANT\u00c1RTICA 2024-2025"},"content":{"rendered":"\t\t<div data-elementor-type=\"wp-post\" data-elementor-id=\"2794\" class=\"elementor elementor-2794\" data-elementor-post-type=\"post\">\n\t\t\t\t<div class=\"elementor-element elementor-element-6066d37b e-con-full e-flex e-con e-parent\" data-id=\"6066d37b\" data-element_type=\"container\">\n\t\t\t\t<div class=\"elementor-element elementor-element-750aa1d2 elementor-widget elementor-widget-heading\" data-id=\"750aa1d2\" data-element_type=\"widget\" data-widget_type=\"heading.default\">\n\t\t\t\t<div class=\"elementor-widget-container\">\n\t\t\t\t\t<h2 class=\"elementor-heading-title elementor-size-default\">HMS CAPACITA A ENFERMEROS MILITARES DE LA DOTACI\u00d3N ANT\u00c1RTICA 2024-2025<\/h2>\t\t\t\t<\/div>\n\t\t\t\t<\/div>\n\t\t\t\t<\/div>\n\t\t<div class=\"elementor-element elementor-element-26315c34 e-flex e-con-boxed e-con e-parent\" data-id=\"26315c34\" data-element_type=\"container\">\n\t\t\t\t\t<div class=\"e-con-inner\">\n\t\t<div class=\"elementor-element elementor-element-10f6b03e e-con-full e-flex e-con e-child\" data-id=\"10f6b03e\" data-element_type=\"container\">\n\t\t\t\t<div class=\"elementor-element elementor-element-1c145629 elementor-widget elementor-widget-text-editor\" data-id=\"1c145629\" data-element_type=\"widget\" data-widget_type=\"text-editor.default\">\n\t\t\t\t<div class=\"elementor-widget-container\">\n\t\t\t\t\t\t\t\t\t<div>Dos Enfermeros Militares de Combate (EMC), que integran el personal que cumplir\u00e1 funciones en la Ant\u00e1rtica durante el periodo 2024-2025,\u00a0<strong>comenzaron un per\u00edodo de capacitaci\u00f3n en distintitas \u00e1reas de la salud<\/strong>, en el Hospital Militar de Santiago (HMS).<\/div><div>\u00a0<\/div><div>Los efectivos sanitarios son el\u00a0<strong>SG1 Gonzalo Ramos Palma y el SG2 \u00cdtalo Mu\u00f1oz Maureira<\/strong>, quienes est\u00e1n siendo instruidos, para poder prestar sus servicios y apoyar a la dotaci\u00f3n de 22 militares, que permanecer\u00e1 en la Base Ant\u00e1rtica del Ej\u00e9rcito General Bernardo O\u2019Higgins durante un a\u00f1o.\u00a0<\/div><div>\u00a0<\/div><div>Esta actividad docente, que se realiza cada a\u00f1o,\u00a0<strong>considera la instrucci\u00f3n en materias sanitarias vinculadas a la Traumatolog\u00eda<\/strong>, como lesiones osteoarticulares, diagn\u00f3stico y manejo de enfermer\u00eda; del Servicio de Urgencias, como instalaci\u00f3n, cuidados y manejo de fleboclisis y osteoclisis. Adem\u00e1s, se capacitar\u00e1n sobre el empleo y\u00a0<strong>conexi\u00f3n de un equipo de telemedicina, sobre el manejo del equipo de RX<\/strong>, el mantenimiento de equipos de im\u00e1genes o la toma de RX, principalmente proyecciones en huesos largos y cortos, t\u00f3rax.<\/div><div>\u00a0<\/div><div>Otro aspecto de importancia a considerar, es lo relacionado a la\u00a0<strong>Salud Mental, puesto que la dotaci\u00f3n permanecer\u00e1 en la zona ant\u00e1rtica durante un a\u00f1o<\/strong>, y parte de ese per\u00edodo en total aislamiento, por razones clim\u00e1ticas. Por lo anterior, materias relacionadas a la contenci\u00f3n f\u00edsica y verbal, pautas de observaci\u00f3n conductual o la identificaci\u00f3n de conductas de riesgo, se consideran \u00e1mbitos necesarios de capacitar.\u00a0<\/div><div>\u00a0<\/div><div><strong>La dotaci\u00f3n est\u00e1 compuesta por un comandante, un oficial log\u00edstico, un oficial explorador y 19 suboficiales<\/strong>\u00a0en cargos log\u00edsticos y de exploraci\u00f3n. Fueron seleccionados, tras un per\u00edodo de postulaci\u00f3n, con pruebas de conocimiento ant\u00e1rtico, pruebas de suficiencia fisca (PSF), pruebas de nataci\u00f3n, junto con las de conocimientos t\u00e9cnicos y espec\u00edficos al puesto.\u00a0<\/div><div>\u00a0<\/div><div>La Base Ant\u00e1rtica del Ej\u00e9rcito General Bernardo O\u2019Higgins, es una instalaci\u00f3n que data de febrero de 1947.<\/div><div>\u00a0<\/div><div>En la foto, el\u00a0<strong>General de Brigada Francisco Silva Ter\u00e1n, Director del HMS<\/strong>, despidi\u00e9ndose de los Enfermeros Militares de Combate (EMC).<\/div>\t\t\t\t\t\t\t\t<\/div>\n\t\t\t\t<\/div>\n\t\t\t\t<\/div>\n\t\t<div class=\"elementor-element elementor-element-27ac4500 e-con-full e-flex e-con e-child\" data-id=\"27ac4500\" data-element_type=\"container\">\n\t\t\t\t<div class=\"elementor-element elementor-element-772e721f elementor-widget elementor-widget-image\" data-id=\"772e721f\" data-element_type=\"widget\" data-widget_type=\"image.default\">\n\t\t\t\t<div class=\"elementor-widget-container\">\n\t\t\t\t\t\t\t\t\t\t\t\t\t\t\t<img fetchpriority=\"high\" decoding=\"async\" width=\"800\" height=\"534\" src=\"https:\/\/www.hms.cl\/wp-content\/uploads\/2025\/06\/EMC-Dotacion-Antartica-durante-el-periodo-2024-2025-Portada-1024x683.jpeg\" class=\"attachment-large size-large wp-image-2820\" alt=\"\" srcset=\"https:\/\/www.hms.cl\/wp-content\/uploads\/2025\/06\/EMC-Dotacion-Antartica-durante-el-periodo-2024-2025-Portada-1024x683.jpeg 1024w, https:\/\/www.hms.cl\/wp-content\/uploads\/2025\/06\/EMC-Dotacion-Antartica-durante-el-periodo-2024-2025-Portada-300x200.jpeg 300w, https:\/\/www.hms.cl\/wp-content\/uploads\/2025\/06\/EMC-Dotacion-Antartica-durante-el-periodo-2024-2025-Portada-768x512.jpeg 768w, https:\/\/www.hms.cl\/wp-content\/uploads\/2025\/06\/EMC-Dotacion-Antartica-durante-el-periodo-2024-2025-Portada-1536x1024.jpeg 1536w, https:\/\/www.hms.cl\/wp-content\/uploads\/2025\/06\/EMC-Dotacion-Antartica-durante-el-periodo-2024-2025-Portada-2048x1366.jpeg 2048w\" sizes=\"(max-width: 800px) 100vw, 800px\" \/>\t\t\t\t\t\t\t\t\t\t\t\t\t\t\t<\/div>\n\t\t\t\t<\/div>\n\t\t\t\t<div class=\"elementor-element elementor-element-74432fe5 elementor-widget-divider--view-line elementor-widget elementor-widget-divider\" data-id=\"74432fe5\" data-element_type=\"widget\" data-widget_type=\"divider.default\">\n\t\t\t\t<div class=\"elementor-widget-container\">\n\t\t\t\t\t\t\t<div class=\"elementor-divider\">\n\t\t\t<span class=\"elementor-divider-separator\">\n\t\t\t\t\t\t<\/span>\n\t\t<\/div>\n\t\t\t\t\t\t<\/div>\n\t\t\t\t<\/div>\n\t\t\t\t<\/div>\n\t\t\t\t\t<\/div>\n\t\t\t\t<\/div>\n\t\t<div class=\"elementor-element elementor-element-1e570252 e-flex e-con-boxed e-con e-parent\" data-id=\"1e570252\" data-element_type=\"container\">\n\t\t\t\t\t<div class=\"e-con-inner\">\n\t\t\t\t<div class=\"elementor-element elementor-element-16a2fe38 elementor-widget-divider--view-line elementor-widget elementor-widget-divider\" data-id=\"16a2fe38\" data-element_type=\"widget\" data-widget_type=\"divider.default\">\n\t\t\t\t<div class=\"elementor-widget-container\">\n\t\t\t\t\t\t\t<div class=\"elementor-divider\">\n\t\t\t<span class=\"elementor-divider-separator\">\n\t\t\t\t\t\t<\/span>\n\t\t<\/div>\n\t\t\t\t\t\t<\/div>\n\t\t\t\t<\/div>\n\t\t\t\t\t<\/div>\n\t\t\t\t<\/div>\n\t\t<div class=\"elementor-element elementor-element-553017a e-flex e-con-boxed e-con e-parent\" data-id=\"553017a\" data-element_type=\"container\">\n\t\t\t\t\t<div class=\"e-con-inner\">\n\t\t\t\t<div class=\"elementor-element elementor-element-68e11fcc elementor-grid-3 elementor-grid-tablet-2 elementor-grid-mobile-1 elementor-posts--thumbnail-top elementor-widget elementor-widget-posts\" data-id=\"68e11fcc\" data-element_type=\"widget\" data-settings=\"{&quot;classic_columns&quot;:&quot;3&quot;,&quot;classic_columns_tablet&quot;:&quot;2&quot;,&quot;classic_columns_mobile&quot;:&quot;1&quot;,&quot;classic_row_gap&quot;:{&quot;unit&quot;:&quot;px&quot;,&quot;size&quot;:35,&quot;sizes&quot;:[]},&quot;classic_row_gap_tablet&quot;:{&quot;unit&quot;:&quot;px&quot;,&quot;size&quot;:&quot;&quot;,&quot;sizes&quot;:[]},&quot;classic_row_gap_mobile&quot;:{&quot;unit&quot;:&quot;px&quot;,&quot;size&quot;:&quot;&quot;,&quot;sizes&quot;:[]}}\" data-widget_type=\"posts.classic\">\n\t\t\t\t<div class=\"elementor-widget-container\">\n\t\t\t\t\t\t\t<div class=\"elementor-posts-container elementor-posts elementor-posts--skin-classic elementor-grid\" role=\"list\">\n\t\t\t\t<article class=\"elementor-post elementor-grid-item post-11647 post type-post status-publish format-standard has-post-thumbnail hentry category-noticias\" role=\"listitem\">\n\t\t\t\t<a class=\"elementor-post__thumbnail__link\" href=\"https:\/\/www.hms.cl\/index.php\/2026\/04\/30\/hms-realiza-ceremonia-de-ascenso-y-despedida-de-personal\/\" tabindex=\"-1\" >\n\t\t\t<div class=\"elementor-post__thumbnail\"><img decoding=\"async\" width=\"519\" height=\"444\" src=\"https:\/\/www.hms.cl\/wp-content\/uploads\/2026\/04\/Ascenso2_abril_web.jpeg\" class=\"attachment-full size-full wp-image-11675\" alt=\"\" srcset=\"https:\/\/www.hms.cl\/wp-content\/uploads\/2026\/04\/Ascenso2_abril_web.jpeg 519w, https:\/\/www.hms.cl\/wp-content\/uploads\/2026\/04\/Ascenso2_abril_web-300x257.jpeg 300w\" sizes=\"(max-width: 519px) 100vw, 519px\" \/><\/div>\n\t\t<\/a>\n\t\t\t\t<div class=\"elementor-post__text\">\n\t\t\t\t<h3 class=\"elementor-post__title\">\n\t\t\t<a href=\"https:\/\/www.hms.cl\/index.php\/2026\/04\/30\/hms-realiza-ceremonia-de-ascenso-y-despedida-de-personal\/\" >\n\t\t\t\tHMS REALIZA CEREMONIA DE ASCENSO Y DESPEDIDA DE PERSONAL\t\t\t<\/a>\n\t\t<\/h3>\n\t\t\t\t<div class=\"elementor-post__meta-data\">\n\t\t\t\t\t<span class=\"elementor-post-date\">\n\t\t\t30 de Abril de 2026\t\t<\/span>\n\t\t\t\t<\/div>\n\t\t\n\t\t<a class=\"elementor-post__read-more\" href=\"https:\/\/www.hms.cl\/index.php\/2026\/04\/30\/hms-realiza-ceremonia-de-ascenso-y-despedida-de-personal\/\" aria-label=\"Read more about HMS REALIZA CEREMONIA DE ASCENSO Y DESPEDIDA DE PERSONAL\" tabindex=\"-1\" >\n\t\t\tLeer M\u00e1s\t\t<\/a>\n\n\t\t\t\t<\/div>\n\t\t\t\t<\/article>\n\t\t\t\t<article class=\"elementor-post elementor-grid-item post-11633 post type-post status-publish format-standard has-post-thumbnail hentry category-noticias\" role=\"listitem\">\n\t\t\t\t<a class=\"elementor-post__thumbnail__link\" href=\"https:\/\/www.hms.cl\/index.php\/2026\/04\/29\/minsal-se-reune-con-cje-para-coordinar-despliegue-del-hospital-militar-de-campana-en-los-angeles\/\" tabindex=\"-1\" >\n\t\t\t<div class=\"elementor-post__thumbnail\"><img decoding=\"async\" width=\"1084\" height=\"815\" src=\"https:\/\/www.hms.cl\/wp-content\/uploads\/2026\/04\/Visita-Ministra-Salud-Web.png\" class=\"attachment-full size-full wp-image-11635\" alt=\"\" srcset=\"https:\/\/www.hms.cl\/wp-content\/uploads\/2026\/04\/Visita-Ministra-Salud-Web.png 1084w, https:\/\/www.hms.cl\/wp-content\/uploads\/2026\/04\/Visita-Ministra-Salud-Web-300x226.png 300w, https:\/\/www.hms.cl\/wp-content\/uploads\/2026\/04\/Visita-Ministra-Salud-Web-1024x770.png 1024w, https:\/\/www.hms.cl\/wp-content\/uploads\/2026\/04\/Visita-Ministra-Salud-Web-768x577.png 768w\" sizes=\"(max-width: 1084px) 100vw, 1084px\" \/><\/div>\n\t\t<\/a>\n\t\t\t\t<div class=\"elementor-post__text\">\n\t\t\t\t<h3 class=\"elementor-post__title\">\n\t\t\t<a href=\"https:\/\/www.hms.cl\/index.php\/2026\/04\/29\/minsal-se-reune-con-cje-para-coordinar-despliegue-del-hospital-militar-de-campana-en-los-angeles\/\" >\n\t\t\t\tMINSAL SE REUNE CON CJE PARA COORDINAR DESPLIEGUE DEL HOSPITAL MILITAR DE CAMPA\u00d1A EN LOS ANGELES\t\t\t<\/a>\n\t\t<\/h3>\n\t\t\t\t<div class=\"elementor-post__meta-data\">\n\t\t\t\t\t<span class=\"elementor-post-date\">\n\t\t\t29 de Abril de 2026\t\t<\/span>\n\t\t\t\t<\/div>\n\t\t\n\t\t<a class=\"elementor-post__read-more\" href=\"https:\/\/www.hms.cl\/index.php\/2026\/04\/29\/minsal-se-reune-con-cje-para-coordinar-despliegue-del-hospital-militar-de-campana-en-los-angeles\/\" aria-label=\"Read more about MINSAL SE REUNE CON CJE PARA COORDINAR DESPLIEGUE DEL HOSPITAL MILITAR DE CAMPA\u00d1A EN LOS ANGELES\" tabindex=\"-1\" >\n\t\t\tLeer M\u00e1s\t\t<\/a>\n\n\t\t\t\t<\/div>\n\t\t\t\t<\/article>\n\t\t\t\t<article class=\"elementor-post elementor-grid-item post-11620 post type-post status-publish format-standard has-post-thumbnail hentry category-noticias\" role=\"listitem\">\n\t\t\t\t<a class=\"elementor-post__thumbnail__link\" href=\"https:\/\/www.hms.cl\/index.php\/2026\/04\/29\/con-alta-convocatoria-hms-conmemora-el-dia-del-libro\/\" tabindex=\"-1\" >\n\t\t\t<div class=\"elementor-post__thumbnail\"><img loading=\"lazy\" decoding=\"async\" width=\"519\" height=\"444\" src=\"https:\/\/www.hms.cl\/wp-content\/uploads\/2026\/04\/Dia-libro_web_2026_2.jpeg\" class=\"attachment-full size-full wp-image-11625\" alt=\"\" srcset=\"https:\/\/www.hms.cl\/wp-content\/uploads\/2026\/04\/Dia-libro_web_2026_2.jpeg 519w, https:\/\/www.hms.cl\/wp-content\/uploads\/2026\/04\/Dia-libro_web_2026_2-300x257.jpeg 300w\" sizes=\"(max-width: 519px) 100vw, 519px\" \/><\/div>\n\t\t<\/a>\n\t\t\t\t<div class=\"elementor-post__text\">\n\t\t\t\t<h3 class=\"elementor-post__title\">\n\t\t\t<a href=\"https:\/\/www.hms.cl\/index.php\/2026\/04\/29\/con-alta-convocatoria-hms-conmemora-el-dia-del-libro\/\" >\n\t\t\t\tCON ALTA CONVOCATORIA HMS CONMEMORA EL D\u00cdA DEL LIBRO\t\t\t<\/a>\n\t\t<\/h3>\n\t\t\t\t<div class=\"elementor-post__meta-data\">\n\t\t\t\t\t<span class=\"elementor-post-date\">\n\t\t\t29 de Abril de 2026\t\t<\/span>\n\t\t\t\t<\/div>\n\t\t\n\t\t<a class=\"elementor-post__read-more\" href=\"https:\/\/www.hms.cl\/index.php\/2026\/04\/29\/con-alta-convocatoria-hms-conmemora-el-dia-del-libro\/\" aria-label=\"Read more about CON ALTA CONVOCATORIA HMS CONMEMORA EL D\u00cdA DEL LIBRO\" tabindex=\"-1\" >\n\t\t\tLeer M\u00e1s\t\t<\/a>\n\n\t\t\t\t<\/div>\n\t\t\t\t<\/article>\n\t\t\t\t<\/div>\n\t\t\n\t\t\t\t\t\t<\/div>\n\t\t\t\t<\/div>\n\t\t\t\t\t<\/div>\n\t\t\t\t<\/div>\n\t\t\t\t<\/div>\n\t\t","protected":false},"excerpt":{"rendered":"<p>Dos Enfermeros Militares de Combate (EMC), que integran el personal que cumplir\u00e1 funciones en la Ant\u00e1rtica durante<\/p>\n","protected":false},"author":1,"featured_media":2820,"comment_status":"closed","ping_status":"open","sticky":false,"template":"","format":"standard","meta":{"footnotes":""},"categories":[8],"tags":[],"class_list":["post-2794","post","type-post","status-publish","format-standard","has-post-thumbnail","hentry","category-noticias"],"yoast_head":"<!-- This site is optimized with the Yoast SEO plugin v25.6 - https:\/\/yoast.com\/wordpress\/plugins\/seo\/ -->\n<title>HMS CAPACITA A ENFERMEROS MILITARES DE LA DOTACI\u00d3N ANT\u00c1RTICA 2024-2025 - Hospital Militar de Santiago<\/title>\n<meta name=\"robots\" content=\"index, follow, max-snippet:-1, max-image-preview:large, max-video-preview:-1\" \/>\n<link rel=\"canonical\" href=\"https:\/\/www.hms.cl\/index.php\/2024\/07\/31\/hms-capacita-a-enfermeros-militares-de-la-dotacion-antartica-2024-2025\/\" \/>\n<meta property=\"og:locale\" content=\"es_ES\" \/>\n<meta property=\"og:type\" content=\"article\" \/>\n<meta property=\"og:title\" content=\"HMS CAPACITA A ENFERMEROS MILITARES DE LA DOTACI\u00d3N ANT\u00c1RTICA 2024-2025 - Hospital Militar de Santiago\" \/>\n<meta property=\"og:description\" content=\"Dos Enfermeros Militares de Combate (EMC), que integran el personal que cumplir\u00e1 funciones en la Ant\u00e1rtica durante\" \/>\n<meta property=\"og:url\" content=\"https:\/\/www.hms.cl\/index.php\/2024\/07\/31\/hms-capacita-a-enfermeros-militares-de-la-dotacion-antartica-2024-2025\/\" \/>\n<meta property=\"og:site_name\" content=\"Hospital Militar de Santiago\" \/>\n<meta property=\"article:publisher\" content=\"https:\/\/www.facebook.com\/hospitalmilitardesantiago\" \/>\n<meta property=\"article:published_time\" content=\"2024-07-31T13:00:46+00:00\" \/>\n<meta property=\"article:modified_time\" content=\"2025-06-23T20:03:21+00:00\" \/>\n<meta property=\"og:image\" content=\"https:\/\/www.hms.cl\/wp-content\/uploads\/2025\/06\/EMC-Dotacion-Antartica-durante-el-periodo-2024-2025-Portada.jpeg\" \/>\n\t<meta property=\"og:image:width\" content=\"2560\" \/>\n\t<meta property=\"og:image:height\" content=\"1707\" \/>\n\t<meta property=\"og:image:type\" content=\"image\/jpeg\" \/>\n<meta name=\"author\" content=\"Admin\" \/>\n<meta name=\"twitter:card\" content=\"summary_large_image\" \/>\n<meta name=\"twitter:creator\" content=\"@HosMilSantiago\" \/>\n<meta name=\"twitter:site\" content=\"@HosMilSantiago\" \/>\n<meta name=\"twitter:label1\" content=\"Escrito por\" \/>\n\t<meta name=\"twitter:data1\" content=\"Admin\" \/>\n\t<meta name=\"twitter:label2\" content=\"Tiempo estimado de lectura\" \/>\n\t<meta name=\"twitter:data2\" content=\"3 minutos\" \/>\n<script type=\"application\/ld+json\" class=\"yoast-schema-graph\">{\"@context\":\"https:\/\/schema.org\",\"@graph\":[{\"@type\":\"Article\",\"@id\":\"https:\/\/www.hms.cl\/index.php\/2024\/07\/31\/hms-capacita-a-enfermeros-militares-de-la-dotacion-antartica-2024-2025\/#article\",\"isPartOf\":{\"@id\":\"https:\/\/www.hms.cl\/index.php\/2024\/07\/31\/hms-capacita-a-enfermeros-militares-de-la-dotacion-antartica-2024-2025\/\"},\"author\":{\"name\":\"Admin\",\"@id\":\"https:\/\/www.hms.cl\/#\/schema\/person\/93186034b446672703627f9ef2d767ca\"},\"headline\":\"HMS CAPACITA A ENFERMEROS MILITARES DE LA DOTACI\u00d3N ANT\u00c1RTICA 2024-2025\",\"datePublished\":\"2024-07-31T13:00:46+00:00\",\"dateModified\":\"2025-06-23T20:03:21+00:00\",\"mainEntityOfPage\":{\"@id\":\"https:\/\/www.hms.cl\/index.php\/2024\/07\/31\/hms-capacita-a-enfermeros-militares-de-la-dotacion-antartica-2024-2025\/\"},\"wordCount\":371,\"publisher\":{\"@id\":\"https:\/\/www.hms.cl\/#organization\"},\"image\":{\"@id\":\"https:\/\/www.hms.cl\/index.php\/2024\/07\/31\/hms-capacita-a-enfermeros-militares-de-la-dotacion-antartica-2024-2025\/#primaryimage\"},\"thumbnailUrl\":\"https:\/\/www.hms.cl\/wp-content\/uploads\/2025\/06\/EMC-Dotacion-Antartica-durante-el-periodo-2024-2025-Portada.jpeg\",\"articleSection\":[\"Noticias\"],\"inLanguage\":\"es-CL\"},{\"@type\":\"WebPage\",\"@id\":\"https:\/\/www.hms.cl\/index.php\/2024\/07\/31\/hms-capacita-a-enfermeros-militares-de-la-dotacion-antartica-2024-2025\/\",\"url\":\"https:\/\/www.hms.cl\/index.php\/2024\/07\/31\/hms-capacita-a-enfermeros-militares-de-la-dotacion-antartica-2024-2025\/\",\"name\":\"HMS CAPACITA A ENFERMEROS MILITARES DE LA DOTACI\u00d3N ANT\u00c1RTICA 2024-2025 - Hospital Militar de Santiago\",\"isPartOf\":{\"@id\":\"https:\/\/www.hms.cl\/#website\"},\"primaryImageOfPage\":{\"@id\":\"https:\/\/www.hms.cl\/index.php\/2024\/07\/31\/hms-capacita-a-enfermeros-militares-de-la-dotacion-antartica-2024-2025\/#primaryimage\"},\"image\":{\"@id\":\"https:\/\/www.hms.cl\/index.php\/2024\/07\/31\/hms-capacita-a-enfermeros-militares-de-la-dotacion-antartica-2024-2025\/#primaryimage\"},\"thumbnailUrl\":\"https:\/\/www.hms.cl\/wp-content\/uploads\/2025\/06\/EMC-Dotacion-Antartica-durante-el-periodo-2024-2025-Portada.jpeg\",\"datePublished\":\"2024-07-31T13:00:46+00:00\",\"dateModified\":\"2025-06-23T20:03:21+00:00\",\"breadcrumb\":{\"@id\":\"https:\/\/www.hms.cl\/index.php\/2024\/07\/31\/hms-capacita-a-enfermeros-militares-de-la-dotacion-antartica-2024-2025\/#breadcrumb\"},\"inLanguage\":\"es-CL\",\"potentialAction\":[{\"@type\":\"ReadAction\",\"target\":[\"https:\/\/www.hms.cl\/index.php\/2024\/07\/31\/hms-capacita-a-enfermeros-militares-de-la-dotacion-antartica-2024-2025\/\"]}]},{\"@type\":\"ImageObject\",\"inLanguage\":\"es-CL\",\"@id\":\"https:\/\/www.hms.cl\/index.php\/2024\/07\/31\/hms-capacita-a-enfermeros-militares-de-la-dotacion-antartica-2024-2025\/#primaryimage\",\"url\":\"https:\/\/www.hms.cl\/wp-content\/uploads\/2025\/06\/EMC-Dotacion-Antartica-durante-el-periodo-2024-2025-Portada.jpeg\",\"contentUrl\":\"https:\/\/www.hms.cl\/wp-content\/uploads\/2025\/06\/EMC-Dotacion-Antartica-durante-el-periodo-2024-2025-Portada.jpeg\",\"width\":2560,\"height\":1707},{\"@type\":\"BreadcrumbList\",\"@id\":\"https:\/\/www.hms.cl\/index.php\/2024\/07\/31\/hms-capacita-a-enfermeros-militares-de-la-dotacion-antartica-2024-2025\/#breadcrumb\",\"itemListElement\":[{\"@type\":\"ListItem\",\"position\":1,\"name\":\"Home\",\"item\":\"https:\/\/www.hms.cl\/\"},{\"@type\":\"ListItem\",\"position\":2,\"name\":\"HMS CAPACITA A ENFERMEROS MILITARES DE LA DOTACI\u00d3N ANT\u00c1RTICA 2024-2025\"}]},{\"@type\":\"WebSite\",\"@id\":\"https:\/\/www.hms.cl\/#website\",\"url\":\"https:\/\/www.hms.cl\/\",\"name\":\"Hospital Militar de Santiago\",\"description\":\"\",\"publisher\":{\"@id\":\"https:\/\/www.hms.cl\/#organization\"},\"potentialAction\":[{\"@type\":\"SearchAction\",\"target\":{\"@type\":\"EntryPoint\",\"urlTemplate\":\"https:\/\/www.hms.cl\/?s={search_term_string}\"},\"query-input\":{\"@type\":\"PropertyValueSpecification\",\"valueRequired\":true,\"valueName\":\"search_term_string\"}}],\"inLanguage\":\"es-CL\"},{\"@type\":\"Organization\",\"@id\":\"https:\/\/www.hms.cl\/#organization\",\"name\":\"Hospital Militar de Santiago\",\"url\":\"https:\/\/www.hms.cl\/\",\"logo\":{\"@type\":\"ImageObject\",\"inLanguage\":\"es-CL\",\"@id\":\"https:\/\/www.hms.cl\/#\/schema\/logo\/image\/\",\"url\":\"https:\/\/www.hms.cl\/wp-content\/uploads\/2025\/07\/Logo-Vertical-Mediano.png\",\"contentUrl\":\"https:\/\/www.hms.cl\/wp-content\/uploads\/2025\/07\/Logo-Vertical-Mediano.png\",\"width\":1280,\"height\":720,\"caption\":\"Hospital Militar de Santiago\"},\"image\":{\"@id\":\"https:\/\/www.hms.cl\/#\/schema\/logo\/image\/\"},\"sameAs\":[\"https:\/\/www.facebook.com\/hospitalmilitardesantiago\",\"https:\/\/x.com\/HosMilSantiago\",\"https:\/\/www.instagram.com\/hospitalmilitardesantiago\/\",\"https:\/\/www.linkedin.com\/company\/hospital-militar-de-santiago-hosmil\",\"https:\/\/www.youtube.com\/c\/HMSVIDEO\"]},{\"@type\":\"Person\",\"@id\":\"https:\/\/www.hms.cl\/#\/schema\/person\/93186034b446672703627f9ef2d767ca\",\"name\":\"Admin\",\"image\":{\"@type\":\"ImageObject\",\"inLanguage\":\"es-CL\",\"@id\":\"https:\/\/www.hms.cl\/#\/schema\/person\/image\/\",\"url\":\"https:\/\/secure.gravatar.com\/avatar\/9384d0095fd3da50dc372f84c8bcde28aac29e86759f23fd0cfb33f9820a4e50?s=96&d=mm&r=g\",\"contentUrl\":\"https:\/\/secure.gravatar.com\/avatar\/9384d0095fd3da50dc372f84c8bcde28aac29e86759f23fd0cfb33f9820a4e50?s=96&d=mm&r=g\",\"caption\":\"Admin\"},\"sameAs\":[\"http:\/\/10.10.50.51\"],\"url\":\"https:\/\/www.hms.cl\/index.php\/author\/admin\/\"}]}<\/script>\n<!-- \/ Yoast SEO plugin. -->","yoast_head_json":{"title":"HMS CAPACITA A ENFERMEROS MILITARES DE LA DOTACI\u00d3N ANT\u00c1RTICA 2024-2025 - Hospital Militar de Santiago","robots":{"index":"index","follow":"follow","max-snippet":"max-snippet:-1","max-image-preview":"max-image-preview:large","max-video-preview":"max-video-preview:-1"},"canonical":"https:\/\/www.hms.cl\/index.php\/2024\/07\/31\/hms-capacita-a-enfermeros-militares-de-la-dotacion-antartica-2024-2025\/","og_locale":"es_ES","og_type":"article","og_title":"HMS CAPACITA A ENFERMEROS MILITARES DE LA DOTACI\u00d3N ANT\u00c1RTICA 2024-2025 - Hospital Militar de Santiago","og_description":"Dos Enfermeros Militares de Combate (EMC), que integran el personal que cumplir\u00e1 funciones en la Ant\u00e1rtica durante","og_url":"https:\/\/www.hms.cl\/index.php\/2024\/07\/31\/hms-capacita-a-enfermeros-militares-de-la-dotacion-antartica-2024-2025\/","og_site_name":"Hospital Militar de Santiago","article_publisher":"https:\/\/www.facebook.com\/hospitalmilitardesantiago","article_published_time":"2024-07-31T13:00:46+00:00","article_modified_time":"2025-06-23T20:03:21+00:00","og_image":[{"width":2560,"height":1707,"url":"https:\/\/www.hms.cl\/wp-content\/uploads\/2025\/06\/EMC-Dotacion-Antartica-durante-el-periodo-2024-2025-Portada.jpeg","type":"image\/jpeg"}],"author":"Admin","twitter_card":"summary_large_image","twitter_creator":"@HosMilSantiago","twitter_site":"@HosMilSantiago","twitter_misc":{"Escrito por":"Admin","Tiempo estimado de lectura":"3 minutos"},"schema":{"@context":"https:\/\/schema.org","@graph":[{"@type":"Article","@id":"https:\/\/www.hms.cl\/index.php\/2024\/07\/31\/hms-capacita-a-enfermeros-militares-de-la-dotacion-antartica-2024-2025\/#article","isPartOf":{"@id":"https:\/\/www.hms.cl\/index.php\/2024\/07\/31\/hms-capacita-a-enfermeros-militares-de-la-dotacion-antartica-2024-2025\/"},"author":{"name":"Admin","@id":"https:\/\/www.hms.cl\/#\/schema\/person\/93186034b446672703627f9ef2d767ca"},"headline":"HMS CAPACITA A ENFERMEROS MILITARES DE LA DOTACI\u00d3N ANT\u00c1RTICA 2024-2025","datePublished":"2024-07-31T13:00:46+00:00","dateModified":"2025-06-23T20:03:21+00:00","mainEntityOfPage":{"@id":"https:\/\/www.hms.cl\/index.php\/2024\/07\/31\/hms-capacita-a-enfermeros-militares-de-la-dotacion-antartica-2024-2025\/"},"wordCount":371,"publisher":{"@id":"https:\/\/www.hms.cl\/#organization"},"image":{"@id":"https:\/\/www.hms.cl\/index.php\/2024\/07\/31\/hms-capacita-a-enfermeros-militares-de-la-dotacion-antartica-2024-2025\/#primaryimage"},"thumbnailUrl":"https:\/\/www.hms.cl\/wp-content\/uploads\/2025\/06\/EMC-Dotacion-Antartica-durante-el-periodo-2024-2025-Portada.jpeg","articleSection":["Noticias"],"inLanguage":"es-CL"},{"@type":"WebPage","@id":"https:\/\/www.hms.cl\/index.php\/2024\/07\/31\/hms-capacita-a-enfermeros-militares-de-la-dotacion-antartica-2024-2025\/","url":"https:\/\/www.hms.cl\/index.php\/2024\/07\/31\/hms-capacita-a-enfermeros-militares-de-la-dotacion-antartica-2024-2025\/","name":"HMS CAPACITA A ENFERMEROS MILITARES DE LA DOTACI\u00d3N ANT\u00c1RTICA 2024-2025 - Hospital Militar de Santiago","isPartOf":{"@id":"https:\/\/www.hms.cl\/#website"},"primaryImageOfPage":{"@id":"https:\/\/www.hms.cl\/index.php\/2024\/07\/31\/hms-capacita-a-enfermeros-militares-de-la-dotacion-antartica-2024-2025\/#primaryimage"},"image":{"@id":"https:\/\/www.hms.cl\/index.php\/2024\/07\/31\/hms-capacita-a-enfermeros-militares-de-la-dotacion-antartica-2024-2025\/#primaryimage"},"thumbnailUrl":"https:\/\/www.hms.cl\/wp-content\/uploads\/2025\/06\/EMC-Dotacion-Antartica-durante-el-periodo-2024-2025-Portada.jpeg","datePublished":"2024-07-31T13:00:46+00:00","dateModified":"2025-06-23T20:03:21+00:00","breadcrumb":{"@id":"https:\/\/www.hms.cl\/index.php\/2024\/07\/31\/hms-capacita-a-enfermeros-militares-de-la-dotacion-antartica-2024-2025\/#breadcrumb"},"inLanguage":"es-CL","potentialAction":[{"@type":"ReadAction","target":["https:\/\/www.hms.cl\/index.php\/2024\/07\/31\/hms-capacita-a-enfermeros-militares-de-la-dotacion-antartica-2024-2025\/"]}]},{"@type":"ImageObject","inLanguage":"es-CL","@id":"https:\/\/www.hms.cl\/index.php\/2024\/07\/31\/hms-capacita-a-enfermeros-militares-de-la-dotacion-antartica-2024-2025\/#primaryimage","url":"https:\/\/www.hms.cl\/wp-content\/uploads\/2025\/06\/EMC-Dotacion-Antartica-durante-el-periodo-2024-2025-Portada.jpeg","contentUrl":"https:\/\/www.hms.cl\/wp-content\/uploads\/2025\/06\/EMC-Dotacion-Antartica-durante-el-periodo-2024-2025-Portada.jpeg","width":2560,"height":1707},{"@type":"BreadcrumbList","@id":"https:\/\/www.hms.cl\/index.php\/2024\/07\/31\/hms-capacita-a-enfermeros-militares-de-la-dotacion-antartica-2024-2025\/#breadcrumb","itemListElement":[{"@type":"ListItem","position":1,"name":"Home","item":"https:\/\/www.hms.cl\/"},{"@type":"ListItem","position":2,"name":"HMS CAPACITA A ENFERMEROS MILITARES DE LA DOTACI\u00d3N ANT\u00c1RTICA 2024-2025"}]},{"@type":"WebSite","@id":"https:\/\/www.hms.cl\/#website","url":"https:\/\/www.hms.cl\/","name":"Hospital Militar de Santiago","description":"","publisher":{"@id":"https:\/\/www.hms.cl\/#organization"},"potentialAction":[{"@type":"SearchAction","target":{"@type":"EntryPoint","urlTemplate":"https:\/\/www.hms.cl\/?s={search_term_string}"},"query-input":{"@type":"PropertyValueSpecification","valueRequired":true,"valueName":"search_term_string"}}],"inLanguage":"es-CL"},{"@type":"Organization","@id":"https:\/\/www.hms.cl\/#organization","name":"Hospital Militar de Santiago","url":"https:\/\/www.hms.cl\/","logo":{"@type":"ImageObject","inLanguage":"es-CL","@id":"https:\/\/www.hms.cl\/#\/schema\/logo\/image\/","url":"https:\/\/www.hms.cl\/wp-content\/uploads\/2025\/07\/Logo-Vertical-Mediano.png","contentUrl":"https:\/\/www.hms.cl\/wp-content\/uploads\/2025\/07\/Logo-Vertical-Mediano.png","width":1280,"height":720,"caption":"Hospital Militar de Santiago"},"image":{"@id":"https:\/\/www.hms.cl\/#\/schema\/logo\/image\/"},"sameAs":["https:\/\/www.facebook.com\/hospitalmilitardesantiago","https:\/\/x.com\/HosMilSantiago","https:\/\/www.instagram.com\/hospitalmilitardesantiago\/","https:\/\/www.linkedin.com\/company\/hospital-militar-de-santiago-hosmil","https:\/\/www.youtube.com\/c\/HMSVIDEO"]},{"@type":"Person","@id":"https:\/\/www.hms.cl\/#\/schema\/person\/93186034b446672703627f9ef2d767ca","name":"Admin","image":{"@type":"ImageObject","inLanguage":"es-CL","@id":"https:\/\/www.hms.cl\/#\/schema\/person\/image\/","url":"https:\/\/secure.gravatar.com\/avatar\/9384d0095fd3da50dc372f84c8bcde28aac29e86759f23fd0cfb33f9820a4e50?s=96&d=mm&r=g","contentUrl":"https:\/\/secure.gravatar.com\/avatar\/9384d0095fd3da50dc372f84c8bcde28aac29e86759f23fd0cfb33f9820a4e50?s=96&d=mm&r=g","caption":"Admin"},"sameAs":["http:\/\/10.10.50.51"],"url":"https:\/\/www.hms.cl\/index.php\/author\/admin\/"}]}},"_links":{"self":[{"href":"https:\/\/www.hms.cl\/index.php\/wp-json\/wp\/v2\/posts\/2794","targetHints":{"allow":["GET"]}}],"collection":[{"href":"https:\/\/www.hms.cl\/index.php\/wp-json\/wp\/v2\/posts"}],"about":[{"href":"https:\/\/www.hms.cl\/index.php\/wp-json\/wp\/v2\/types\/post"}],"author":[{"embeddable":true,"href":"https:\/\/www.hms.cl\/index.php\/wp-json\/wp\/v2\/users\/1"}],"replies":[{"embeddable":true,"href":"https:\/\/www.hms.cl\/index.php\/wp-json\/wp\/v2\/comments?post=2794"}],"version-history":[{"count":6,"href":"https:\/\/www.hms.cl\/index.php\/wp-json\/wp\/v2\/posts\/2794\/revisions"}],"predecessor-version":[{"id":2829,"href":"https:\/\/www.hms.cl\/index.php\/wp-json\/wp\/v2\/posts\/2794\/revisions\/2829"}],"wp:featuredmedia":[{"embeddable":true,"href":"https:\/\/www.hms.cl\/index.php\/wp-json\/wp\/v2\/media\/2820"}],"wp:attachment":[{"href":"https:\/\/www.hms.cl\/index.php\/wp-json\/wp\/v2\/media?parent=2794"}],"wp:term":[{"taxonomy":"category","embeddable":true,"href":"https:\/\/www.hms.cl\/index.php\/wp-json\/wp\/v2\/categories?post=2794"},{"taxonomy":"post_tag","embeddable":true,"href":"https:\/\/www.hms.cl\/index.php\/wp-json\/wp\/v2\/tags?post=2794"}],"curies":[{"name":"wp","href":"https:\/\/api.w.org\/{rel}","templated":true}]}}