{"id":2161,"date":"2024-11-21T09:00:43","date_gmt":"2024-11-21T12:00:43","guid":{"rendered":"http:\/\/10.10.50.51\/?p=2161"},"modified":"2025-06-13T11:00:40","modified_gmt":"2025-06-13T14:00:40","slug":"hijos-de-colaboradores-del-hms-reciben-becas-ejercito-de-chile-por-excelencia-academica","status":"publish","type":"post","link":"https:\/\/www.hms.cl\/index.php\/2024\/11\/21\/hijos-de-colaboradores-del-hms-reciben-becas-ejercito-de-chile-por-excelencia-academica\/","title":{"rendered":"HIJOS DE COLABORADORES DEL HMS RECIBEN BECAS \u201cEJ\u00c9RCITO DE CHILE\u201d POR EXCELENCIA ACAD\u00c9MICA"},"content":{"rendered":"\t\t<div data-elementor-type=\"wp-post\" data-elementor-id=\"2161\" class=\"elementor elementor-2161\" data-elementor-post-type=\"post\">\n\t\t\t\t<div class=\"elementor-element elementor-element-2aad6899 e-flex e-con-boxed e-con e-parent\" data-id=\"2aad6899\" data-element_type=\"container\">\n\t\t\t\t\t<div class=\"e-con-inner\">\n\t\t\t\t<div class=\"elementor-element elementor-element-eadde45 elementor-widget elementor-widget-heading\" data-id=\"eadde45\" data-element_type=\"widget\" data-widget_type=\"heading.default\">\n\t\t\t\t<div class=\"elementor-widget-container\">\n\t\t\t\t\t<h2 class=\"elementor-heading-title elementor-size-default\">HIJOS DE COLABORADORES DEL HMS RECIBEN BECAS \u201cEJ\u00c9RCITO DE CHILE\u201d POR EXCELENCIA ACAD\u00c9MICA<\/h2>\t\t\t\t<\/div>\n\t\t\t\t<\/div>\n\t\t\t\t\t<\/div>\n\t\t\t\t<\/div>\n\t\t<div class=\"elementor-element elementor-element-22c7009f e-flex e-con-boxed e-con e-parent\" data-id=\"22c7009f\" data-element_type=\"container\">\n\t\t\t\t\t<div class=\"e-con-inner\">\n\t\t<div class=\"elementor-element elementor-element-779a3b95 e-con-full e-flex e-con e-child\" data-id=\"779a3b95\" data-element_type=\"container\">\n\t\t\t\t<div class=\"elementor-element elementor-element-1d15a6f5 elementor-widget elementor-widget-text-editor\" data-id=\"1d15a6f5\" data-element_type=\"widget\" data-widget_type=\"text-editor.default\">\n\t\t\t\t<div class=\"elementor-widget-container\">\n\t\t\t\t\t\t\t\t\t<p class=\"p1\"><span class=\"s1\">En una ceremonia cargada de orgullo y emoci\u00f3n, en las dependencias del Hospital Militar de Santiago (HMS),\u00a0<b>un grupo de estudiantes hijos de personal de este recinto de salud, fueron galardonados con la Beca \u201cEj\u00e9rcito de Chile\u201d<\/b>, un reconocimiento destinado a aquellos alumnos que han destacado por su excelencia acad\u00e9mica.<\/span><\/p><p class=\"p1\"><span class=\"s1\">La actividad, cont\u00f3 con la presencia de los\u00a0<b>j\u00f3venes homenajeados, Javiera Guzm\u00e1n Asgmad, Fernanda Aravena Ortega y Misael Castillo Pe\u00f1a<\/b>, sus padres y autoridades del HMS. Result\u00f3 especialmente significativa cuando lo becados pasaron al frente para recibir su \u201cDiploma de Honor\u201d.<\/span><\/p><p class=\"p1\"><span class=\"s1\">Como lo se\u00f1al\u00f3 el\u00a0<b>General de Brigada Francisco Silva Ter\u00e1n, Director del HMS<\/b>, este es un momento para destacar el esfuerzo y la dedicaci\u00f3n de cada uno de los alumnos homenajeados, pero tambi\u00e9n a sus familias.<span class=\"Apple-converted-space\">\u00a0<\/span><\/span><\/p><p class=\"p1\"><span class=\"s1\">\u201cHoy celebramos los logros de estos j\u00f3venes, pero tambi\u00e9n\u00a0<b>reconocemos el sacrificio, el apoyo y la dedicaci\u00f3n de cada una de sus familias<\/b>. Sin duda, el esfuerzo que han hecho en conjunto ha sido fundamental para que estos estudiantes lleguen a este importante hito\u201d, expres\u00f3.<\/span><\/p><p class=\"p1\"><span class=\"s1\">La ceremonia inici\u00f3 con los honores de reglamento, el izamiento de la bandera y unas palabras del\u00a0<b>pastor Rub\u00e9n Saravia, Capell\u00e1n evang\u00e9lico del HMS<\/b>, quien se refiri\u00f3 al importante esfuerzo de debieron realizar estos j\u00f3venes para obtener este tipo de premio.<\/span><\/p><p class=\"p1\"><span class=\"s1\">El\u00a0<b>Ej\u00e9rcito de Chile otorga este tipo de premios a los hijos del personal en servicio activo de la Instituci\u00f3n<\/b>, que cursen educaci\u00f3n superior profesional o t\u00e9cnica, en reconocimiento al esfuerzo familiar y destacado rendimiento acad\u00e9mico logrado durante el a\u00f1o anterior.<\/span><\/p><p class=\"p1\"><span class=\"s1\">Este tipo de iniciativas buscan\u00a0<b>fortalecer el compromiso con el desarrollo integral\u00a0<\/b>de las nuevas generaciones, fomentando valores como la perseverancia y la excelencia en la educaci\u00f3n.<\/span><\/p>\t\t\t\t\t\t\t\t<\/div>\n\t\t\t\t<\/div>\n\t\t\t\t<div class=\"elementor-element elementor-element-71f83096 elementor-widget elementor-widget-gallery\" data-id=\"71f83096\" data-element_type=\"widget\" data-settings=\"{&quot;gallery_layout&quot;:&quot;masonry&quot;,&quot;columns&quot;:2,&quot;lazyload&quot;:&quot;yes&quot;,&quot;columns_tablet&quot;:2,&quot;columns_mobile&quot;:1,&quot;gap&quot;:{&quot;unit&quot;:&quot;px&quot;,&quot;size&quot;:10,&quot;sizes&quot;:[]},&quot;gap_tablet&quot;:{&quot;unit&quot;:&quot;px&quot;,&quot;size&quot;:10,&quot;sizes&quot;:[]},&quot;gap_mobile&quot;:{&quot;unit&quot;:&quot;px&quot;,&quot;size&quot;:10,&quot;sizes&quot;:[]},&quot;link_to&quot;:&quot;file&quot;,&quot;overlay_background&quot;:&quot;yes&quot;,&quot;content_hover_animation&quot;:&quot;fade-in&quot;}\" data-widget_type=\"gallery.default\">\n\t\t\t\t<div class=\"elementor-widget-container\">\n\t\t\t\t\t\t\t\t<div class=\"elementor-gallery__titles-container e--pointer-none\" aria-label=\"Gallery filter\">\n\t\t\t\t\n\t\t\t\t\t\t\t\t\t<a class=\"elementor-item elementor-gallery-title\" role=\"button\" tabindex=\"0\" data-gallery-index=\"0\">\n\t\t\t\t\t\t\t\t\t\t\t<\/a>\n\t\t\t\t\t\t\t\t<\/div>\n\t\t\t\t\t<div class=\"elementor-gallery__container\">\n\t\t\t\t\t\t\t<a class=\"e-gallery-item elementor-gallery-item elementor-animated-content\" data-e-gallery-tags=\"0\" href=\"https:\/\/www.hms.cl\/wp-content\/uploads\/2025\/06\/BECAS-EJERCITO-DE-CHILE-4.jpg\" data-elementor-open-lightbox=\"yes\" data-elementor-lightbox-slideshow=\"71f83096\" data-elementor-lightbox-title=\"BECAS \u201cEJ\u00c9RCITO DE CHILE\u201d 4\" data-e-action-hash=\"#elementor-action%3Aaction%3Dlightbox%26settings%3DeyJpZCI6MjE4MywidXJsIjoiaHR0cHM6XC9cL3d3dy5obXMuY2xcL3dwLWNvbnRlbnRcL3VwbG9hZHNcLzIwMjVcLzA2XC9CRUNBUy1FSkVSQ0lUTy1ERS1DSElMRS00LmpwZyIsInNsaWRlc2hvdyI6IjcxZjgzMDk2In0%3D\">\n\t\t\t\t\t<div class=\"e-gallery-image elementor-gallery-item__image\" data-thumbnail=\"https:\/\/www.hms.cl\/wp-content\/uploads\/2025\/06\/BECAS-EJERCITO-DE-CHILE-4-300x225.jpg\" data-width=\"300\" data-height=\"225\" aria-label=\"\" role=\"img\" ><\/div>\n\t\t\t\t\t\t\t\t\t\t\t<div class=\"elementor-gallery-item__overlay\"><\/div>\n\t\t\t\t\t\t\t\t\t\t\t\t\t\t<\/a>\n\t\t\t\t\t\t\t<a class=\"e-gallery-item elementor-gallery-item elementor-animated-content\" data-e-gallery-tags=\"0\" href=\"https:\/\/www.hms.cl\/wp-content\/uploads\/2025\/06\/BECAS-EJERCITO-DE-CHILE-1.jpg\" data-elementor-open-lightbox=\"yes\" data-elementor-lightbox-slideshow=\"71f83096\" data-elementor-lightbox-title=\"BECAS \u201cEJ\u00c9RCITO DE CHILE\u201d 1\" data-e-action-hash=\"#elementor-action%3Aaction%3Dlightbox%26settings%3DeyJpZCI6MjE4MCwidXJsIjoiaHR0cHM6XC9cL3d3dy5obXMuY2xcL3dwLWNvbnRlbnRcL3VwbG9hZHNcLzIwMjVcLzA2XC9CRUNBUy1FSkVSQ0lUTy1ERS1DSElMRS0xLmpwZyIsInNsaWRlc2hvdyI6IjcxZjgzMDk2In0%3D\">\n\t\t\t\t\t<div class=\"e-gallery-image elementor-gallery-item__image\" data-thumbnail=\"https:\/\/www.hms.cl\/wp-content\/uploads\/2025\/06\/BECAS-EJERCITO-DE-CHILE-1-225x300.jpg\" data-width=\"225\" data-height=\"300\" aria-label=\"\" role=\"img\" ><\/div>\n\t\t\t\t\t\t\t\t\t\t\t<div class=\"elementor-gallery-item__overlay\"><\/div>\n\t\t\t\t\t\t\t\t\t\t\t\t\t\t<\/a>\n\t\t\t\t\t\t\t<a class=\"e-gallery-item elementor-gallery-item elementor-animated-content\" data-e-gallery-tags=\"0\" href=\"https:\/\/www.hms.cl\/wp-content\/uploads\/2025\/06\/BECAS-EJERCITO-DE-CHILE-2.jpg\" data-elementor-open-lightbox=\"yes\" data-elementor-lightbox-slideshow=\"71f83096\" data-elementor-lightbox-title=\"BECAS \u201cEJ\u00c9RCITO DE CHILE\u201d 2\" data-e-action-hash=\"#elementor-action%3Aaction%3Dlightbox%26settings%3DeyJpZCI6MjE4MSwidXJsIjoiaHR0cHM6XC9cL3d3dy5obXMuY2xcL3dwLWNvbnRlbnRcL3VwbG9hZHNcLzIwMjVcLzA2XC9CRUNBUy1FSkVSQ0lUTy1ERS1DSElMRS0yLmpwZyIsInNsaWRlc2hvdyI6IjcxZjgzMDk2In0%3D\">\n\t\t\t\t\t<div class=\"e-gallery-image elementor-gallery-item__image\" data-thumbnail=\"https:\/\/www.hms.cl\/wp-content\/uploads\/2025\/06\/BECAS-EJERCITO-DE-CHILE-2-300x225.jpg\" data-width=\"300\" data-height=\"225\" aria-label=\"\" role=\"img\" ><\/div>\n\t\t\t\t\t\t\t\t\t\t\t<div class=\"elementor-gallery-item__overlay\"><\/div>\n\t\t\t\t\t\t\t\t\t\t\t\t\t\t<\/a>\n\t\t\t\t\t\t\t<a class=\"e-gallery-item elementor-gallery-item elementor-animated-content\" data-e-gallery-tags=\"0\" href=\"https:\/\/www.hms.cl\/wp-content\/uploads\/2025\/06\/BECAS-EJERCITO-DE-CHILE-3.jpg\" data-elementor-open-lightbox=\"yes\" data-elementor-lightbox-slideshow=\"71f83096\" data-elementor-lightbox-title=\"BECAS \u201cEJ\u00c9RCITO DE CHILE\u201d 3\" data-e-action-hash=\"#elementor-action%3Aaction%3Dlightbox%26settings%3DeyJpZCI6MjE4MiwidXJsIjoiaHR0cHM6XC9cL3d3dy5obXMuY2xcL3dwLWNvbnRlbnRcL3VwbG9hZHNcLzIwMjVcLzA2XC9CRUNBUy1FSkVSQ0lUTy1ERS1DSElMRS0zLmpwZyIsInNsaWRlc2hvdyI6IjcxZjgzMDk2In0%3D\">\n\t\t\t\t\t<div class=\"e-gallery-image elementor-gallery-item__image\" data-thumbnail=\"https:\/\/www.hms.cl\/wp-content\/uploads\/2025\/06\/BECAS-EJERCITO-DE-CHILE-3-225x300.jpg\" data-width=\"225\" data-height=\"300\" aria-label=\"\" role=\"img\" ><\/div>\n\t\t\t\t\t\t\t\t\t\t\t<div class=\"elementor-gallery-item__overlay\"><\/div>\n\t\t\t\t\t\t\t\t\t\t\t\t\t\t<\/a>\n\t\t\t\t\t\t\t<a class=\"e-gallery-item elementor-gallery-item elementor-animated-content\" data-e-gallery-tags=\"0\" href=\"https:\/\/www.hms.cl\/wp-content\/uploads\/2025\/06\/BECAS-EJERCITO-DE-CHILE.jpg\" data-elementor-open-lightbox=\"yes\" data-elementor-lightbox-slideshow=\"71f83096\" data-elementor-lightbox-title=\"BECAS \u201cEJ\u00c9RCITO DE CHILE\u201d\" data-e-action-hash=\"#elementor-action%3Aaction%3Dlightbox%26settings%3DeyJpZCI6MjE4NCwidXJsIjoiaHR0cHM6XC9cL3d3dy5obXMuY2xcL3dwLWNvbnRlbnRcL3VwbG9hZHNcLzIwMjVcLzA2XC9CRUNBUy1FSkVSQ0lUTy1ERS1DSElMRS5qcGciLCJzbGlkZXNob3ciOiI3MWY4MzA5NiJ9\">\n\t\t\t\t\t<div class=\"e-gallery-image elementor-gallery-item__image\" data-thumbnail=\"https:\/\/www.hms.cl\/wp-content\/uploads\/2025\/06\/BECAS-EJERCITO-DE-CHILE-225x300.jpg\" data-width=\"225\" data-height=\"300\" aria-label=\"\" role=\"img\" ><\/div>\n\t\t\t\t\t\t\t\t\t\t\t<div class=\"elementor-gallery-item__overlay\"><\/div>\n\t\t\t\t\t\t\t\t\t\t\t\t\t\t<\/a>\n\t\t\t\t\t<\/div>\n\t\t\t\t\t<\/div>\n\t\t\t\t<\/div>\n\t\t\t\t<\/div>\n\t\t<div class=\"elementor-element elementor-element-9e27940 e-con-full e-flex e-con e-child\" data-id=\"9e27940\" data-element_type=\"container\">\n\t\t\t\t<div class=\"elementor-element elementor-element-16f9823 elementor-widget elementor-widget-video\" data-id=\"16f9823\" data-element_type=\"widget\" data-settings=\"{&quot;youtube_url&quot;:&quot;https:\\\/\\\/youtu.be\\\/UQsQ1pq0edw&quot;,&quot;video_type&quot;:&quot;youtube&quot;,&quot;controls&quot;:&quot;yes&quot;}\" data-widget_type=\"video.default\">\n\t\t\t\t<div class=\"elementor-widget-container\">\n\t\t\t\t\t\t\t<div class=\"elementor-wrapper elementor-open-inline\">\n\t\t\t<div class=\"elementor-video\"><\/div>\t\t<\/div>\n\t\t\t\t\t\t<\/div>\n\t\t\t\t<\/div>\n\t\t\t\t<div class=\"elementor-element elementor-element-38a8bc2b elementor-widget-divider--view-line elementor-widget elementor-widget-divider\" data-id=\"38a8bc2b\" data-element_type=\"widget\" data-widget_type=\"divider.default\">\n\t\t\t\t<div class=\"elementor-widget-container\">\n\t\t\t\t\t\t\t<div class=\"elementor-divider\">\n\t\t\t<span class=\"elementor-divider-separator\">\n\t\t\t\t\t\t<\/span>\n\t\t<\/div>\n\t\t\t\t\t\t<\/div>\n\t\t\t\t<\/div>\n\t\t\t\t<\/div>\n\t\t\t\t\t<\/div>\n\t\t\t\t<\/div>\n\t\t<div class=\"elementor-element elementor-element-33d4a982 e-flex e-con-boxed e-con e-parent\" data-id=\"33d4a982\" data-element_type=\"container\">\n\t\t\t\t\t<div class=\"e-con-inner\">\n\t\t\t\t<div class=\"elementor-element elementor-element-7ef49f4e elementor-widget-divider--view-line elementor-widget elementor-widget-divider\" data-id=\"7ef49f4e\" data-element_type=\"widget\" data-widget_type=\"divider.default\">\n\t\t\t\t<div class=\"elementor-widget-container\">\n\t\t\t\t\t\t\t<div class=\"elementor-divider\">\n\t\t\t<span class=\"elementor-divider-separator\">\n\t\t\t\t\t\t<\/span>\n\t\t<\/div>\n\t\t\t\t\t\t<\/div>\n\t\t\t\t<\/div>\n\t\t\t\t\t<\/div>\n\t\t\t\t<\/div>\n\t\t<div class=\"elementor-element elementor-element-6d638450 e-flex e-con-boxed e-con e-parent\" data-id=\"6d638450\" data-element_type=\"container\">\n\t\t\t\t\t<div class=\"e-con-inner\">\n\t\t\t\t<div class=\"elementor-element elementor-element-7bebe6e1 elementor-grid-3 elementor-grid-tablet-2 elementor-grid-mobile-1 elementor-posts--thumbnail-top elementor-widget elementor-widget-posts\" data-id=\"7bebe6e1\" data-element_type=\"widget\" data-settings=\"{&quot;classic_columns&quot;:&quot;3&quot;,&quot;classic_columns_tablet&quot;:&quot;2&quot;,&quot;classic_columns_mobile&quot;:&quot;1&quot;,&quot;classic_row_gap&quot;:{&quot;unit&quot;:&quot;px&quot;,&quot;size&quot;:35,&quot;sizes&quot;:[]},&quot;classic_row_gap_tablet&quot;:{&quot;unit&quot;:&quot;px&quot;,&quot;size&quot;:&quot;&quot;,&quot;sizes&quot;:[]},&quot;classic_row_gap_mobile&quot;:{&quot;unit&quot;:&quot;px&quot;,&quot;size&quot;:&quot;&quot;,&quot;sizes&quot;:[]}}\" data-widget_type=\"posts.classic\">\n\t\t\t\t<div class=\"elementor-widget-container\">\n\t\t\t\t\t\t\t<div class=\"elementor-posts-container elementor-posts elementor-posts--skin-classic elementor-grid\" role=\"list\">\n\t\t\t\t<article class=\"elementor-post elementor-grid-item post-11647 post type-post status-publish format-standard has-post-thumbnail hentry category-noticias\" role=\"listitem\">\n\t\t\t\t<a class=\"elementor-post__thumbnail__link\" href=\"https:\/\/www.hms.cl\/index.php\/2026\/04\/30\/hms-realiza-ceremonia-de-ascenso-y-despedida-de-personal\/\" tabindex=\"-1\" >\n\t\t\t<div class=\"elementor-post__thumbnail\"><img fetchpriority=\"high\" decoding=\"async\" width=\"519\" height=\"444\" src=\"https:\/\/www.hms.cl\/wp-content\/uploads\/2026\/04\/Ascenso2_abril_web.jpeg\" class=\"attachment-full size-full wp-image-11675\" alt=\"\" srcset=\"https:\/\/www.hms.cl\/wp-content\/uploads\/2026\/04\/Ascenso2_abril_web.jpeg 519w, https:\/\/www.hms.cl\/wp-content\/uploads\/2026\/04\/Ascenso2_abril_web-300x257.jpeg 300w\" sizes=\"(max-width: 519px) 100vw, 519px\" \/><\/div>\n\t\t<\/a>\n\t\t\t\t<div class=\"elementor-post__text\">\n\t\t\t\t<h3 class=\"elementor-post__title\">\n\t\t\t<a href=\"https:\/\/www.hms.cl\/index.php\/2026\/04\/30\/hms-realiza-ceremonia-de-ascenso-y-despedida-de-personal\/\" >\n\t\t\t\tHMS REALIZA CEREMONIA DE ASCENSO Y DESPEDIDA DE PERSONAL\t\t\t<\/a>\n\t\t<\/h3>\n\t\t\t\t<div class=\"elementor-post__meta-data\">\n\t\t\t\t\t<span class=\"elementor-post-date\">\n\t\t\t30 de Abril de 2026\t\t<\/span>\n\t\t\t\t<\/div>\n\t\t\n\t\t<a class=\"elementor-post__read-more\" href=\"https:\/\/www.hms.cl\/index.php\/2026\/04\/30\/hms-realiza-ceremonia-de-ascenso-y-despedida-de-personal\/\" aria-label=\"Read more about HMS REALIZA CEREMONIA DE ASCENSO Y DESPEDIDA DE PERSONAL\" tabindex=\"-1\" >\n\t\t\tLeer M\u00e1s\t\t<\/a>\n\n\t\t\t\t<\/div>\n\t\t\t\t<\/article>\n\t\t\t\t<article class=\"elementor-post elementor-grid-item post-11633 post type-post status-publish format-standard has-post-thumbnail hentry category-noticias\" role=\"listitem\">\n\t\t\t\t<a class=\"elementor-post__thumbnail__link\" href=\"https:\/\/www.hms.cl\/index.php\/2026\/04\/29\/minsal-se-reune-con-cje-para-coordinar-despliegue-del-hospital-militar-de-campana-en-los-angeles\/\" tabindex=\"-1\" >\n\t\t\t<div class=\"elementor-post__thumbnail\"><img decoding=\"async\" width=\"1084\" height=\"815\" src=\"https:\/\/www.hms.cl\/wp-content\/uploads\/2026\/04\/Visita-Ministra-Salud-Web.png\" class=\"attachment-full size-full wp-image-11635\" alt=\"\" srcset=\"https:\/\/www.hms.cl\/wp-content\/uploads\/2026\/04\/Visita-Ministra-Salud-Web.png 1084w, https:\/\/www.hms.cl\/wp-content\/uploads\/2026\/04\/Visita-Ministra-Salud-Web-300x226.png 300w, https:\/\/www.hms.cl\/wp-content\/uploads\/2026\/04\/Visita-Ministra-Salud-Web-1024x770.png 1024w, https:\/\/www.hms.cl\/wp-content\/uploads\/2026\/04\/Visita-Ministra-Salud-Web-768x577.png 768w\" sizes=\"(max-width: 1084px) 100vw, 1084px\" \/><\/div>\n\t\t<\/a>\n\t\t\t\t<div class=\"elementor-post__text\">\n\t\t\t\t<h3 class=\"elementor-post__title\">\n\t\t\t<a href=\"https:\/\/www.hms.cl\/index.php\/2026\/04\/29\/minsal-se-reune-con-cje-para-coordinar-despliegue-del-hospital-militar-de-campana-en-los-angeles\/\" >\n\t\t\t\tMINSAL SE REUNE CON CJE PARA COORDINAR DESPLIEGUE DEL HOSPITAL MILITAR DE CAMPA\u00d1A EN LOS ANGELES\t\t\t<\/a>\n\t\t<\/h3>\n\t\t\t\t<div class=\"elementor-post__meta-data\">\n\t\t\t\t\t<span class=\"elementor-post-date\">\n\t\t\t29 de Abril de 2026\t\t<\/span>\n\t\t\t\t<\/div>\n\t\t\n\t\t<a class=\"elementor-post__read-more\" href=\"https:\/\/www.hms.cl\/index.php\/2026\/04\/29\/minsal-se-reune-con-cje-para-coordinar-despliegue-del-hospital-militar-de-campana-en-los-angeles\/\" aria-label=\"Read more about MINSAL SE REUNE CON CJE PARA COORDINAR DESPLIEGUE DEL HOSPITAL MILITAR DE CAMPA\u00d1A EN LOS ANGELES\" tabindex=\"-1\" >\n\t\t\tLeer M\u00e1s\t\t<\/a>\n\n\t\t\t\t<\/div>\n\t\t\t\t<\/article>\n\t\t\t\t<article class=\"elementor-post elementor-grid-item post-11620 post type-post status-publish format-standard has-post-thumbnail hentry category-noticias\" role=\"listitem\">\n\t\t\t\t<a class=\"elementor-post__thumbnail__link\" href=\"https:\/\/www.hms.cl\/index.php\/2026\/04\/29\/con-alta-convocatoria-hms-conmemora-el-dia-del-libro\/\" tabindex=\"-1\" >\n\t\t\t<div class=\"elementor-post__thumbnail\"><img decoding=\"async\" width=\"519\" height=\"444\" src=\"https:\/\/www.hms.cl\/wp-content\/uploads\/2026\/04\/Dia-libro_web_2026_2.jpeg\" class=\"attachment-full size-full wp-image-11625\" alt=\"\" srcset=\"https:\/\/www.hms.cl\/wp-content\/uploads\/2026\/04\/Dia-libro_web_2026_2.jpeg 519w, https:\/\/www.hms.cl\/wp-content\/uploads\/2026\/04\/Dia-libro_web_2026_2-300x257.jpeg 300w\" sizes=\"(max-width: 519px) 100vw, 519px\" \/><\/div>\n\t\t<\/a>\n\t\t\t\t<div class=\"elementor-post__text\">\n\t\t\t\t<h3 class=\"elementor-post__title\">\n\t\t\t<a href=\"https:\/\/www.hms.cl\/index.php\/2026\/04\/29\/con-alta-convocatoria-hms-conmemora-el-dia-del-libro\/\" >\n\t\t\t\tCON ALTA CONVOCATORIA HMS CONMEMORA EL D\u00cdA DEL LIBRO\t\t\t<\/a>\n\t\t<\/h3>\n\t\t\t\t<div class=\"elementor-post__meta-data\">\n\t\t\t\t\t<span class=\"elementor-post-date\">\n\t\t\t29 de Abril de 2026\t\t<\/span>\n\t\t\t\t<\/div>\n\t\t\n\t\t<a class=\"elementor-post__read-more\" href=\"https:\/\/www.hms.cl\/index.php\/2026\/04\/29\/con-alta-convocatoria-hms-conmemora-el-dia-del-libro\/\" aria-label=\"Read more about CON ALTA CONVOCATORIA HMS CONMEMORA EL D\u00cdA DEL LIBRO\" tabindex=\"-1\" >\n\t\t\tLeer M\u00e1s\t\t<\/a>\n\n\t\t\t\t<\/div>\n\t\t\t\t<\/article>\n\t\t\t\t<\/div>\n\t\t\n\t\t\t\t\t\t<\/div>\n\t\t\t\t<\/div>\n\t\t\t\t\t<\/div>\n\t\t\t\t<\/div>\n\t\t\t\t<\/div>\n\t\t","protected":false},"excerpt":{"rendered":"<p>En una ceremonia cargada de orgullo y emoci\u00f3n, en las dependencias del Hospital Militar de Santiago (HMS)<\/p>\n","protected":false},"author":1,"featured_media":2179,"comment_status":"closed","ping_status":"open","sticky":false,"template":"","format":"standard","meta":{"footnotes":""},"categories":[8],"tags":[],"class_list":["post-2161","post","type-post","status-publish","format-standard","has-post-thumbnail","hentry","category-noticias"],"yoast_head":"<!-- This site is optimized with the Yoast SEO plugin v25.6 - https:\/\/yoast.com\/wordpress\/plugins\/seo\/ -->\n<title>HIJOS DE COLABORADORES DEL HMS RECIBEN BECAS \u201cEJ\u00c9RCITO DE CHILE\u201d POR EXCELENCIA ACAD\u00c9MICA - Hospital Militar de Santiago<\/title>\n<meta name=\"robots\" content=\"index, follow, max-snippet:-1, max-image-preview:large, max-video-preview:-1\" \/>\n<link rel=\"canonical\" href=\"https:\/\/www.hms.cl\/index.php\/2024\/11\/21\/hijos-de-colaboradores-del-hms-reciben-becas-ejercito-de-chile-por-excelencia-academica\/\" \/>\n<meta property=\"og:locale\" content=\"es_ES\" \/>\n<meta property=\"og:type\" content=\"article\" \/>\n<meta property=\"og:title\" content=\"HIJOS DE COLABORADORES DEL HMS RECIBEN BECAS \u201cEJ\u00c9RCITO DE CHILE\u201d POR EXCELENCIA ACAD\u00c9MICA - Hospital Militar de Santiago\" \/>\n<meta property=\"og:description\" content=\"En una ceremonia cargada de orgullo y emoci\u00f3n, en las dependencias del Hospital Militar de Santiago (HMS)\" \/>\n<meta property=\"og:url\" content=\"https:\/\/www.hms.cl\/index.php\/2024\/11\/21\/hijos-de-colaboradores-del-hms-reciben-becas-ejercito-de-chile-por-excelencia-academica\/\" \/>\n<meta property=\"og:site_name\" content=\"Hospital Militar de Santiago\" \/>\n<meta property=\"article:publisher\" content=\"https:\/\/www.facebook.com\/hospitalmilitardesantiago\" \/>\n<meta property=\"article:published_time\" content=\"2024-11-21T12:00:43+00:00\" \/>\n<meta property=\"article:modified_time\" content=\"2025-06-13T14:00:40+00:00\" \/>\n<meta property=\"og:image\" content=\"https:\/\/www.hms.cl\/wp-content\/uploads\/2025\/06\/BECAS-EJERCITO-DE-CHILE-Portada.png\" \/>\n\t<meta property=\"og:image:width\" content=\"521\" \/>\n\t<meta property=\"og:image:height\" content=\"391\" \/>\n\t<meta property=\"og:image:type\" content=\"image\/png\" \/>\n<meta name=\"author\" content=\"Admin\" \/>\n<meta name=\"twitter:card\" content=\"summary_large_image\" \/>\n<meta name=\"twitter:creator\" content=\"@HosMilSantiago\" \/>\n<meta name=\"twitter:site\" content=\"@HosMilSantiago\" \/>\n<meta name=\"twitter:label1\" content=\"Escrito por\" \/>\n\t<meta name=\"twitter:data1\" content=\"Admin\" \/>\n\t<meta name=\"twitter:label2\" content=\"Tiempo estimado de lectura\" \/>\n\t<meta name=\"twitter:data2\" content=\"3 minutos\" \/>\n<script type=\"application\/ld+json\" class=\"yoast-schema-graph\">{\"@context\":\"https:\/\/schema.org\",\"@graph\":[{\"@type\":\"Article\",\"@id\":\"https:\/\/www.hms.cl\/index.php\/2024\/11\/21\/hijos-de-colaboradores-del-hms-reciben-becas-ejercito-de-chile-por-excelencia-academica\/#article\",\"isPartOf\":{\"@id\":\"https:\/\/www.hms.cl\/index.php\/2024\/11\/21\/hijos-de-colaboradores-del-hms-reciben-becas-ejercito-de-chile-por-excelencia-academica\/\"},\"author\":{\"name\":\"Admin\",\"@id\":\"https:\/\/www.hms.cl\/#\/schema\/person\/93186034b446672703627f9ef2d767ca\"},\"headline\":\"HIJOS DE COLABORADORES DEL HMS RECIBEN BECAS \u201cEJ\u00c9RCITO DE CHILE\u201d POR EXCELENCIA ACAD\u00c9MICA\",\"datePublished\":\"2024-11-21T12:00:43+00:00\",\"dateModified\":\"2025-06-13T14:00:40+00:00\",\"mainEntityOfPage\":{\"@id\":\"https:\/\/www.hms.cl\/index.php\/2024\/11\/21\/hijos-de-colaboradores-del-hms-reciben-becas-ejercito-de-chile-por-excelencia-academica\/\"},\"wordCount\":326,\"publisher\":{\"@id\":\"https:\/\/www.hms.cl\/#organization\"},\"image\":{\"@id\":\"https:\/\/www.hms.cl\/index.php\/2024\/11\/21\/hijos-de-colaboradores-del-hms-reciben-becas-ejercito-de-chile-por-excelencia-academica\/#primaryimage\"},\"thumbnailUrl\":\"https:\/\/www.hms.cl\/wp-content\/uploads\/2025\/06\/BECAS-EJERCITO-DE-CHILE-Portada.png\",\"articleSection\":[\"Noticias\"],\"inLanguage\":\"es-CL\"},{\"@type\":\"WebPage\",\"@id\":\"https:\/\/www.hms.cl\/index.php\/2024\/11\/21\/hijos-de-colaboradores-del-hms-reciben-becas-ejercito-de-chile-por-excelencia-academica\/\",\"url\":\"https:\/\/www.hms.cl\/index.php\/2024\/11\/21\/hijos-de-colaboradores-del-hms-reciben-becas-ejercito-de-chile-por-excelencia-academica\/\",\"name\":\"HIJOS DE COLABORADORES DEL HMS RECIBEN BECAS \u201cEJ\u00c9RCITO DE CHILE\u201d POR EXCELENCIA ACAD\u00c9MICA - Hospital Militar de Santiago\",\"isPartOf\":{\"@id\":\"https:\/\/www.hms.cl\/#website\"},\"primaryImageOfPage\":{\"@id\":\"https:\/\/www.hms.cl\/index.php\/2024\/11\/21\/hijos-de-colaboradores-del-hms-reciben-becas-ejercito-de-chile-por-excelencia-academica\/#primaryimage\"},\"image\":{\"@id\":\"https:\/\/www.hms.cl\/index.php\/2024\/11\/21\/hijos-de-colaboradores-del-hms-reciben-becas-ejercito-de-chile-por-excelencia-academica\/#primaryimage\"},\"thumbnailUrl\":\"https:\/\/www.hms.cl\/wp-content\/uploads\/2025\/06\/BECAS-EJERCITO-DE-CHILE-Portada.png\",\"datePublished\":\"2024-11-21T12:00:43+00:00\",\"dateModified\":\"2025-06-13T14:00:40+00:00\",\"breadcrumb\":{\"@id\":\"https:\/\/www.hms.cl\/index.php\/2024\/11\/21\/hijos-de-colaboradores-del-hms-reciben-becas-ejercito-de-chile-por-excelencia-academica\/#breadcrumb\"},\"inLanguage\":\"es-CL\",\"potentialAction\":[{\"@type\":\"ReadAction\",\"target\":[\"https:\/\/www.hms.cl\/index.php\/2024\/11\/21\/hijos-de-colaboradores-del-hms-reciben-becas-ejercito-de-chile-por-excelencia-academica\/\"]}]},{\"@type\":\"ImageObject\",\"inLanguage\":\"es-CL\",\"@id\":\"https:\/\/www.hms.cl\/index.php\/2024\/11\/21\/hijos-de-colaboradores-del-hms-reciben-becas-ejercito-de-chile-por-excelencia-academica\/#primaryimage\",\"url\":\"https:\/\/www.hms.cl\/wp-content\/uploads\/2025\/06\/BECAS-EJERCITO-DE-CHILE-Portada.png\",\"contentUrl\":\"https:\/\/www.hms.cl\/wp-content\/uploads\/2025\/06\/BECAS-EJERCITO-DE-CHILE-Portada.png\",\"width\":521,\"height\":391},{\"@type\":\"BreadcrumbList\",\"@id\":\"https:\/\/www.hms.cl\/index.php\/2024\/11\/21\/hijos-de-colaboradores-del-hms-reciben-becas-ejercito-de-chile-por-excelencia-academica\/#breadcrumb\",\"itemListElement\":[{\"@type\":\"ListItem\",\"position\":1,\"name\":\"Home\",\"item\":\"https:\/\/www.hms.cl\/\"},{\"@type\":\"ListItem\",\"position\":2,\"name\":\"HIJOS DE COLABORADORES DEL HMS RECIBEN BECAS \u201cEJ\u00c9RCITO DE CHILE\u201d POR EXCELENCIA ACAD\u00c9MICA\"}]},{\"@type\":\"WebSite\",\"@id\":\"https:\/\/www.hms.cl\/#website\",\"url\":\"https:\/\/www.hms.cl\/\",\"name\":\"Hospital Militar de Santiago\",\"description\":\"\",\"publisher\":{\"@id\":\"https:\/\/www.hms.cl\/#organization\"},\"potentialAction\":[{\"@type\":\"SearchAction\",\"target\":{\"@type\":\"EntryPoint\",\"urlTemplate\":\"https:\/\/www.hms.cl\/?s={search_term_string}\"},\"query-input\":{\"@type\":\"PropertyValueSpecification\",\"valueRequired\":true,\"valueName\":\"search_term_string\"}}],\"inLanguage\":\"es-CL\"},{\"@type\":\"Organization\",\"@id\":\"https:\/\/www.hms.cl\/#organization\",\"name\":\"Hospital Militar de Santiago\",\"url\":\"https:\/\/www.hms.cl\/\",\"logo\":{\"@type\":\"ImageObject\",\"inLanguage\":\"es-CL\",\"@id\":\"https:\/\/www.hms.cl\/#\/schema\/logo\/image\/\",\"url\":\"https:\/\/www.hms.cl\/wp-content\/uploads\/2025\/07\/Logo-Vertical-Mediano.png\",\"contentUrl\":\"https:\/\/www.hms.cl\/wp-content\/uploads\/2025\/07\/Logo-Vertical-Mediano.png\",\"width\":1280,\"height\":720,\"caption\":\"Hospital Militar de Santiago\"},\"image\":{\"@id\":\"https:\/\/www.hms.cl\/#\/schema\/logo\/image\/\"},\"sameAs\":[\"https:\/\/www.facebook.com\/hospitalmilitardesantiago\",\"https:\/\/x.com\/HosMilSantiago\",\"https:\/\/www.instagram.com\/hospitalmilitardesantiago\/\",\"https:\/\/www.linkedin.com\/company\/hospital-militar-de-santiago-hosmil\",\"https:\/\/www.youtube.com\/c\/HMSVIDEO\"]},{\"@type\":\"Person\",\"@id\":\"https:\/\/www.hms.cl\/#\/schema\/person\/93186034b446672703627f9ef2d767ca\",\"name\":\"Admin\",\"image\":{\"@type\":\"ImageObject\",\"inLanguage\":\"es-CL\",\"@id\":\"https:\/\/www.hms.cl\/#\/schema\/person\/image\/\",\"url\":\"https:\/\/secure.gravatar.com\/avatar\/9384d0095fd3da50dc372f84c8bcde28aac29e86759f23fd0cfb33f9820a4e50?s=96&d=mm&r=g\",\"contentUrl\":\"https:\/\/secure.gravatar.com\/avatar\/9384d0095fd3da50dc372f84c8bcde28aac29e86759f23fd0cfb33f9820a4e50?s=96&d=mm&r=g\",\"caption\":\"Admin\"},\"sameAs\":[\"http:\/\/10.10.50.51\"],\"url\":\"https:\/\/www.hms.cl\/index.php\/author\/admin\/\"}]}<\/script>\n<!-- \/ Yoast SEO plugin. -->","yoast_head_json":{"title":"HIJOS DE COLABORADORES DEL HMS RECIBEN BECAS \u201cEJ\u00c9RCITO DE CHILE\u201d POR EXCELENCIA ACAD\u00c9MICA - Hospital Militar de Santiago","robots":{"index":"index","follow":"follow","max-snippet":"max-snippet:-1","max-image-preview":"max-image-preview:large","max-video-preview":"max-video-preview:-1"},"canonical":"https:\/\/www.hms.cl\/index.php\/2024\/11\/21\/hijos-de-colaboradores-del-hms-reciben-becas-ejercito-de-chile-por-excelencia-academica\/","og_locale":"es_ES","og_type":"article","og_title":"HIJOS DE COLABORADORES DEL HMS RECIBEN BECAS \u201cEJ\u00c9RCITO DE CHILE\u201d POR EXCELENCIA ACAD\u00c9MICA - Hospital Militar de Santiago","og_description":"En una ceremonia cargada de orgullo y emoci\u00f3n, en las dependencias del Hospital Militar de Santiago (HMS)","og_url":"https:\/\/www.hms.cl\/index.php\/2024\/11\/21\/hijos-de-colaboradores-del-hms-reciben-becas-ejercito-de-chile-por-excelencia-academica\/","og_site_name":"Hospital Militar de Santiago","article_publisher":"https:\/\/www.facebook.com\/hospitalmilitardesantiago","article_published_time":"2024-11-21T12:00:43+00:00","article_modified_time":"2025-06-13T14:00:40+00:00","og_image":[{"width":521,"height":391,"url":"https:\/\/www.hms.cl\/wp-content\/uploads\/2025\/06\/BECAS-EJERCITO-DE-CHILE-Portada.png","type":"image\/png"}],"author":"Admin","twitter_card":"summary_large_image","twitter_creator":"@HosMilSantiago","twitter_site":"@HosMilSantiago","twitter_misc":{"Escrito por":"Admin","Tiempo estimado de lectura":"3 minutos"},"schema":{"@context":"https:\/\/schema.org","@graph":[{"@type":"Article","@id":"https:\/\/www.hms.cl\/index.php\/2024\/11\/21\/hijos-de-colaboradores-del-hms-reciben-becas-ejercito-de-chile-por-excelencia-academica\/#article","isPartOf":{"@id":"https:\/\/www.hms.cl\/index.php\/2024\/11\/21\/hijos-de-colaboradores-del-hms-reciben-becas-ejercito-de-chile-por-excelencia-academica\/"},"author":{"name":"Admin","@id":"https:\/\/www.hms.cl\/#\/schema\/person\/93186034b446672703627f9ef2d767ca"},"headline":"HIJOS DE COLABORADORES DEL HMS RECIBEN BECAS \u201cEJ\u00c9RCITO DE CHILE\u201d POR EXCELENCIA ACAD\u00c9MICA","datePublished":"2024-11-21T12:00:43+00:00","dateModified":"2025-06-13T14:00:40+00:00","mainEntityOfPage":{"@id":"https:\/\/www.hms.cl\/index.php\/2024\/11\/21\/hijos-de-colaboradores-del-hms-reciben-becas-ejercito-de-chile-por-excelencia-academica\/"},"wordCount":326,"publisher":{"@id":"https:\/\/www.hms.cl\/#organization"},"image":{"@id":"https:\/\/www.hms.cl\/index.php\/2024\/11\/21\/hijos-de-colaboradores-del-hms-reciben-becas-ejercito-de-chile-por-excelencia-academica\/#primaryimage"},"thumbnailUrl":"https:\/\/www.hms.cl\/wp-content\/uploads\/2025\/06\/BECAS-EJERCITO-DE-CHILE-Portada.png","articleSection":["Noticias"],"inLanguage":"es-CL"},{"@type":"WebPage","@id":"https:\/\/www.hms.cl\/index.php\/2024\/11\/21\/hijos-de-colaboradores-del-hms-reciben-becas-ejercito-de-chile-por-excelencia-academica\/","url":"https:\/\/www.hms.cl\/index.php\/2024\/11\/21\/hijos-de-colaboradores-del-hms-reciben-becas-ejercito-de-chile-por-excelencia-academica\/","name":"HIJOS DE COLABORADORES DEL HMS RECIBEN BECAS \u201cEJ\u00c9RCITO DE CHILE\u201d POR EXCELENCIA ACAD\u00c9MICA - Hospital Militar de Santiago","isPartOf":{"@id":"https:\/\/www.hms.cl\/#website"},"primaryImageOfPage":{"@id":"https:\/\/www.hms.cl\/index.php\/2024\/11\/21\/hijos-de-colaboradores-del-hms-reciben-becas-ejercito-de-chile-por-excelencia-academica\/#primaryimage"},"image":{"@id":"https:\/\/www.hms.cl\/index.php\/2024\/11\/21\/hijos-de-colaboradores-del-hms-reciben-becas-ejercito-de-chile-por-excelencia-academica\/#primaryimage"},"thumbnailUrl":"https:\/\/www.hms.cl\/wp-content\/uploads\/2025\/06\/BECAS-EJERCITO-DE-CHILE-Portada.png","datePublished":"2024-11-21T12:00:43+00:00","dateModified":"2025-06-13T14:00:40+00:00","breadcrumb":{"@id":"https:\/\/www.hms.cl\/index.php\/2024\/11\/21\/hijos-de-colaboradores-del-hms-reciben-becas-ejercito-de-chile-por-excelencia-academica\/#breadcrumb"},"inLanguage":"es-CL","potentialAction":[{"@type":"ReadAction","target":["https:\/\/www.hms.cl\/index.php\/2024\/11\/21\/hijos-de-colaboradores-del-hms-reciben-becas-ejercito-de-chile-por-excelencia-academica\/"]}]},{"@type":"ImageObject","inLanguage":"es-CL","@id":"https:\/\/www.hms.cl\/index.php\/2024\/11\/21\/hijos-de-colaboradores-del-hms-reciben-becas-ejercito-de-chile-por-excelencia-academica\/#primaryimage","url":"https:\/\/www.hms.cl\/wp-content\/uploads\/2025\/06\/BECAS-EJERCITO-DE-CHILE-Portada.png","contentUrl":"https:\/\/www.hms.cl\/wp-content\/uploads\/2025\/06\/BECAS-EJERCITO-DE-CHILE-Portada.png","width":521,"height":391},{"@type":"BreadcrumbList","@id":"https:\/\/www.hms.cl\/index.php\/2024\/11\/21\/hijos-de-colaboradores-del-hms-reciben-becas-ejercito-de-chile-por-excelencia-academica\/#breadcrumb","itemListElement":[{"@type":"ListItem","position":1,"name":"Home","item":"https:\/\/www.hms.cl\/"},{"@type":"ListItem","position":2,"name":"HIJOS DE COLABORADORES DEL HMS RECIBEN BECAS \u201cEJ\u00c9RCITO DE CHILE\u201d POR EXCELENCIA ACAD\u00c9MICA"}]},{"@type":"WebSite","@id":"https:\/\/www.hms.cl\/#website","url":"https:\/\/www.hms.cl\/","name":"Hospital Militar de Santiago","description":"","publisher":{"@id":"https:\/\/www.hms.cl\/#organization"},"potentialAction":[{"@type":"SearchAction","target":{"@type":"EntryPoint","urlTemplate":"https:\/\/www.hms.cl\/?s={search_term_string}"},"query-input":{"@type":"PropertyValueSpecification","valueRequired":true,"valueName":"search_term_string"}}],"inLanguage":"es-CL"},{"@type":"Organization","@id":"https:\/\/www.hms.cl\/#organization","name":"Hospital Militar de Santiago","url":"https:\/\/www.hms.cl\/","logo":{"@type":"ImageObject","inLanguage":"es-CL","@id":"https:\/\/www.hms.cl\/#\/schema\/logo\/image\/","url":"https:\/\/www.hms.cl\/wp-content\/uploads\/2025\/07\/Logo-Vertical-Mediano.png","contentUrl":"https:\/\/www.hms.cl\/wp-content\/uploads\/2025\/07\/Logo-Vertical-Mediano.png","width":1280,"height":720,"caption":"Hospital Militar de Santiago"},"image":{"@id":"https:\/\/www.hms.cl\/#\/schema\/logo\/image\/"},"sameAs":["https:\/\/www.facebook.com\/hospitalmilitardesantiago","https:\/\/x.com\/HosMilSantiago","https:\/\/www.instagram.com\/hospitalmilitardesantiago\/","https:\/\/www.linkedin.com\/company\/hospital-militar-de-santiago-hosmil","https:\/\/www.youtube.com\/c\/HMSVIDEO"]},{"@type":"Person","@id":"https:\/\/www.hms.cl\/#\/schema\/person\/93186034b446672703627f9ef2d767ca","name":"Admin","image":{"@type":"ImageObject","inLanguage":"es-CL","@id":"https:\/\/www.hms.cl\/#\/schema\/person\/image\/","url":"https:\/\/secure.gravatar.com\/avatar\/9384d0095fd3da50dc372f84c8bcde28aac29e86759f23fd0cfb33f9820a4e50?s=96&d=mm&r=g","contentUrl":"https:\/\/secure.gravatar.com\/avatar\/9384d0095fd3da50dc372f84c8bcde28aac29e86759f23fd0cfb33f9820a4e50?s=96&d=mm&r=g","caption":"Admin"},"sameAs":["http:\/\/10.10.50.51"],"url":"https:\/\/www.hms.cl\/index.php\/author\/admin\/"}]}},"_links":{"self":[{"href":"https:\/\/www.hms.cl\/index.php\/wp-json\/wp\/v2\/posts\/2161","targetHints":{"allow":["GET"]}}],"collection":[{"href":"https:\/\/www.hms.cl\/index.php\/wp-json\/wp\/v2\/posts"}],"about":[{"href":"https:\/\/www.hms.cl\/index.php\/wp-json\/wp\/v2\/types\/post"}],"author":[{"embeddable":true,"href":"https:\/\/www.hms.cl\/index.php\/wp-json\/wp\/v2\/users\/1"}],"replies":[{"embeddable":true,"href":"https:\/\/www.hms.cl\/index.php\/wp-json\/wp\/v2\/comments?post=2161"}],"version-history":[{"count":6,"href":"https:\/\/www.hms.cl\/index.php\/wp-json\/wp\/v2\/posts\/2161\/revisions"}],"predecessor-version":[{"id":2187,"href":"https:\/\/www.hms.cl\/index.php\/wp-json\/wp\/v2\/posts\/2161\/revisions\/2187"}],"wp:featuredmedia":[{"embeddable":true,"href":"https:\/\/www.hms.cl\/index.php\/wp-json\/wp\/v2\/media\/2179"}],"wp:attachment":[{"href":"https:\/\/www.hms.cl\/index.php\/wp-json\/wp\/v2\/media?parent=2161"}],"wp:term":[{"taxonomy":"category","embeddable":true,"href":"https:\/\/www.hms.cl\/index.php\/wp-json\/wp\/v2\/categories?post=2161"},{"taxonomy":"post_tag","embeddable":true,"href":"https:\/\/www.hms.cl\/index.php\/wp-json\/wp\/v2\/tags?post=2161"}],"curies":[{"name":"wp","href":"https:\/\/api.w.org\/{rel}","templated":true}]}}