{"id":1727,"date":"2025-02-04T12:38:14","date_gmt":"2025-02-04T15:38:14","guid":{"rendered":"http:\/\/10.10.50.51\/?p=1727"},"modified":"2025-06-11T13:09:33","modified_gmt":"2025-06-11T16:09:33","slug":"dia-mundial-contra-el-cancer-nuevas-tecnologias-en-el-hms-para-combatirlo","status":"publish","type":"post","link":"https:\/\/www.hms.cl\/index.php\/2025\/02\/04\/dia-mundial-contra-el-cancer-nuevas-tecnologias-en-el-hms-para-combatirlo\/","title":{"rendered":"D\u00cdA MUNDIAL CONTRA EL C\u00c1NCER: NUEVAS TECNOLOG\u00cdAS EN EL HMS PARA COMBATIRLO"},"content":{"rendered":"\t\t<div data-elementor-type=\"wp-post\" data-elementor-id=\"1727\" class=\"elementor elementor-1727\" data-elementor-post-type=\"post\">\n\t\t\t\t<div class=\"elementor-element elementor-element-308dba7f e-con-full e-flex e-con e-parent\" data-id=\"308dba7f\" data-element_type=\"container\">\n\t\t\t\t<div class=\"elementor-element elementor-element-1c7ee5fb elementor-widget elementor-widget-heading\" data-id=\"1c7ee5fb\" data-element_type=\"widget\" data-widget_type=\"heading.default\">\n\t\t\t\t<div class=\"elementor-widget-container\">\n\t\t\t\t\t<h2 class=\"elementor-heading-title elementor-size-default\">D\u00cdA MUNDIAL CONTRA EL C\u00c1NCER: NUEVAS TECNOLOG\u00cdAS EN EL HMS PARA COMBATIRLO<\/h2>\t\t\t\t<\/div>\n\t\t\t\t<\/div>\n\t\t\t\t<\/div>\n\t\t<div class=\"elementor-element elementor-element-8724d49 e-flex e-con-boxed e-con e-parent\" data-id=\"8724d49\" data-element_type=\"container\">\n\t\t\t\t\t<div class=\"e-con-inner\">\n\t\t<div class=\"elementor-element elementor-element-72be3039 e-con-full e-flex e-con e-child\" data-id=\"72be3039\" data-element_type=\"container\">\n\t\t\t\t<div class=\"elementor-element elementor-element-4c3d9874 elementor-widget elementor-widget-text-editor\" data-id=\"4c3d9874\" data-element_type=\"widget\" data-widget_type=\"text-editor.default\">\n\t\t\t\t<div class=\"elementor-widget-container\">\n\t\t\t\t\t\t\t\t\t<p>El\u00a0<strong>4 de febrero se conmemora el D\u00eda Mundial contra el C\u00e1ncer<\/strong>, iniciativa impulsada por la Uni\u00f3n Internacional contra el C\u00e1ncer (UICC) el a\u00f1o 2000 y a la que\u00a0<strong>el Hospital Militar de Santiago (HMS) adhiere dada la relevancia que tiene el crear conciencia sobre esta enfermedad en la poblaci\u00f3n y fomentar su prevenci\u00f3n.<\/strong><\/p><p>Es as\u00ed que el a\u00f1o 2024,\u00a0<strong>el HMS adquiri\u00f3 un moderno equipo PET\/CT que permite detectar de forma temprana enfermedades cancer\u00edgenas<\/strong>, lo que resulta vital en el tamizaje al momento de realizar controles y ex\u00e1menes preventivos.<\/p><p>\u201cGracias a la tecnolog\u00eda de vanguardia que posee este equipo,\u00a0<strong>hemos podido entregarles a nuestros pacientes una atenci\u00f3n a\u00fan m\u00e1s precisa en cuanto al diagnosticado en etapa precoz, el tratamiento m\u00e1s adecuado para cada persona y un control de seguimiento de la enfermedad<\/strong>\u201d, comenta la doctora\u00a0<strong>Beatriz Comparini Fontecilla, Jefa del Departamento de Oncolog\u00eda del HMS<\/strong>.<\/p><p>Y es que\u00a0<strong>en Chile el c\u00e1ncer es la primera causa de muerte<\/strong>, siendo los m\u00e1s comunes el c\u00e1ncer de mama, pr\u00f3stata, colon, pulm\u00f3n y est\u00f3mago.<\/p><p>Por eso la profesional hace tambi\u00e9n hincapi\u00e9 en la importancia que tiene que las personas conozcan los\u00a0<strong>factores de riesgo asociados a esta patolog\u00eda y los disminuyan<\/strong>. Entre los m\u00e1s importantes est\u00e1n:<\/p><ul><li>Evitar el consumo de tabaco y alcohol.<\/li><li>Realizar ejercicio regularmente y mantener un peso saludable.<\/li><li>Reducir la exposici\u00f3n a la radiaci\u00f3n ultravioleta del sol.<\/li><li>Limitar el consumo de alimentos ultraprocesados y bebidas azucaradas.<\/li><\/ul><p>\u00a0<\/p><p><strong>En el HMS contamos con un grupo de especialistas oncol\u00f3gicos preparados para acompa\u00f1ar al paciente<\/strong>\u00a0en cada etapa de su enfermedad y brind\u00e1ndole la orientaci\u00f3n necesaria. As\u00ed como\u00a0<strong>la infraestructura y los equipos m\u00e9dicos m\u00e1s modernos<\/strong>\u00a0para apoyar todo su proceso de tratamiento.<\/p>\t\t\t\t\t\t\t\t<\/div>\n\t\t\t\t<\/div>\n\t\t\t\t<\/div>\n\t\t<div class=\"elementor-element elementor-element-34744ba4 e-con-full e-flex e-con e-child\" data-id=\"34744ba4\" data-element_type=\"container\">\n\t\t\t\t<div class=\"elementor-element elementor-element-274b78ea elementor-widget elementor-widget-image\" data-id=\"274b78ea\" data-element_type=\"widget\" data-widget_type=\"image.default\">\n\t\t\t\t<div class=\"elementor-widget-container\">\n\t\t\t\t\t\t\t\t\t\t\t\t\t\t\t<img fetchpriority=\"high\" decoding=\"async\" width=\"800\" height=\"800\" src=\"https:\/\/www.hms.cl\/wp-content\/uploads\/2025\/06\/Dia-Mundial-Contra-el-Cancer-1024x1024.jpeg\" class=\"attachment-large size-large wp-image-1738\" alt=\"\" srcset=\"https:\/\/www.hms.cl\/wp-content\/uploads\/2025\/06\/Dia-Mundial-Contra-el-Cancer-1024x1024.jpeg 1024w, https:\/\/www.hms.cl\/wp-content\/uploads\/2025\/06\/Dia-Mundial-Contra-el-Cancer-300x300.jpeg 300w, https:\/\/www.hms.cl\/wp-content\/uploads\/2025\/06\/Dia-Mundial-Contra-el-Cancer-150x150.jpeg 150w, https:\/\/www.hms.cl\/wp-content\/uploads\/2025\/06\/Dia-Mundial-Contra-el-Cancer-768x768.jpeg 768w, https:\/\/www.hms.cl\/wp-content\/uploads\/2025\/06\/Dia-Mundial-Contra-el-Cancer.jpeg 1080w\" sizes=\"(max-width: 800px) 100vw, 800px\" \/>\t\t\t\t\t\t\t\t\t\t\t\t\t\t\t<\/div>\n\t\t\t\t<\/div>\n\t\t\t\t<div class=\"elementor-element elementor-element-58ae0085 elementor-widget-divider--view-line elementor-widget elementor-widget-divider\" data-id=\"58ae0085\" data-element_type=\"widget\" data-widget_type=\"divider.default\">\n\t\t\t\t<div class=\"elementor-widget-container\">\n\t\t\t\t\t\t\t<div class=\"elementor-divider\">\n\t\t\t<span class=\"elementor-divider-separator\">\n\t\t\t\t\t\t<\/span>\n\t\t<\/div>\n\t\t\t\t\t\t<\/div>\n\t\t\t\t<\/div>\n\t\t\t\t<\/div>\n\t\t\t\t\t<\/div>\n\t\t\t\t<\/div>\n\t\t<div class=\"elementor-element elementor-element-6d9d41b1 e-flex e-con-boxed e-con e-parent\" data-id=\"6d9d41b1\" data-element_type=\"container\">\n\t\t\t\t\t<div class=\"e-con-inner\">\n\t\t\t\t<div class=\"elementor-element elementor-element-78d9ed67 elementor-widget-divider--view-line elementor-widget elementor-widget-divider\" data-id=\"78d9ed67\" data-element_type=\"widget\" data-widget_type=\"divider.default\">\n\t\t\t\t<div class=\"elementor-widget-container\">\n\t\t\t\t\t\t\t<div class=\"elementor-divider\">\n\t\t\t<span class=\"elementor-divider-separator\">\n\t\t\t\t\t\t<\/span>\n\t\t<\/div>\n\t\t\t\t\t\t<\/div>\n\t\t\t\t<\/div>\n\t\t\t\t\t<\/div>\n\t\t\t\t<\/div>\n\t\t<div class=\"elementor-element elementor-element-774041ab e-flex e-con-boxed e-con e-parent\" data-id=\"774041ab\" data-element_type=\"container\">\n\t\t\t\t\t<div class=\"e-con-inner\">\n\t\t\t\t<div class=\"elementor-element elementor-element-6ef59db6 elementor-grid-3 elementor-grid-tablet-2 elementor-grid-mobile-1 elementor-posts--thumbnail-top elementor-widget elementor-widget-posts\" data-id=\"6ef59db6\" data-element_type=\"widget\" data-settings=\"{&quot;classic_columns&quot;:&quot;3&quot;,&quot;classic_columns_tablet&quot;:&quot;2&quot;,&quot;classic_columns_mobile&quot;:&quot;1&quot;,&quot;classic_row_gap&quot;:{&quot;unit&quot;:&quot;px&quot;,&quot;size&quot;:35,&quot;sizes&quot;:[]},&quot;classic_row_gap_tablet&quot;:{&quot;unit&quot;:&quot;px&quot;,&quot;size&quot;:&quot;&quot;,&quot;sizes&quot;:[]},&quot;classic_row_gap_mobile&quot;:{&quot;unit&quot;:&quot;px&quot;,&quot;size&quot;:&quot;&quot;,&quot;sizes&quot;:[]}}\" data-widget_type=\"posts.classic\">\n\t\t\t\t<div class=\"elementor-widget-container\">\n\t\t\t\t\t\t\t<div class=\"elementor-posts-container elementor-posts elementor-posts--skin-classic elementor-grid\" role=\"list\">\n\t\t\t\t<article class=\"elementor-post elementor-grid-item post-11647 post type-post status-publish format-standard has-post-thumbnail hentry category-noticias\" role=\"listitem\">\n\t\t\t\t<a class=\"elementor-post__thumbnail__link\" href=\"https:\/\/www.hms.cl\/index.php\/2026\/04\/30\/hms-realiza-ceremonia-de-ascenso-y-despedida-de-personal\/\" tabindex=\"-1\" >\n\t\t\t<div class=\"elementor-post__thumbnail\"><img decoding=\"async\" width=\"519\" height=\"444\" src=\"https:\/\/www.hms.cl\/wp-content\/uploads\/2026\/04\/Ascenso2_abril_web.jpeg\" class=\"attachment-full size-full wp-image-11675\" alt=\"\" srcset=\"https:\/\/www.hms.cl\/wp-content\/uploads\/2026\/04\/Ascenso2_abril_web.jpeg 519w, https:\/\/www.hms.cl\/wp-content\/uploads\/2026\/04\/Ascenso2_abril_web-300x257.jpeg 300w\" sizes=\"(max-width: 519px) 100vw, 519px\" \/><\/div>\n\t\t<\/a>\n\t\t\t\t<div class=\"elementor-post__text\">\n\t\t\t\t<h3 class=\"elementor-post__title\">\n\t\t\t<a href=\"https:\/\/www.hms.cl\/index.php\/2026\/04\/30\/hms-realiza-ceremonia-de-ascenso-y-despedida-de-personal\/\" >\n\t\t\t\tHMS REALIZA CEREMONIA DE ASCENSO Y DESPEDIDA DE PERSONAL\t\t\t<\/a>\n\t\t<\/h3>\n\t\t\t\t<div class=\"elementor-post__meta-data\">\n\t\t\t\t\t<span class=\"elementor-post-date\">\n\t\t\t30 de Abril de 2026\t\t<\/span>\n\t\t\t\t<\/div>\n\t\t\n\t\t<a class=\"elementor-post__read-more\" href=\"https:\/\/www.hms.cl\/index.php\/2026\/04\/30\/hms-realiza-ceremonia-de-ascenso-y-despedida-de-personal\/\" aria-label=\"Read more about HMS REALIZA CEREMONIA DE ASCENSO Y DESPEDIDA DE PERSONAL\" tabindex=\"-1\" >\n\t\t\tLeer M\u00e1s\t\t<\/a>\n\n\t\t\t\t<\/div>\n\t\t\t\t<\/article>\n\t\t\t\t<article class=\"elementor-post elementor-grid-item post-11633 post type-post status-publish format-standard has-post-thumbnail hentry category-noticias\" role=\"listitem\">\n\t\t\t\t<a class=\"elementor-post__thumbnail__link\" href=\"https:\/\/www.hms.cl\/index.php\/2026\/04\/29\/minsal-se-reune-con-cje-para-coordinar-despliegue-del-hospital-militar-de-campana-en-los-angeles\/\" tabindex=\"-1\" >\n\t\t\t<div class=\"elementor-post__thumbnail\"><img decoding=\"async\" width=\"1084\" height=\"815\" src=\"https:\/\/www.hms.cl\/wp-content\/uploads\/2026\/04\/Visita-Ministra-Salud-Web.png\" class=\"attachment-full size-full wp-image-11635\" alt=\"\" srcset=\"https:\/\/www.hms.cl\/wp-content\/uploads\/2026\/04\/Visita-Ministra-Salud-Web.png 1084w, https:\/\/www.hms.cl\/wp-content\/uploads\/2026\/04\/Visita-Ministra-Salud-Web-300x226.png 300w, https:\/\/www.hms.cl\/wp-content\/uploads\/2026\/04\/Visita-Ministra-Salud-Web-1024x770.png 1024w, https:\/\/www.hms.cl\/wp-content\/uploads\/2026\/04\/Visita-Ministra-Salud-Web-768x577.png 768w\" sizes=\"(max-width: 1084px) 100vw, 1084px\" \/><\/div>\n\t\t<\/a>\n\t\t\t\t<div class=\"elementor-post__text\">\n\t\t\t\t<h3 class=\"elementor-post__title\">\n\t\t\t<a href=\"https:\/\/www.hms.cl\/index.php\/2026\/04\/29\/minsal-se-reune-con-cje-para-coordinar-despliegue-del-hospital-militar-de-campana-en-los-angeles\/\" >\n\t\t\t\tMINSAL SE REUNE CON CJE PARA COORDINAR DESPLIEGUE DEL HOSPITAL MILITAR DE CAMPA\u00d1A EN LOS ANGELES\t\t\t<\/a>\n\t\t<\/h3>\n\t\t\t\t<div class=\"elementor-post__meta-data\">\n\t\t\t\t\t<span class=\"elementor-post-date\">\n\t\t\t29 de Abril de 2026\t\t<\/span>\n\t\t\t\t<\/div>\n\t\t\n\t\t<a class=\"elementor-post__read-more\" href=\"https:\/\/www.hms.cl\/index.php\/2026\/04\/29\/minsal-se-reune-con-cje-para-coordinar-despliegue-del-hospital-militar-de-campana-en-los-angeles\/\" aria-label=\"Read more about MINSAL SE REUNE CON CJE PARA COORDINAR DESPLIEGUE DEL HOSPITAL MILITAR DE CAMPA\u00d1A EN LOS ANGELES\" tabindex=\"-1\" >\n\t\t\tLeer M\u00e1s\t\t<\/a>\n\n\t\t\t\t<\/div>\n\t\t\t\t<\/article>\n\t\t\t\t<article class=\"elementor-post elementor-grid-item post-11620 post type-post status-publish format-standard has-post-thumbnail hentry category-noticias\" role=\"listitem\">\n\t\t\t\t<a class=\"elementor-post__thumbnail__link\" href=\"https:\/\/www.hms.cl\/index.php\/2026\/04\/29\/con-alta-convocatoria-hms-conmemora-el-dia-del-libro\/\" tabindex=\"-1\" >\n\t\t\t<div class=\"elementor-post__thumbnail\"><img loading=\"lazy\" decoding=\"async\" width=\"519\" height=\"444\" src=\"https:\/\/www.hms.cl\/wp-content\/uploads\/2026\/04\/Dia-libro_web_2026_2.jpeg\" class=\"attachment-full size-full wp-image-11625\" alt=\"\" srcset=\"https:\/\/www.hms.cl\/wp-content\/uploads\/2026\/04\/Dia-libro_web_2026_2.jpeg 519w, https:\/\/www.hms.cl\/wp-content\/uploads\/2026\/04\/Dia-libro_web_2026_2-300x257.jpeg 300w\" sizes=\"(max-width: 519px) 100vw, 519px\" \/><\/div>\n\t\t<\/a>\n\t\t\t\t<div class=\"elementor-post__text\">\n\t\t\t\t<h3 class=\"elementor-post__title\">\n\t\t\t<a href=\"https:\/\/www.hms.cl\/index.php\/2026\/04\/29\/con-alta-convocatoria-hms-conmemora-el-dia-del-libro\/\" >\n\t\t\t\tCON ALTA CONVOCATORIA HMS CONMEMORA EL D\u00cdA DEL LIBRO\t\t\t<\/a>\n\t\t<\/h3>\n\t\t\t\t<div class=\"elementor-post__meta-data\">\n\t\t\t\t\t<span class=\"elementor-post-date\">\n\t\t\t29 de Abril de 2026\t\t<\/span>\n\t\t\t\t<\/div>\n\t\t\n\t\t<a class=\"elementor-post__read-more\" href=\"https:\/\/www.hms.cl\/index.php\/2026\/04\/29\/con-alta-convocatoria-hms-conmemora-el-dia-del-libro\/\" aria-label=\"Read more about CON ALTA CONVOCATORIA HMS CONMEMORA EL D\u00cdA DEL LIBRO\" tabindex=\"-1\" >\n\t\t\tLeer M\u00e1s\t\t<\/a>\n\n\t\t\t\t<\/div>\n\t\t\t\t<\/article>\n\t\t\t\t<\/div>\n\t\t\n\t\t\t\t\t\t<\/div>\n\t\t\t\t<\/div>\n\t\t\t\t\t<\/div>\n\t\t\t\t<\/div>\n\t\t\t\t<\/div>\n\t\t","protected":false},"excerpt":{"rendered":"<p>El\u00a04 de febrero se conmemora el D\u00eda Mundial contra el C\u00e1ncer, iniciativa impulsada por la Uni\u00f3n Internacional contra el C\u00e1ncer<\/p>\n","protected":false},"author":1,"featured_media":1737,"comment_status":"closed","ping_status":"open","sticky":false,"template":"","format":"standard","meta":{"footnotes":""},"categories":[8],"tags":[],"class_list":["post-1727","post","type-post","status-publish","format-standard","has-post-thumbnail","hentry","category-noticias"],"yoast_head":"<!-- This site is optimized with the Yoast SEO plugin v25.6 - https:\/\/yoast.com\/wordpress\/plugins\/seo\/ -->\n<title>D\u00cdA MUNDIAL CONTRA EL C\u00c1NCER: NUEVAS TECNOLOG\u00cdAS EN EL HMS PARA COMBATIRLO - Hospital Militar de Santiago<\/title>\n<meta name=\"robots\" content=\"index, follow, max-snippet:-1, max-image-preview:large, max-video-preview:-1\" \/>\n<link rel=\"canonical\" href=\"https:\/\/www.hms.cl\/index.php\/2025\/02\/04\/dia-mundial-contra-el-cancer-nuevas-tecnologias-en-el-hms-para-combatirlo\/\" \/>\n<meta property=\"og:locale\" content=\"es_ES\" \/>\n<meta property=\"og:type\" content=\"article\" \/>\n<meta property=\"og:title\" content=\"D\u00cdA MUNDIAL CONTRA EL C\u00c1NCER: NUEVAS TECNOLOG\u00cdAS EN EL HMS PARA COMBATIRLO - Hospital Militar de Santiago\" \/>\n<meta property=\"og:description\" content=\"El\u00a04 de febrero se conmemora el D\u00eda Mundial contra el C\u00e1ncer, iniciativa impulsada por la Uni\u00f3n Internacional contra el C\u00e1ncer\" \/>\n<meta property=\"og:url\" content=\"https:\/\/www.hms.cl\/index.php\/2025\/02\/04\/dia-mundial-contra-el-cancer-nuevas-tecnologias-en-el-hms-para-combatirlo\/\" \/>\n<meta property=\"og:site_name\" content=\"Hospital Militar de Santiago\" \/>\n<meta property=\"article:publisher\" content=\"https:\/\/www.facebook.com\/hospitalmilitardesantiago\" \/>\n<meta property=\"article:published_time\" content=\"2025-02-04T15:38:14+00:00\" \/>\n<meta property=\"article:modified_time\" content=\"2025-06-11T16:09:33+00:00\" \/>\n<meta property=\"og:image\" content=\"https:\/\/www.hms.cl\/wp-content\/uploads\/2025\/06\/Dia-Mundial-Contra-el-Cancer-Portada.jpeg\" \/>\n\t<meta property=\"og:image:width\" content=\"519\" \/>\n\t<meta property=\"og:image:height\" content=\"444\" \/>\n\t<meta property=\"og:image:type\" content=\"image\/jpeg\" \/>\n<meta name=\"author\" content=\"Admin\" \/>\n<meta name=\"twitter:card\" content=\"summary_large_image\" \/>\n<meta name=\"twitter:creator\" content=\"@HosMilSantiago\" \/>\n<meta name=\"twitter:site\" content=\"@HosMilSantiago\" \/>\n<meta name=\"twitter:label1\" content=\"Escrito por\" \/>\n\t<meta name=\"twitter:data1\" content=\"Admin\" \/>\n\t<meta name=\"twitter:label2\" content=\"Tiempo estimado de lectura\" \/>\n\t<meta name=\"twitter:data2\" content=\"3 minutos\" \/>\n<script type=\"application\/ld+json\" class=\"yoast-schema-graph\">{\"@context\":\"https:\/\/schema.org\",\"@graph\":[{\"@type\":\"Article\",\"@id\":\"https:\/\/www.hms.cl\/index.php\/2025\/02\/04\/dia-mundial-contra-el-cancer-nuevas-tecnologias-en-el-hms-para-combatirlo\/#article\",\"isPartOf\":{\"@id\":\"https:\/\/www.hms.cl\/index.php\/2025\/02\/04\/dia-mundial-contra-el-cancer-nuevas-tecnologias-en-el-hms-para-combatirlo\/\"},\"author\":{\"name\":\"Admin\",\"@id\":\"https:\/\/www.hms.cl\/#\/schema\/person\/93186034b446672703627f9ef2d767ca\"},\"headline\":\"D\u00cdA MUNDIAL CONTRA EL C\u00c1NCER: NUEVAS TECNOLOG\u00cdAS EN EL HMS PARA COMBATIRLO\",\"datePublished\":\"2025-02-04T15:38:14+00:00\",\"dateModified\":\"2025-06-11T16:09:33+00:00\",\"mainEntityOfPage\":{\"@id\":\"https:\/\/www.hms.cl\/index.php\/2025\/02\/04\/dia-mundial-contra-el-cancer-nuevas-tecnologias-en-el-hms-para-combatirlo\/\"},\"wordCount\":327,\"publisher\":{\"@id\":\"https:\/\/www.hms.cl\/#organization\"},\"image\":{\"@id\":\"https:\/\/www.hms.cl\/index.php\/2025\/02\/04\/dia-mundial-contra-el-cancer-nuevas-tecnologias-en-el-hms-para-combatirlo\/#primaryimage\"},\"thumbnailUrl\":\"https:\/\/www.hms.cl\/wp-content\/uploads\/2025\/06\/Dia-Mundial-Contra-el-Cancer-Portada.jpeg\",\"articleSection\":[\"Noticias\"],\"inLanguage\":\"es-CL\"},{\"@type\":\"WebPage\",\"@id\":\"https:\/\/www.hms.cl\/index.php\/2025\/02\/04\/dia-mundial-contra-el-cancer-nuevas-tecnologias-en-el-hms-para-combatirlo\/\",\"url\":\"https:\/\/www.hms.cl\/index.php\/2025\/02\/04\/dia-mundial-contra-el-cancer-nuevas-tecnologias-en-el-hms-para-combatirlo\/\",\"name\":\"D\u00cdA MUNDIAL CONTRA EL C\u00c1NCER: NUEVAS TECNOLOG\u00cdAS EN EL HMS PARA COMBATIRLO - Hospital Militar de Santiago\",\"isPartOf\":{\"@id\":\"https:\/\/www.hms.cl\/#website\"},\"primaryImageOfPage\":{\"@id\":\"https:\/\/www.hms.cl\/index.php\/2025\/02\/04\/dia-mundial-contra-el-cancer-nuevas-tecnologias-en-el-hms-para-combatirlo\/#primaryimage\"},\"image\":{\"@id\":\"https:\/\/www.hms.cl\/index.php\/2025\/02\/04\/dia-mundial-contra-el-cancer-nuevas-tecnologias-en-el-hms-para-combatirlo\/#primaryimage\"},\"thumbnailUrl\":\"https:\/\/www.hms.cl\/wp-content\/uploads\/2025\/06\/Dia-Mundial-Contra-el-Cancer-Portada.jpeg\",\"datePublished\":\"2025-02-04T15:38:14+00:00\",\"dateModified\":\"2025-06-11T16:09:33+00:00\",\"breadcrumb\":{\"@id\":\"https:\/\/www.hms.cl\/index.php\/2025\/02\/04\/dia-mundial-contra-el-cancer-nuevas-tecnologias-en-el-hms-para-combatirlo\/#breadcrumb\"},\"inLanguage\":\"es-CL\",\"potentialAction\":[{\"@type\":\"ReadAction\",\"target\":[\"https:\/\/www.hms.cl\/index.php\/2025\/02\/04\/dia-mundial-contra-el-cancer-nuevas-tecnologias-en-el-hms-para-combatirlo\/\"]}]},{\"@type\":\"ImageObject\",\"inLanguage\":\"es-CL\",\"@id\":\"https:\/\/www.hms.cl\/index.php\/2025\/02\/04\/dia-mundial-contra-el-cancer-nuevas-tecnologias-en-el-hms-para-combatirlo\/#primaryimage\",\"url\":\"https:\/\/www.hms.cl\/wp-content\/uploads\/2025\/06\/Dia-Mundial-Contra-el-Cancer-Portada.jpeg\",\"contentUrl\":\"https:\/\/www.hms.cl\/wp-content\/uploads\/2025\/06\/Dia-Mundial-Contra-el-Cancer-Portada.jpeg\",\"width\":519,\"height\":444},{\"@type\":\"BreadcrumbList\",\"@id\":\"https:\/\/www.hms.cl\/index.php\/2025\/02\/04\/dia-mundial-contra-el-cancer-nuevas-tecnologias-en-el-hms-para-combatirlo\/#breadcrumb\",\"itemListElement\":[{\"@type\":\"ListItem\",\"position\":1,\"name\":\"Home\",\"item\":\"https:\/\/www.hms.cl\/\"},{\"@type\":\"ListItem\",\"position\":2,\"name\":\"D\u00cdA MUNDIAL CONTRA EL C\u00c1NCER: NUEVAS TECNOLOG\u00cdAS EN EL HMS PARA COMBATIRLO\"}]},{\"@type\":\"WebSite\",\"@id\":\"https:\/\/www.hms.cl\/#website\",\"url\":\"https:\/\/www.hms.cl\/\",\"name\":\"Hospital Militar de Santiago\",\"description\":\"\",\"publisher\":{\"@id\":\"https:\/\/www.hms.cl\/#organization\"},\"potentialAction\":[{\"@type\":\"SearchAction\",\"target\":{\"@type\":\"EntryPoint\",\"urlTemplate\":\"https:\/\/www.hms.cl\/?s={search_term_string}\"},\"query-input\":{\"@type\":\"PropertyValueSpecification\",\"valueRequired\":true,\"valueName\":\"search_term_string\"}}],\"inLanguage\":\"es-CL\"},{\"@type\":\"Organization\",\"@id\":\"https:\/\/www.hms.cl\/#organization\",\"name\":\"Hospital Militar de Santiago\",\"url\":\"https:\/\/www.hms.cl\/\",\"logo\":{\"@type\":\"ImageObject\",\"inLanguage\":\"es-CL\",\"@id\":\"https:\/\/www.hms.cl\/#\/schema\/logo\/image\/\",\"url\":\"https:\/\/www.hms.cl\/wp-content\/uploads\/2025\/07\/Logo-Vertical-Mediano.png\",\"contentUrl\":\"https:\/\/www.hms.cl\/wp-content\/uploads\/2025\/07\/Logo-Vertical-Mediano.png\",\"width\":1280,\"height\":720,\"caption\":\"Hospital Militar de Santiago\"},\"image\":{\"@id\":\"https:\/\/www.hms.cl\/#\/schema\/logo\/image\/\"},\"sameAs\":[\"https:\/\/www.facebook.com\/hospitalmilitardesantiago\",\"https:\/\/x.com\/HosMilSantiago\",\"https:\/\/www.instagram.com\/hospitalmilitardesantiago\/\",\"https:\/\/www.linkedin.com\/company\/hospital-militar-de-santiago-hosmil\",\"https:\/\/www.youtube.com\/c\/HMSVIDEO\"]},{\"@type\":\"Person\",\"@id\":\"https:\/\/www.hms.cl\/#\/schema\/person\/93186034b446672703627f9ef2d767ca\",\"name\":\"Admin\",\"image\":{\"@type\":\"ImageObject\",\"inLanguage\":\"es-CL\",\"@id\":\"https:\/\/www.hms.cl\/#\/schema\/person\/image\/\",\"url\":\"https:\/\/secure.gravatar.com\/avatar\/9384d0095fd3da50dc372f84c8bcde28aac29e86759f23fd0cfb33f9820a4e50?s=96&d=mm&r=g\",\"contentUrl\":\"https:\/\/secure.gravatar.com\/avatar\/9384d0095fd3da50dc372f84c8bcde28aac29e86759f23fd0cfb33f9820a4e50?s=96&d=mm&r=g\",\"caption\":\"Admin\"},\"sameAs\":[\"http:\/\/10.10.50.51\"],\"url\":\"https:\/\/www.hms.cl\/index.php\/author\/admin\/\"}]}<\/script>\n<!-- \/ Yoast SEO plugin. -->","yoast_head_json":{"title":"D\u00cdA MUNDIAL CONTRA EL C\u00c1NCER: NUEVAS TECNOLOG\u00cdAS EN EL HMS PARA COMBATIRLO - Hospital Militar de Santiago","robots":{"index":"index","follow":"follow","max-snippet":"max-snippet:-1","max-image-preview":"max-image-preview:large","max-video-preview":"max-video-preview:-1"},"canonical":"https:\/\/www.hms.cl\/index.php\/2025\/02\/04\/dia-mundial-contra-el-cancer-nuevas-tecnologias-en-el-hms-para-combatirlo\/","og_locale":"es_ES","og_type":"article","og_title":"D\u00cdA MUNDIAL CONTRA EL C\u00c1NCER: NUEVAS TECNOLOG\u00cdAS EN EL HMS PARA COMBATIRLO - Hospital Militar de Santiago","og_description":"El\u00a04 de febrero se conmemora el D\u00eda Mundial contra el C\u00e1ncer, iniciativa impulsada por la Uni\u00f3n Internacional contra el C\u00e1ncer","og_url":"https:\/\/www.hms.cl\/index.php\/2025\/02\/04\/dia-mundial-contra-el-cancer-nuevas-tecnologias-en-el-hms-para-combatirlo\/","og_site_name":"Hospital Militar de Santiago","article_publisher":"https:\/\/www.facebook.com\/hospitalmilitardesantiago","article_published_time":"2025-02-04T15:38:14+00:00","article_modified_time":"2025-06-11T16:09:33+00:00","og_image":[{"width":519,"height":444,"url":"https:\/\/www.hms.cl\/wp-content\/uploads\/2025\/06\/Dia-Mundial-Contra-el-Cancer-Portada.jpeg","type":"image\/jpeg"}],"author":"Admin","twitter_card":"summary_large_image","twitter_creator":"@HosMilSantiago","twitter_site":"@HosMilSantiago","twitter_misc":{"Escrito por":"Admin","Tiempo estimado de lectura":"3 minutos"},"schema":{"@context":"https:\/\/schema.org","@graph":[{"@type":"Article","@id":"https:\/\/www.hms.cl\/index.php\/2025\/02\/04\/dia-mundial-contra-el-cancer-nuevas-tecnologias-en-el-hms-para-combatirlo\/#article","isPartOf":{"@id":"https:\/\/www.hms.cl\/index.php\/2025\/02\/04\/dia-mundial-contra-el-cancer-nuevas-tecnologias-en-el-hms-para-combatirlo\/"},"author":{"name":"Admin","@id":"https:\/\/www.hms.cl\/#\/schema\/person\/93186034b446672703627f9ef2d767ca"},"headline":"D\u00cdA MUNDIAL CONTRA EL C\u00c1NCER: NUEVAS TECNOLOG\u00cdAS EN EL HMS PARA COMBATIRLO","datePublished":"2025-02-04T15:38:14+00:00","dateModified":"2025-06-11T16:09:33+00:00","mainEntityOfPage":{"@id":"https:\/\/www.hms.cl\/index.php\/2025\/02\/04\/dia-mundial-contra-el-cancer-nuevas-tecnologias-en-el-hms-para-combatirlo\/"},"wordCount":327,"publisher":{"@id":"https:\/\/www.hms.cl\/#organization"},"image":{"@id":"https:\/\/www.hms.cl\/index.php\/2025\/02\/04\/dia-mundial-contra-el-cancer-nuevas-tecnologias-en-el-hms-para-combatirlo\/#primaryimage"},"thumbnailUrl":"https:\/\/www.hms.cl\/wp-content\/uploads\/2025\/06\/Dia-Mundial-Contra-el-Cancer-Portada.jpeg","articleSection":["Noticias"],"inLanguage":"es-CL"},{"@type":"WebPage","@id":"https:\/\/www.hms.cl\/index.php\/2025\/02\/04\/dia-mundial-contra-el-cancer-nuevas-tecnologias-en-el-hms-para-combatirlo\/","url":"https:\/\/www.hms.cl\/index.php\/2025\/02\/04\/dia-mundial-contra-el-cancer-nuevas-tecnologias-en-el-hms-para-combatirlo\/","name":"D\u00cdA MUNDIAL CONTRA EL C\u00c1NCER: NUEVAS TECNOLOG\u00cdAS EN EL HMS PARA COMBATIRLO - Hospital Militar de Santiago","isPartOf":{"@id":"https:\/\/www.hms.cl\/#website"},"primaryImageOfPage":{"@id":"https:\/\/www.hms.cl\/index.php\/2025\/02\/04\/dia-mundial-contra-el-cancer-nuevas-tecnologias-en-el-hms-para-combatirlo\/#primaryimage"},"image":{"@id":"https:\/\/www.hms.cl\/index.php\/2025\/02\/04\/dia-mundial-contra-el-cancer-nuevas-tecnologias-en-el-hms-para-combatirlo\/#primaryimage"},"thumbnailUrl":"https:\/\/www.hms.cl\/wp-content\/uploads\/2025\/06\/Dia-Mundial-Contra-el-Cancer-Portada.jpeg","datePublished":"2025-02-04T15:38:14+00:00","dateModified":"2025-06-11T16:09:33+00:00","breadcrumb":{"@id":"https:\/\/www.hms.cl\/index.php\/2025\/02\/04\/dia-mundial-contra-el-cancer-nuevas-tecnologias-en-el-hms-para-combatirlo\/#breadcrumb"},"inLanguage":"es-CL","potentialAction":[{"@type":"ReadAction","target":["https:\/\/www.hms.cl\/index.php\/2025\/02\/04\/dia-mundial-contra-el-cancer-nuevas-tecnologias-en-el-hms-para-combatirlo\/"]}]},{"@type":"ImageObject","inLanguage":"es-CL","@id":"https:\/\/www.hms.cl\/index.php\/2025\/02\/04\/dia-mundial-contra-el-cancer-nuevas-tecnologias-en-el-hms-para-combatirlo\/#primaryimage","url":"https:\/\/www.hms.cl\/wp-content\/uploads\/2025\/06\/Dia-Mundial-Contra-el-Cancer-Portada.jpeg","contentUrl":"https:\/\/www.hms.cl\/wp-content\/uploads\/2025\/06\/Dia-Mundial-Contra-el-Cancer-Portada.jpeg","width":519,"height":444},{"@type":"BreadcrumbList","@id":"https:\/\/www.hms.cl\/index.php\/2025\/02\/04\/dia-mundial-contra-el-cancer-nuevas-tecnologias-en-el-hms-para-combatirlo\/#breadcrumb","itemListElement":[{"@type":"ListItem","position":1,"name":"Home","item":"https:\/\/www.hms.cl\/"},{"@type":"ListItem","position":2,"name":"D\u00cdA MUNDIAL CONTRA EL C\u00c1NCER: NUEVAS TECNOLOG\u00cdAS EN EL HMS PARA COMBATIRLO"}]},{"@type":"WebSite","@id":"https:\/\/www.hms.cl\/#website","url":"https:\/\/www.hms.cl\/","name":"Hospital Militar de Santiago","description":"","publisher":{"@id":"https:\/\/www.hms.cl\/#organization"},"potentialAction":[{"@type":"SearchAction","target":{"@type":"EntryPoint","urlTemplate":"https:\/\/www.hms.cl\/?s={search_term_string}"},"query-input":{"@type":"PropertyValueSpecification","valueRequired":true,"valueName":"search_term_string"}}],"inLanguage":"es-CL"},{"@type":"Organization","@id":"https:\/\/www.hms.cl\/#organization","name":"Hospital Militar de Santiago","url":"https:\/\/www.hms.cl\/","logo":{"@type":"ImageObject","inLanguage":"es-CL","@id":"https:\/\/www.hms.cl\/#\/schema\/logo\/image\/","url":"https:\/\/www.hms.cl\/wp-content\/uploads\/2025\/07\/Logo-Vertical-Mediano.png","contentUrl":"https:\/\/www.hms.cl\/wp-content\/uploads\/2025\/07\/Logo-Vertical-Mediano.png","width":1280,"height":720,"caption":"Hospital Militar de Santiago"},"image":{"@id":"https:\/\/www.hms.cl\/#\/schema\/logo\/image\/"},"sameAs":["https:\/\/www.facebook.com\/hospitalmilitardesantiago","https:\/\/x.com\/HosMilSantiago","https:\/\/www.instagram.com\/hospitalmilitardesantiago\/","https:\/\/www.linkedin.com\/company\/hospital-militar-de-santiago-hosmil","https:\/\/www.youtube.com\/c\/HMSVIDEO"]},{"@type":"Person","@id":"https:\/\/www.hms.cl\/#\/schema\/person\/93186034b446672703627f9ef2d767ca","name":"Admin","image":{"@type":"ImageObject","inLanguage":"es-CL","@id":"https:\/\/www.hms.cl\/#\/schema\/person\/image\/","url":"https:\/\/secure.gravatar.com\/avatar\/9384d0095fd3da50dc372f84c8bcde28aac29e86759f23fd0cfb33f9820a4e50?s=96&d=mm&r=g","contentUrl":"https:\/\/secure.gravatar.com\/avatar\/9384d0095fd3da50dc372f84c8bcde28aac29e86759f23fd0cfb33f9820a4e50?s=96&d=mm&r=g","caption":"Admin"},"sameAs":["http:\/\/10.10.50.51"],"url":"https:\/\/www.hms.cl\/index.php\/author\/admin\/"}]}},"_links":{"self":[{"href":"https:\/\/www.hms.cl\/index.php\/wp-json\/wp\/v2\/posts\/1727","targetHints":{"allow":["GET"]}}],"collection":[{"href":"https:\/\/www.hms.cl\/index.php\/wp-json\/wp\/v2\/posts"}],"about":[{"href":"https:\/\/www.hms.cl\/index.php\/wp-json\/wp\/v2\/types\/post"}],"author":[{"embeddable":true,"href":"https:\/\/www.hms.cl\/index.php\/wp-json\/wp\/v2\/users\/1"}],"replies":[{"embeddable":true,"href":"https:\/\/www.hms.cl\/index.php\/wp-json\/wp\/v2\/comments?post=1727"}],"version-history":[{"count":6,"href":"https:\/\/www.hms.cl\/index.php\/wp-json\/wp\/v2\/posts\/1727\/revisions"}],"predecessor-version":[{"id":1763,"href":"https:\/\/www.hms.cl\/index.php\/wp-json\/wp\/v2\/posts\/1727\/revisions\/1763"}],"wp:featuredmedia":[{"embeddable":true,"href":"https:\/\/www.hms.cl\/index.php\/wp-json\/wp\/v2\/media\/1737"}],"wp:attachment":[{"href":"https:\/\/www.hms.cl\/index.php\/wp-json\/wp\/v2\/media?parent=1727"}],"wp:term":[{"taxonomy":"category","embeddable":true,"href":"https:\/\/www.hms.cl\/index.php\/wp-json\/wp\/v2\/categories?post=1727"},{"taxonomy":"post_tag","embeddable":true,"href":"https:\/\/www.hms.cl\/index.php\/wp-json\/wp\/v2\/tags?post=1727"}],"curies":[{"name":"wp","href":"https:\/\/api.w.org\/{rel}","templated":true}]}}