{"id":1594,"date":"2025-05-31T08:00:01","date_gmt":"2025-05-31T11:00:01","guid":{"rendered":"http:\/\/10.10.50.51\/?p=1594"},"modified":"2025-05-30T17:55:13","modified_gmt":"2025-05-30T20:55:13","slug":"dia-mundial-sin-tabaco-un-llamado-a-la-conciencia","status":"publish","type":"post","link":"https:\/\/www.hms.cl\/index.php\/2025\/05\/31\/dia-mundial-sin-tabaco-un-llamado-a-la-conciencia\/","title":{"rendered":"D\u00cdA MUNDIAL SIN TABACO: UN LLAMADO A LA CONCIENCIA"},"content":{"rendered":"\t\t<div data-elementor-type=\"wp-post\" data-elementor-id=\"1594\" class=\"elementor elementor-1594\" data-elementor-post-type=\"post\">\n\t\t\t\t<div class=\"elementor-element elementor-element-11493173 e-con-full e-flex e-con e-parent\" data-id=\"11493173\" data-element_type=\"container\">\n\t\t\t\t<div class=\"elementor-element elementor-element-12b70269 elementor-widget elementor-widget-heading\" data-id=\"12b70269\" data-element_type=\"widget\" data-widget_type=\"heading.default\">\n\t\t\t\t<div class=\"elementor-widget-container\">\n\t\t\t\t\t<h2 class=\"elementor-heading-title elementor-size-default\">D\u00cdA MUNDIAL SIN TABACO: UN LLAMADO A LA CONCIENCIA<\/h2>\t\t\t\t<\/div>\n\t\t\t\t<\/div>\n\t\t\t\t<\/div>\n\t\t<div class=\"elementor-element elementor-element-51d85f9d e-flex e-con-boxed e-con e-parent\" data-id=\"51d85f9d\" data-element_type=\"container\">\n\t\t\t\t\t<div class=\"e-con-inner\">\n\t\t<div class=\"elementor-element elementor-element-5a24f54d e-con-full e-flex e-con e-child\" data-id=\"5a24f54d\" data-element_type=\"container\">\n\t\t\t\t<div class=\"elementor-element elementor-element-2265038b elementor-widget elementor-widget-text-editor\" data-id=\"2265038b\" data-element_type=\"widget\" data-widget_type=\"text-editor.default\">\n\t\t\t\t<div class=\"elementor-widget-container\">\n\t\t\t\t\t\t\t\t\t<p>Se calcula que el\u00a0<strong>tabaco mata a 8 millones de personas<\/strong>\u00a0cada a\u00f1o alrededor del mundo, que\u00a0<strong>37 millones de ni\u00f1os, entre 13 y 15 a\u00f1os<\/strong>, lo consumen y el uso de cigarrillos electr\u00f3nicos -entre los j\u00f3venes- supera a la de los adultos, yendo d\u00eda a d\u00eda en aumento.<\/p><p>Por esto, como\u00a0<strong>Hospital Militar de Santiago (HMS) adherimos a este d\u00eda aportando conocimiento<\/strong>\u00a0sobre esta situaci\u00f3n, para que de alguna forma coopere con la educaci\u00f3n y prevenci\u00f3n del consumo entre la poblaci\u00f3n.<\/p><p>Por esta causa,\u00a0<strong>cada 31 de mayo se conmemora el D\u00eda Mundial Sin Tabaco (DMST)<\/strong>. Este a\u00f1o 2025, la Organizaci\u00f3n Mundial de la Salud (OMS) puso el foco de la campa\u00f1a, en la concientizaci\u00f3n sobre las\u00a0<strong>t\u00e1cticas nocivas de la industria tabacalera para hacer atractivos sus productos, que incluye a\u00f1adir sabores para modificar el olor y el gusto.<\/strong><\/p><p><strong>Conoce ac\u00e1 los beneficios que experimenta tu cuerpo al dejar de fumar despu\u00e9s de:<\/strong><\/p><ul><li>8 horas: tus niveles nocivos de mon\u00f3xido de carbono en la sangre se reducen a la mitad.<\/li><li>48 horas: tu sentido del gusto y del olfato ir\u00e1n mejorando.<\/li><li>2 a 12 semanas: tu circulaci\u00f3n presenta una mejora.<\/li><li>3 a 9 meses: tu funci\u00f3n pulmonar aumenta hasta un 10%.<\/li><li>12 meses: reduces a la mitad el riesgo de sufrir un ataque card\u00edaco.<\/li><li>10 a\u00f1os: reduces a la mitad el riesgo de muerte por c\u00e1ncer de pulm\u00f3n.<\/li><\/ul><p>Si quieres dejar de fumar y comenzar a cuidar de tu salud, en el HMS contamos con profesionales que podr\u00e1n orientarte y acompa\u00f1arte en el proceso.<\/p>\t\t\t\t\t\t\t\t<\/div>\n\t\t\t\t<\/div>\n\t\t\t\t<\/div>\n\t\t<div class=\"elementor-element elementor-element-2ed6953e e-con-full e-flex e-con e-child\" data-id=\"2ed6953e\" data-element_type=\"container\">\n\t\t\t\t<div class=\"elementor-element elementor-element-3ff65b62 elementor-widget elementor-widget-image\" data-id=\"3ff65b62\" data-element_type=\"widget\" data-widget_type=\"image.default\">\n\t\t\t\t<div class=\"elementor-widget-container\">\n\t\t\t\t\t\t\t\t\t\t\t\t\t\t\t<img fetchpriority=\"high\" decoding=\"async\" width=\"800\" height=\"1000\" src=\"https:\/\/www.hms.cl\/wp-content\/uploads\/2025\/05\/Dia-Sin-Tabaco-819x1024.png\" class=\"attachment-large size-large wp-image-1602\" alt=\"\" srcset=\"https:\/\/www.hms.cl\/wp-content\/uploads\/2025\/05\/Dia-Sin-Tabaco-819x1024.png 819w, https:\/\/www.hms.cl\/wp-content\/uploads\/2025\/05\/Dia-Sin-Tabaco-240x300.png 240w, https:\/\/www.hms.cl\/wp-content\/uploads\/2025\/05\/Dia-Sin-Tabaco-768x960.png 768w, https:\/\/www.hms.cl\/wp-content\/uploads\/2025\/05\/Dia-Sin-Tabaco.png 1080w\" sizes=\"(max-width: 800px) 100vw, 800px\" \/>\t\t\t\t\t\t\t\t\t\t\t\t\t\t\t<\/div>\n\t\t\t\t<\/div>\n\t\t\t\t<div class=\"elementor-element elementor-element-7074add8 elementor-widget-divider--view-line elementor-widget elementor-widget-divider\" data-id=\"7074add8\" data-element_type=\"widget\" data-widget_type=\"divider.default\">\n\t\t\t\t<div class=\"elementor-widget-container\">\n\t\t\t\t\t\t\t<div class=\"elementor-divider\">\n\t\t\t<span class=\"elementor-divider-separator\">\n\t\t\t\t\t\t<\/span>\n\t\t<\/div>\n\t\t\t\t\t\t<\/div>\n\t\t\t\t<\/div>\n\t\t\t\t<\/div>\n\t\t\t\t\t<\/div>\n\t\t\t\t<\/div>\n\t\t<div class=\"elementor-element elementor-element-78bbc5db e-flex e-con-boxed e-con e-parent\" data-id=\"78bbc5db\" data-element_type=\"container\">\n\t\t\t\t\t<div class=\"e-con-inner\">\n\t\t\t\t<div class=\"elementor-element elementor-element-4ec843b7 elementor-widget-divider--view-line elementor-widget elementor-widget-divider\" data-id=\"4ec843b7\" data-element_type=\"widget\" data-widget_type=\"divider.default\">\n\t\t\t\t<div class=\"elementor-widget-container\">\n\t\t\t\t\t\t\t<div class=\"elementor-divider\">\n\t\t\t<span class=\"elementor-divider-separator\">\n\t\t\t\t\t\t<\/span>\n\t\t<\/div>\n\t\t\t\t\t\t<\/div>\n\t\t\t\t<\/div>\n\t\t\t\t\t<\/div>\n\t\t\t\t<\/div>\n\t\t<div class=\"elementor-element elementor-element-3d1f3be4 e-flex e-con-boxed e-con e-parent\" data-id=\"3d1f3be4\" data-element_type=\"container\">\n\t\t\t\t\t<div class=\"e-con-inner\">\n\t\t\t\t<div class=\"elementor-element elementor-element-2953aea elementor-grid-3 elementor-grid-tablet-2 elementor-grid-mobile-1 elementor-posts--thumbnail-top elementor-widget elementor-widget-posts\" data-id=\"2953aea\" data-element_type=\"widget\" data-settings=\"{&quot;classic_columns&quot;:&quot;3&quot;,&quot;classic_columns_tablet&quot;:&quot;2&quot;,&quot;classic_columns_mobile&quot;:&quot;1&quot;,&quot;classic_row_gap&quot;:{&quot;unit&quot;:&quot;px&quot;,&quot;size&quot;:35,&quot;sizes&quot;:[]},&quot;classic_row_gap_tablet&quot;:{&quot;unit&quot;:&quot;px&quot;,&quot;size&quot;:&quot;&quot;,&quot;sizes&quot;:[]},&quot;classic_row_gap_mobile&quot;:{&quot;unit&quot;:&quot;px&quot;,&quot;size&quot;:&quot;&quot;,&quot;sizes&quot;:[]}}\" data-widget_type=\"posts.classic\">\n\t\t\t\t<div class=\"elementor-widget-container\">\n\t\t\t\t\t\t\t<div class=\"elementor-posts-container elementor-posts elementor-posts--skin-classic elementor-grid\" role=\"list\">\n\t\t\t\t<article class=\"elementor-post elementor-grid-item post-11633 post type-post status-publish format-standard has-post-thumbnail hentry category-noticias\" role=\"listitem\">\n\t\t\t\t<a class=\"elementor-post__thumbnail__link\" href=\"https:\/\/www.hms.cl\/index.php\/2026\/04\/29\/minsal-se-reune-con-cje-para-coordinar-despliegue-del-hospital-militar-de-campana-en-los-angeles\/\" tabindex=\"-1\" >\n\t\t\t<div class=\"elementor-post__thumbnail\"><img decoding=\"async\" width=\"1084\" height=\"815\" src=\"https:\/\/www.hms.cl\/wp-content\/uploads\/2026\/04\/Visita-Ministra-Salud-Web.png\" class=\"attachment-full size-full wp-image-11635\" alt=\"\" srcset=\"https:\/\/www.hms.cl\/wp-content\/uploads\/2026\/04\/Visita-Ministra-Salud-Web.png 1084w, https:\/\/www.hms.cl\/wp-content\/uploads\/2026\/04\/Visita-Ministra-Salud-Web-300x226.png 300w, https:\/\/www.hms.cl\/wp-content\/uploads\/2026\/04\/Visita-Ministra-Salud-Web-1024x770.png 1024w, https:\/\/www.hms.cl\/wp-content\/uploads\/2026\/04\/Visita-Ministra-Salud-Web-768x577.png 768w\" sizes=\"(max-width: 1084px) 100vw, 1084px\" \/><\/div>\n\t\t<\/a>\n\t\t\t\t<div class=\"elementor-post__text\">\n\t\t\t\t<h3 class=\"elementor-post__title\">\n\t\t\t<a href=\"https:\/\/www.hms.cl\/index.php\/2026\/04\/29\/minsal-se-reune-con-cje-para-coordinar-despliegue-del-hospital-militar-de-campana-en-los-angeles\/\" >\n\t\t\t\tMINSAL SE REUNE CON CJE PARA COORDINAR DESPLIEGUE DEL HOSPITAL MILITAR DE CAMPA\u00d1A EN LOS ANGELES\t\t\t<\/a>\n\t\t<\/h3>\n\t\t\t\t<div class=\"elementor-post__meta-data\">\n\t\t\t\t\t<span class=\"elementor-post-date\">\n\t\t\t29 de Abril de 2026\t\t<\/span>\n\t\t\t\t<\/div>\n\t\t\n\t\t<a class=\"elementor-post__read-more\" href=\"https:\/\/www.hms.cl\/index.php\/2026\/04\/29\/minsal-se-reune-con-cje-para-coordinar-despliegue-del-hospital-militar-de-campana-en-los-angeles\/\" aria-label=\"Read more about MINSAL SE REUNE CON CJE PARA COORDINAR DESPLIEGUE DEL HOSPITAL MILITAR DE CAMPA\u00d1A EN LOS ANGELES\" tabindex=\"-1\" >\n\t\t\tLeer M\u00e1s\t\t<\/a>\n\n\t\t\t\t<\/div>\n\t\t\t\t<\/article>\n\t\t\t\t<article class=\"elementor-post elementor-grid-item post-11620 post type-post status-publish format-standard has-post-thumbnail hentry category-noticias\" role=\"listitem\">\n\t\t\t\t<a class=\"elementor-post__thumbnail__link\" href=\"https:\/\/www.hms.cl\/index.php\/2026\/04\/29\/con-alta-convocatoria-hms-conmemora-el-dia-del-libro\/\" tabindex=\"-1\" >\n\t\t\t<div class=\"elementor-post__thumbnail\"><img decoding=\"async\" width=\"519\" height=\"444\" src=\"https:\/\/www.hms.cl\/wp-content\/uploads\/2026\/04\/Dia-libro_web_2026_2.jpeg\" class=\"attachment-full size-full wp-image-11625\" alt=\"\" srcset=\"https:\/\/www.hms.cl\/wp-content\/uploads\/2026\/04\/Dia-libro_web_2026_2.jpeg 519w, https:\/\/www.hms.cl\/wp-content\/uploads\/2026\/04\/Dia-libro_web_2026_2-300x257.jpeg 300w\" sizes=\"(max-width: 519px) 100vw, 519px\" \/><\/div>\n\t\t<\/a>\n\t\t\t\t<div class=\"elementor-post__text\">\n\t\t\t\t<h3 class=\"elementor-post__title\">\n\t\t\t<a href=\"https:\/\/www.hms.cl\/index.php\/2026\/04\/29\/con-alta-convocatoria-hms-conmemora-el-dia-del-libro\/\" >\n\t\t\t\tCON ALTA CONVOCATORIA HMS CONMEMORA EL D\u00cdA DEL LIBRO\t\t\t<\/a>\n\t\t<\/h3>\n\t\t\t\t<div class=\"elementor-post__meta-data\">\n\t\t\t\t\t<span class=\"elementor-post-date\">\n\t\t\t29 de Abril de 2026\t\t<\/span>\n\t\t\t\t<\/div>\n\t\t\n\t\t<a class=\"elementor-post__read-more\" href=\"https:\/\/www.hms.cl\/index.php\/2026\/04\/29\/con-alta-convocatoria-hms-conmemora-el-dia-del-libro\/\" aria-label=\"Read more about CON ALTA CONVOCATORIA HMS CONMEMORA EL D\u00cdA DEL LIBRO\" tabindex=\"-1\" >\n\t\t\tLeer M\u00e1s\t\t<\/a>\n\n\t\t\t\t<\/div>\n\t\t\t\t<\/article>\n\t\t\t\t<article class=\"elementor-post elementor-grid-item post-11602 post type-post status-publish format-standard has-post-thumbnail hentry category-noticias\" role=\"listitem\">\n\t\t\t\t<a class=\"elementor-post__thumbnail__link\" href=\"https:\/\/www.hms.cl\/index.php\/2026\/04\/28\/hms-promueve-entornos-seguros-en-el-dia-mundial-de-la-seguridad-y-la-salud-en-el-trabajo\/\" tabindex=\"-1\" >\n\t\t\t<div class=\"elementor-post__thumbnail\"><img loading=\"lazy\" decoding=\"async\" width=\"519\" height=\"444\" src=\"https:\/\/www.hms.cl\/wp-content\/uploads\/2026\/04\/2_Dia-Salud-y-Trabajo_web_2026.jpeg\" class=\"attachment-full size-full wp-image-11616\" alt=\"\" srcset=\"https:\/\/www.hms.cl\/wp-content\/uploads\/2026\/04\/2_Dia-Salud-y-Trabajo_web_2026.jpeg 519w, https:\/\/www.hms.cl\/wp-content\/uploads\/2026\/04\/2_Dia-Salud-y-Trabajo_web_2026-300x257.jpeg 300w\" sizes=\"(max-width: 519px) 100vw, 519px\" \/><\/div>\n\t\t<\/a>\n\t\t\t\t<div class=\"elementor-post__text\">\n\t\t\t\t<h3 class=\"elementor-post__title\">\n\t\t\t<a href=\"https:\/\/www.hms.cl\/index.php\/2026\/04\/28\/hms-promueve-entornos-seguros-en-el-dia-mundial-de-la-seguridad-y-la-salud-en-el-trabajo\/\" >\n\t\t\t\tHMS PROMUEVE ENTORNOS SEGUROS EN EL D\u00cdA MUNDIAL DE LA SEGURIDAD Y LA SALUD EN EL TRABAJO\t\t\t<\/a>\n\t\t<\/h3>\n\t\t\t\t<div class=\"elementor-post__meta-data\">\n\t\t\t\t\t<span class=\"elementor-post-date\">\n\t\t\t28 de Abril de 2026\t\t<\/span>\n\t\t\t\t<\/div>\n\t\t\n\t\t<a class=\"elementor-post__read-more\" href=\"https:\/\/www.hms.cl\/index.php\/2026\/04\/28\/hms-promueve-entornos-seguros-en-el-dia-mundial-de-la-seguridad-y-la-salud-en-el-trabajo\/\" aria-label=\"Read more about HMS PROMUEVE ENTORNOS SEGUROS EN EL D\u00cdA MUNDIAL DE LA SEGURIDAD Y LA SALUD EN EL TRABAJO\" tabindex=\"-1\" >\n\t\t\tLeer M\u00e1s\t\t<\/a>\n\n\t\t\t\t<\/div>\n\t\t\t\t<\/article>\n\t\t\t\t<\/div>\n\t\t\n\t\t\t\t\t\t<\/div>\n\t\t\t\t<\/div>\n\t\t\t\t\t<\/div>\n\t\t\t\t<\/div>\n\t\t\t\t<\/div>\n\t\t","protected":false},"excerpt":{"rendered":"<p>Se calcula que el\u00a0tabaco mata a 8 millones de personas\u00a0cada a\u00f1o alrededor del mundo, que\u00a037 millones de ni\u00f1os, entre 13 y 15 a\u00f1os<\/p>\n","protected":false},"author":1,"featured_media":1601,"comment_status":"closed","ping_status":"open","sticky":false,"template":"","format":"standard","meta":{"footnotes":""},"categories":[8],"tags":[],"class_list":["post-1594","post","type-post","status-publish","format-standard","has-post-thumbnail","hentry","category-noticias"],"yoast_head":"<!-- This site is optimized with the Yoast SEO plugin v25.6 - https:\/\/yoast.com\/wordpress\/plugins\/seo\/ -->\n<title>D\u00cdA MUNDIAL SIN TABACO: UN LLAMADO A LA CONCIENCIA - Hospital Militar de Santiago<\/title>\n<meta name=\"robots\" content=\"index, follow, max-snippet:-1, max-image-preview:large, max-video-preview:-1\" \/>\n<link rel=\"canonical\" href=\"https:\/\/www.hms.cl\/index.php\/2025\/05\/31\/dia-mundial-sin-tabaco-un-llamado-a-la-conciencia\/\" \/>\n<meta property=\"og:locale\" content=\"es_ES\" \/>\n<meta property=\"og:type\" content=\"article\" \/>\n<meta property=\"og:title\" content=\"D\u00cdA MUNDIAL SIN TABACO: UN LLAMADO A LA CONCIENCIA - Hospital Militar de Santiago\" \/>\n<meta property=\"og:description\" content=\"Se calcula que el\u00a0tabaco mata a 8 millones de personas\u00a0cada a\u00f1o alrededor del mundo, que\u00a037 millones de ni\u00f1os, entre 13 y 15 a\u00f1os\" \/>\n<meta property=\"og:url\" content=\"https:\/\/www.hms.cl\/index.php\/2025\/05\/31\/dia-mundial-sin-tabaco-un-llamado-a-la-conciencia\/\" \/>\n<meta property=\"og:site_name\" content=\"Hospital Militar de Santiago\" \/>\n<meta property=\"article:publisher\" content=\"https:\/\/www.facebook.com\/hospitalmilitardesantiago\" \/>\n<meta property=\"article:published_time\" content=\"2025-05-31T11:00:01+00:00\" \/>\n<meta property=\"og:image\" content=\"https:\/\/www.hms.cl\/wp-content\/uploads\/2025\/05\/Dia-Sin-Tabaco-Portada.png\" \/>\n\t<meta property=\"og:image:width\" content=\"521\" \/>\n\t<meta property=\"og:image:height\" content=\"391\" \/>\n\t<meta property=\"og:image:type\" content=\"image\/png\" \/>\n<meta name=\"author\" content=\"Admin\" \/>\n<meta name=\"twitter:card\" content=\"summary_large_image\" \/>\n<meta name=\"twitter:creator\" content=\"@HosMilSantiago\" \/>\n<meta name=\"twitter:site\" content=\"@HosMilSantiago\" \/>\n<meta name=\"twitter:label1\" content=\"Escrito por\" \/>\n\t<meta name=\"twitter:data1\" content=\"Admin\" \/>\n\t<meta name=\"twitter:label2\" content=\"Tiempo estimado de lectura\" \/>\n\t<meta name=\"twitter:data2\" content=\"3 minutos\" \/>\n<script type=\"application\/ld+json\" class=\"yoast-schema-graph\">{\"@context\":\"https:\/\/schema.org\",\"@graph\":[{\"@type\":\"Article\",\"@id\":\"https:\/\/www.hms.cl\/index.php\/2025\/05\/31\/dia-mundial-sin-tabaco-un-llamado-a-la-conciencia\/#article\",\"isPartOf\":{\"@id\":\"https:\/\/www.hms.cl\/index.php\/2025\/05\/31\/dia-mundial-sin-tabaco-un-llamado-a-la-conciencia\/\"},\"author\":{\"name\":\"Admin\",\"@id\":\"https:\/\/www.hms.cl\/#\/schema\/person\/93186034b446672703627f9ef2d767ca\"},\"headline\":\"D\u00cdA MUNDIAL SIN TABACO: UN LLAMADO A LA CONCIENCIA\",\"datePublished\":\"2025-05-31T11:00:01+00:00\",\"mainEntityOfPage\":{\"@id\":\"https:\/\/www.hms.cl\/index.php\/2025\/05\/31\/dia-mundial-sin-tabaco-un-llamado-a-la-conciencia\/\"},\"wordCount\":280,\"publisher\":{\"@id\":\"https:\/\/www.hms.cl\/#organization\"},\"image\":{\"@id\":\"https:\/\/www.hms.cl\/index.php\/2025\/05\/31\/dia-mundial-sin-tabaco-un-llamado-a-la-conciencia\/#primaryimage\"},\"thumbnailUrl\":\"https:\/\/www.hms.cl\/wp-content\/uploads\/2025\/05\/Dia-Sin-Tabaco-Portada.png\",\"articleSection\":[\"Noticias\"],\"inLanguage\":\"es-CL\"},{\"@type\":\"WebPage\",\"@id\":\"https:\/\/www.hms.cl\/index.php\/2025\/05\/31\/dia-mundial-sin-tabaco-un-llamado-a-la-conciencia\/\",\"url\":\"https:\/\/www.hms.cl\/index.php\/2025\/05\/31\/dia-mundial-sin-tabaco-un-llamado-a-la-conciencia\/\",\"name\":\"D\u00cdA MUNDIAL SIN TABACO: UN LLAMADO A LA CONCIENCIA - Hospital Militar de Santiago\",\"isPartOf\":{\"@id\":\"https:\/\/www.hms.cl\/#website\"},\"primaryImageOfPage\":{\"@id\":\"https:\/\/www.hms.cl\/index.php\/2025\/05\/31\/dia-mundial-sin-tabaco-un-llamado-a-la-conciencia\/#primaryimage\"},\"image\":{\"@id\":\"https:\/\/www.hms.cl\/index.php\/2025\/05\/31\/dia-mundial-sin-tabaco-un-llamado-a-la-conciencia\/#primaryimage\"},\"thumbnailUrl\":\"https:\/\/www.hms.cl\/wp-content\/uploads\/2025\/05\/Dia-Sin-Tabaco-Portada.png\",\"datePublished\":\"2025-05-31T11:00:01+00:00\",\"breadcrumb\":{\"@id\":\"https:\/\/www.hms.cl\/index.php\/2025\/05\/31\/dia-mundial-sin-tabaco-un-llamado-a-la-conciencia\/#breadcrumb\"},\"inLanguage\":\"es-CL\",\"potentialAction\":[{\"@type\":\"ReadAction\",\"target\":[\"https:\/\/www.hms.cl\/index.php\/2025\/05\/31\/dia-mundial-sin-tabaco-un-llamado-a-la-conciencia\/\"]}]},{\"@type\":\"ImageObject\",\"inLanguage\":\"es-CL\",\"@id\":\"https:\/\/www.hms.cl\/index.php\/2025\/05\/31\/dia-mundial-sin-tabaco-un-llamado-a-la-conciencia\/#primaryimage\",\"url\":\"https:\/\/www.hms.cl\/wp-content\/uploads\/2025\/05\/Dia-Sin-Tabaco-Portada.png\",\"contentUrl\":\"https:\/\/www.hms.cl\/wp-content\/uploads\/2025\/05\/Dia-Sin-Tabaco-Portada.png\",\"width\":521,\"height\":391},{\"@type\":\"BreadcrumbList\",\"@id\":\"https:\/\/www.hms.cl\/index.php\/2025\/05\/31\/dia-mundial-sin-tabaco-un-llamado-a-la-conciencia\/#breadcrumb\",\"itemListElement\":[{\"@type\":\"ListItem\",\"position\":1,\"name\":\"Home\",\"item\":\"https:\/\/www.hms.cl\/\"},{\"@type\":\"ListItem\",\"position\":2,\"name\":\"D\u00cdA MUNDIAL SIN TABACO: UN LLAMADO A LA CONCIENCIA\"}]},{\"@type\":\"WebSite\",\"@id\":\"https:\/\/www.hms.cl\/#website\",\"url\":\"https:\/\/www.hms.cl\/\",\"name\":\"Hospital Militar de Santiago\",\"description\":\"\",\"publisher\":{\"@id\":\"https:\/\/www.hms.cl\/#organization\"},\"potentialAction\":[{\"@type\":\"SearchAction\",\"target\":{\"@type\":\"EntryPoint\",\"urlTemplate\":\"https:\/\/www.hms.cl\/?s={search_term_string}\"},\"query-input\":{\"@type\":\"PropertyValueSpecification\",\"valueRequired\":true,\"valueName\":\"search_term_string\"}}],\"inLanguage\":\"es-CL\"},{\"@type\":\"Organization\",\"@id\":\"https:\/\/www.hms.cl\/#organization\",\"name\":\"Hospital Militar de Santiago\",\"url\":\"https:\/\/www.hms.cl\/\",\"logo\":{\"@type\":\"ImageObject\",\"inLanguage\":\"es-CL\",\"@id\":\"https:\/\/www.hms.cl\/#\/schema\/logo\/image\/\",\"url\":\"https:\/\/www.hms.cl\/wp-content\/uploads\/2025\/07\/Logo-Vertical-Mediano.png\",\"contentUrl\":\"https:\/\/www.hms.cl\/wp-content\/uploads\/2025\/07\/Logo-Vertical-Mediano.png\",\"width\":1280,\"height\":720,\"caption\":\"Hospital Militar de Santiago\"},\"image\":{\"@id\":\"https:\/\/www.hms.cl\/#\/schema\/logo\/image\/\"},\"sameAs\":[\"https:\/\/www.facebook.com\/hospitalmilitardesantiago\",\"https:\/\/x.com\/HosMilSantiago\",\"https:\/\/www.instagram.com\/hospitalmilitardesantiago\/\",\"https:\/\/www.linkedin.com\/company\/hospital-militar-de-santiago-hosmil\",\"https:\/\/www.youtube.com\/c\/HMSVIDEO\"]},{\"@type\":\"Person\",\"@id\":\"https:\/\/www.hms.cl\/#\/schema\/person\/93186034b446672703627f9ef2d767ca\",\"name\":\"Admin\",\"image\":{\"@type\":\"ImageObject\",\"inLanguage\":\"es-CL\",\"@id\":\"https:\/\/www.hms.cl\/#\/schema\/person\/image\/\",\"url\":\"https:\/\/secure.gravatar.com\/avatar\/9384d0095fd3da50dc372f84c8bcde28aac29e86759f23fd0cfb33f9820a4e50?s=96&d=mm&r=g\",\"contentUrl\":\"https:\/\/secure.gravatar.com\/avatar\/9384d0095fd3da50dc372f84c8bcde28aac29e86759f23fd0cfb33f9820a4e50?s=96&d=mm&r=g\",\"caption\":\"Admin\"},\"sameAs\":[\"http:\/\/10.10.50.51\"],\"url\":\"https:\/\/www.hms.cl\/index.php\/author\/admin\/\"}]}<\/script>\n<!-- \/ Yoast SEO plugin. -->","yoast_head_json":{"title":"D\u00cdA MUNDIAL SIN TABACO: UN LLAMADO A LA CONCIENCIA - Hospital Militar de Santiago","robots":{"index":"index","follow":"follow","max-snippet":"max-snippet:-1","max-image-preview":"max-image-preview:large","max-video-preview":"max-video-preview:-1"},"canonical":"https:\/\/www.hms.cl\/index.php\/2025\/05\/31\/dia-mundial-sin-tabaco-un-llamado-a-la-conciencia\/","og_locale":"es_ES","og_type":"article","og_title":"D\u00cdA MUNDIAL SIN TABACO: UN LLAMADO A LA CONCIENCIA - Hospital Militar de Santiago","og_description":"Se calcula que el\u00a0tabaco mata a 8 millones de personas\u00a0cada a\u00f1o alrededor del mundo, que\u00a037 millones de ni\u00f1os, entre 13 y 15 a\u00f1os","og_url":"https:\/\/www.hms.cl\/index.php\/2025\/05\/31\/dia-mundial-sin-tabaco-un-llamado-a-la-conciencia\/","og_site_name":"Hospital Militar de Santiago","article_publisher":"https:\/\/www.facebook.com\/hospitalmilitardesantiago","article_published_time":"2025-05-31T11:00:01+00:00","og_image":[{"width":521,"height":391,"url":"https:\/\/www.hms.cl\/wp-content\/uploads\/2025\/05\/Dia-Sin-Tabaco-Portada.png","type":"image\/png"}],"author":"Admin","twitter_card":"summary_large_image","twitter_creator":"@HosMilSantiago","twitter_site":"@HosMilSantiago","twitter_misc":{"Escrito por":"Admin","Tiempo estimado de lectura":"3 minutos"},"schema":{"@context":"https:\/\/schema.org","@graph":[{"@type":"Article","@id":"https:\/\/www.hms.cl\/index.php\/2025\/05\/31\/dia-mundial-sin-tabaco-un-llamado-a-la-conciencia\/#article","isPartOf":{"@id":"https:\/\/www.hms.cl\/index.php\/2025\/05\/31\/dia-mundial-sin-tabaco-un-llamado-a-la-conciencia\/"},"author":{"name":"Admin","@id":"https:\/\/www.hms.cl\/#\/schema\/person\/93186034b446672703627f9ef2d767ca"},"headline":"D\u00cdA MUNDIAL SIN TABACO: UN LLAMADO A LA CONCIENCIA","datePublished":"2025-05-31T11:00:01+00:00","mainEntityOfPage":{"@id":"https:\/\/www.hms.cl\/index.php\/2025\/05\/31\/dia-mundial-sin-tabaco-un-llamado-a-la-conciencia\/"},"wordCount":280,"publisher":{"@id":"https:\/\/www.hms.cl\/#organization"},"image":{"@id":"https:\/\/www.hms.cl\/index.php\/2025\/05\/31\/dia-mundial-sin-tabaco-un-llamado-a-la-conciencia\/#primaryimage"},"thumbnailUrl":"https:\/\/www.hms.cl\/wp-content\/uploads\/2025\/05\/Dia-Sin-Tabaco-Portada.png","articleSection":["Noticias"],"inLanguage":"es-CL"},{"@type":"WebPage","@id":"https:\/\/www.hms.cl\/index.php\/2025\/05\/31\/dia-mundial-sin-tabaco-un-llamado-a-la-conciencia\/","url":"https:\/\/www.hms.cl\/index.php\/2025\/05\/31\/dia-mundial-sin-tabaco-un-llamado-a-la-conciencia\/","name":"D\u00cdA MUNDIAL SIN TABACO: UN LLAMADO A LA CONCIENCIA - Hospital Militar de Santiago","isPartOf":{"@id":"https:\/\/www.hms.cl\/#website"},"primaryImageOfPage":{"@id":"https:\/\/www.hms.cl\/index.php\/2025\/05\/31\/dia-mundial-sin-tabaco-un-llamado-a-la-conciencia\/#primaryimage"},"image":{"@id":"https:\/\/www.hms.cl\/index.php\/2025\/05\/31\/dia-mundial-sin-tabaco-un-llamado-a-la-conciencia\/#primaryimage"},"thumbnailUrl":"https:\/\/www.hms.cl\/wp-content\/uploads\/2025\/05\/Dia-Sin-Tabaco-Portada.png","datePublished":"2025-05-31T11:00:01+00:00","breadcrumb":{"@id":"https:\/\/www.hms.cl\/index.php\/2025\/05\/31\/dia-mundial-sin-tabaco-un-llamado-a-la-conciencia\/#breadcrumb"},"inLanguage":"es-CL","potentialAction":[{"@type":"ReadAction","target":["https:\/\/www.hms.cl\/index.php\/2025\/05\/31\/dia-mundial-sin-tabaco-un-llamado-a-la-conciencia\/"]}]},{"@type":"ImageObject","inLanguage":"es-CL","@id":"https:\/\/www.hms.cl\/index.php\/2025\/05\/31\/dia-mundial-sin-tabaco-un-llamado-a-la-conciencia\/#primaryimage","url":"https:\/\/www.hms.cl\/wp-content\/uploads\/2025\/05\/Dia-Sin-Tabaco-Portada.png","contentUrl":"https:\/\/www.hms.cl\/wp-content\/uploads\/2025\/05\/Dia-Sin-Tabaco-Portada.png","width":521,"height":391},{"@type":"BreadcrumbList","@id":"https:\/\/www.hms.cl\/index.php\/2025\/05\/31\/dia-mundial-sin-tabaco-un-llamado-a-la-conciencia\/#breadcrumb","itemListElement":[{"@type":"ListItem","position":1,"name":"Home","item":"https:\/\/www.hms.cl\/"},{"@type":"ListItem","position":2,"name":"D\u00cdA MUNDIAL SIN TABACO: UN LLAMADO A LA CONCIENCIA"}]},{"@type":"WebSite","@id":"https:\/\/www.hms.cl\/#website","url":"https:\/\/www.hms.cl\/","name":"Hospital Militar de Santiago","description":"","publisher":{"@id":"https:\/\/www.hms.cl\/#organization"},"potentialAction":[{"@type":"SearchAction","target":{"@type":"EntryPoint","urlTemplate":"https:\/\/www.hms.cl\/?s={search_term_string}"},"query-input":{"@type":"PropertyValueSpecification","valueRequired":true,"valueName":"search_term_string"}}],"inLanguage":"es-CL"},{"@type":"Organization","@id":"https:\/\/www.hms.cl\/#organization","name":"Hospital Militar de Santiago","url":"https:\/\/www.hms.cl\/","logo":{"@type":"ImageObject","inLanguage":"es-CL","@id":"https:\/\/www.hms.cl\/#\/schema\/logo\/image\/","url":"https:\/\/www.hms.cl\/wp-content\/uploads\/2025\/07\/Logo-Vertical-Mediano.png","contentUrl":"https:\/\/www.hms.cl\/wp-content\/uploads\/2025\/07\/Logo-Vertical-Mediano.png","width":1280,"height":720,"caption":"Hospital Militar de Santiago"},"image":{"@id":"https:\/\/www.hms.cl\/#\/schema\/logo\/image\/"},"sameAs":["https:\/\/www.facebook.com\/hospitalmilitardesantiago","https:\/\/x.com\/HosMilSantiago","https:\/\/www.instagram.com\/hospitalmilitardesantiago\/","https:\/\/www.linkedin.com\/company\/hospital-militar-de-santiago-hosmil","https:\/\/www.youtube.com\/c\/HMSVIDEO"]},{"@type":"Person","@id":"https:\/\/www.hms.cl\/#\/schema\/person\/93186034b446672703627f9ef2d767ca","name":"Admin","image":{"@type":"ImageObject","inLanguage":"es-CL","@id":"https:\/\/www.hms.cl\/#\/schema\/person\/image\/","url":"https:\/\/secure.gravatar.com\/avatar\/9384d0095fd3da50dc372f84c8bcde28aac29e86759f23fd0cfb33f9820a4e50?s=96&d=mm&r=g","contentUrl":"https:\/\/secure.gravatar.com\/avatar\/9384d0095fd3da50dc372f84c8bcde28aac29e86759f23fd0cfb33f9820a4e50?s=96&d=mm&r=g","caption":"Admin"},"sameAs":["http:\/\/10.10.50.51"],"url":"https:\/\/www.hms.cl\/index.php\/author\/admin\/"}]}},"_links":{"self":[{"href":"https:\/\/www.hms.cl\/index.php\/wp-json\/wp\/v2\/posts\/1594","targetHints":{"allow":["GET"]}}],"collection":[{"href":"https:\/\/www.hms.cl\/index.php\/wp-json\/wp\/v2\/posts"}],"about":[{"href":"https:\/\/www.hms.cl\/index.php\/wp-json\/wp\/v2\/types\/post"}],"author":[{"embeddable":true,"href":"https:\/\/www.hms.cl\/index.php\/wp-json\/wp\/v2\/users\/1"}],"replies":[{"embeddable":true,"href":"https:\/\/www.hms.cl\/index.php\/wp-json\/wp\/v2\/comments?post=1594"}],"version-history":[{"count":6,"href":"https:\/\/www.hms.cl\/index.php\/wp-json\/wp\/v2\/posts\/1594\/revisions"}],"predecessor-version":[{"id":1611,"href":"https:\/\/www.hms.cl\/index.php\/wp-json\/wp\/v2\/posts\/1594\/revisions\/1611"}],"wp:featuredmedia":[{"embeddable":true,"href":"https:\/\/www.hms.cl\/index.php\/wp-json\/wp\/v2\/media\/1601"}],"wp:attachment":[{"href":"https:\/\/www.hms.cl\/index.php\/wp-json\/wp\/v2\/media?parent=1594"}],"wp:term":[{"taxonomy":"category","embeddable":true,"href":"https:\/\/www.hms.cl\/index.php\/wp-json\/wp\/v2\/categories?post=1594"},{"taxonomy":"post_tag","embeddable":true,"href":"https:\/\/www.hms.cl\/index.php\/wp-json\/wp\/v2\/tags?post=1594"}],"curies":[{"name":"wp","href":"https:\/\/api.w.org\/{rel}","templated":true}]}}