{"id":13191,"date":"2026-09-02T11:39:53","date_gmt":"2026-09-02T15:39:53","guid":{"rendered":"https:\/\/www.hms.cl\/?p=13191"},"modified":"2026-09-02T12:50:17","modified_gmt":"2026-09-02T16:50:17","slug":"hms-y-operativo-de-memoria-para-promover-la-prevencion-en-personas-mayores","status":"publish","type":"post","link":"https:\/\/www.hms.cl\/index.php\/2026\/09\/02\/hms-y-operativo-de-memoria-para-promover-la-prevencion-en-personas-mayores\/","title":{"rendered":"HMS Y \u201cOPERATIVO DE MEMORIA\u201d: PARA PROMOVER LA PREVENCI\u00d3N EN PERSONAS MAYORES"},"content":{"rendered":"\t\t<div data-elementor-type=\"wp-post\" data-elementor-id=\"13191\" class=\"elementor elementor-13191\" data-elementor-post-type=\"post\">\n\t\t\t\t<div class=\"elementor-element elementor-element-6c867197 e-flex e-con-boxed e-con e-parent\" data-id=\"6c867197\" data-element_type=\"container\" data-e-type=\"container\">\n\t\t\t\t\t<div class=\"e-con-inner\">\n\t\t\t\t<div class=\"elementor-element elementor-element-79071aae elementor-widget elementor-widget-heading\" data-id=\"79071aae\" data-element_type=\"widget\" data-e-type=\"widget\" data-widget_type=\"heading.default\">\n\t\t\t\t<div class=\"elementor-widget-container\">\n\t\t\t\t\t<h2 class=\"elementor-heading-title elementor-size-default\">HMS Y \u201cOPERATIVO DE MEMORIA\u201d: PARA PROMOVER LA PREVENCI\u00d3N EN PERSONAS MAYORES<\/h2>\t\t\t\t<\/div>\n\t\t\t\t<\/div>\n\t\t\t\t\t<\/div>\n\t\t\t\t<\/div>\n\t\t<div class=\"elementor-element elementor-element-760d2172 e-flex e-con-boxed e-con e-parent\" data-id=\"760d2172\" data-element_type=\"container\" data-e-type=\"container\">\n\t\t\t\t\t<div class=\"e-con-inner\">\n\t\t<div class=\"elementor-element elementor-element-5ea5941e e-con-full e-flex e-con e-child\" data-id=\"5ea5941e\" data-element_type=\"container\" data-e-type=\"container\">\n\t\t\t\t<div class=\"elementor-element elementor-element-7926fed0 elementor-widget elementor-widget-text-editor\" data-id=\"7926fed0\" data-element_type=\"widget\" data-e-type=\"widget\" data-widget_type=\"text-editor.default\">\n\t\t\t\t<div class=\"elementor-widget-container\">\n\t\t\t\t\t\t\t\t\t<p>Una buena memoria tambi\u00e9n se cuida. Con esa premisa, <strong>63 personas mayores participaron en una nueva versi\u00f3n del \u201cOperativo de Memoria\u201d<\/strong> del Hospital Militar de Santiago (HMS), iniciativa gratuita impulsada por la Unidad de Geriatr\u00eda de Agudos (UGA) para promover la prevenci\u00f3n y detectar oportunamente posibles alteraciones cognitivas.<\/p><p>Durante la jornada, los participantes realizaron <strong>controles de signos vitales, entrevistas de salud y evaluaciones de memoria<\/strong>, con la posibilidad de ser derivados en el momento a los distintos profesionales que integran el equipo multidisciplinario de la UGA.<\/p><p>\u201cEstamos muy contentos de participar nuevamente en este operativo, porque nos ayuda a prevenir y mejorar la calidad de vida de las personas mayores\u201d, destac\u00f3 el <strong>m\u00e9dico internista de la UGA, Jos\u00e9 Ignacio Salas P\u00e9rez<\/strong>, quien valor\u00f3 el trabajo conjunto de m\u00e9dicos geriatras, kinesi\u00f3logos, nutricionistas, asistentes sociales, fonoaudi\u00f3logos, terapeutas ocupacionales, enfermeras y TENS geriatras.<\/p><p>La <strong>fonoaudi\u00f3loga Carolina D\u00edaz Carre\u00f1o<\/strong> resalt\u00f3 la importancia de esta instancia, ya que \u201cla memoria influye directamente en la comunicaci\u00f3n y el lenguaje de los adultos mayores\u201d. En ese sentido, explic\u00f3 que el operativo permite \u201cprevenir, diagnosticar a tiempo y ayudar ante una eventual progresi\u00f3n hacia una demencia\u201d.<\/p><p><strong>Con alumnas de la U los Andes<\/strong><\/p><p>La jornada tambi\u00e9n incorpor\u00f3 un componente formativo. <strong>Loreto Haase Espa\u00f1a, T\u00e9cnico en Enfermer\u00eda de la UGA<\/strong>, destac\u00f3 la participaci\u00f3n de alumnas de Enfermer\u00eda de la Universidad de Los Andes, quienes tuvieron la oportunidad de adquirir experiencia en la atenci\u00f3n de personas mayores y en la aplicaci\u00f3n de pruebas de memoria.<\/p><p>El valor de este tipo de iniciativas tambi\u00e9n se refleja en las experiencias de sus participantes, ya que el chequeo preventivo puede permitir detectar otras condiciones de salud que requieren atenci\u00f3n.<\/p><p>As\u00ed ocurri\u00f3 con <strong>Carlos Guti\u00e9rrez Pino, paciente del HMS<\/strong>, quien durante el operativo descubri\u00f3 que presentaba algunos problemas de hipertensi\u00f3n y fue derivado a otro especialista. \u201cEncuentro que estos operativos son muy beneficiosos. Ha sido s\u00faper importante porque detectaron que estaba con algunos problemas de hipertensi\u00f3n\u201d, coment\u00f3. Para <strong>Marcela Ponce Paredes<\/strong>, la actividad fue una grata sorpresa. Hab\u00eda llegado al hospital para realizarse otro examen y termin\u00f3 participando del operativo. \u201cEstaba este operativo que me encant\u00f3, me atendieron s\u00faper bien (\u2026) lo encontr\u00e9 una muy buena iniciativa, los felicito\u201d, enfatiz\u00f3.<\/p><p>De esta manera, el <strong>\u201cOperativo de Memoria del HMS\u201d se consolida<\/strong> como una instancia que va m\u00e1s all\u00e1 de la evaluaci\u00f3n cognitiva, entregando prevenci\u00f3n, orientaci\u00f3n y cuidado integral a las personas mayores.<\/p>\t\t\t\t\t\t\t\t<\/div>\n\t\t\t\t<\/div>\n\t\t\t\t<\/div>\n\t\t<div class=\"elementor-element elementor-element-3ff7d081 e-con-full e-flex e-con e-child\" data-id=\"3ff7d081\" data-element_type=\"container\" data-e-type=\"container\">\n\t\t\t\t<div class=\"elementor-element elementor-element-9d1a24f elementor-widget elementor-widget-video\" data-id=\"9d1a24f\" data-element_type=\"widget\" data-e-type=\"widget\" data-settings=\"{&quot;youtube_url&quot;:&quot;https:\\\/\\\/youtube.com\\\/shorts\\\/8lLsaRyeFrA&quot;,&quot;video_type&quot;:&quot;youtube&quot;,&quot;controls&quot;:&quot;yes&quot;}\" data-widget_type=\"video.default\">\n\t\t\t\t<div class=\"elementor-widget-container\">\n\t\t\t\t\t\t\t<div class=\"elementor-wrapper elementor-open-inline\">\n\t\t\t<div class=\"elementor-video\"><\/div>\t\t<\/div>\n\t\t\t\t\t\t<\/div>\n\t\t\t\t<\/div>\n\t\t\t\t<div class=\"elementor-element elementor-element-b639bbe elementor-widget-divider--view-line elementor-widget elementor-widget-divider\" data-id=\"b639bbe\" data-element_type=\"widget\" data-e-type=\"widget\" data-widget_type=\"divider.default\">\n\t\t\t\t<div class=\"elementor-widget-container\">\n\t\t\t\t\t\t\t<div class=\"elementor-divider\">\n\t\t\t<span class=\"elementor-divider-separator\">\n\t\t\t\t\t\t<\/span>\n\t\t<\/div>\n\t\t\t\t\t\t<\/div>\n\t\t\t\t<\/div>\n\t\t\t\t<\/div>\n\t\t\t\t\t<\/div>\n\t\t\t\t<\/div>\n\t\t<div class=\"elementor-element elementor-element-1dce95d4 e-flex e-con-boxed e-con e-parent\" data-id=\"1dce95d4\" data-element_type=\"container\" data-e-type=\"container\">\n\t\t\t\t\t<div class=\"e-con-inner\">\n\t\t\t\t<div class=\"elementor-element elementor-element-1a8146df elementor-widget-divider--view-line elementor-widget elementor-widget-divider\" data-id=\"1a8146df\" data-element_type=\"widget\" data-e-type=\"widget\" data-widget_type=\"divider.default\">\n\t\t\t\t<div class=\"elementor-widget-container\">\n\t\t\t\t\t\t\t<div class=\"elementor-divider\">\n\t\t\t<span class=\"elementor-divider-separator\">\n\t\t\t\t\t\t<\/span>\n\t\t<\/div>\n\t\t\t\t\t\t<\/div>\n\t\t\t\t<\/div>\n\t\t\t\t\t<\/div>\n\t\t\t\t<\/div>\n\t\t<div class=\"elementor-element elementor-element-4730dfaa e-flex e-con-boxed e-con e-parent\" data-id=\"4730dfaa\" data-element_type=\"container\" data-e-type=\"container\">\n\t\t\t\t\t<div class=\"e-con-inner\">\n\t\t\t\t<div class=\"elementor-element elementor-element-1640fa2a elementor-grid-3 elementor-grid-tablet-2 elementor-grid-mobile-1 elementor-posts--thumbnail-top elementor-card-shadow-yes elementor-posts__hover-gradient elementor-widget elementor-widget-posts\" data-id=\"1640fa2a\" data-element_type=\"widget\" data-e-type=\"widget\" data-settings=\"{&quot;cards_columns&quot;:&quot;3&quot;,&quot;cards_columns_tablet&quot;:&quot;2&quot;,&quot;cards_columns_mobile&quot;:&quot;1&quot;,&quot;cards_row_gap&quot;:{&quot;unit&quot;:&quot;px&quot;,&quot;size&quot;:35,&quot;sizes&quot;:[]},&quot;cards_row_gap_tablet&quot;:{&quot;unit&quot;:&quot;px&quot;,&quot;size&quot;:&quot;&quot;,&quot;sizes&quot;:[]},&quot;cards_row_gap_mobile&quot;:{&quot;unit&quot;:&quot;px&quot;,&quot;size&quot;:&quot;&quot;,&quot;sizes&quot;:[]}}\" data-widget_type=\"posts.cards\">\n\t\t\t\t<div class=\"elementor-widget-container\">\n\t\t\t\t\t\t\t<div class=\"elementor-posts-container elementor-posts elementor-posts--skin-cards elementor-grid\" role=\"list\">\n\t\t\t\t<article class=\"elementor-post elementor-grid-item post-13191 post type-post status-publish format-standard has-post-thumbnail hentry category-noticias\" role=\"listitem\">\n\t\t\t<div class=\"elementor-post__card\">\n\t\t\t\t<a class=\"elementor-post__thumbnail__link\" href=\"https:\/\/www.hms.cl\/index.php\/2026\/09\/02\/hms-y-operativo-de-memoria-para-promover-la-prevencion-en-personas-mayores\/\" tabindex=\"-1\" ><div class=\"elementor-post__thumbnail\"><img fetchpriority=\"high\" decoding=\"async\" width=\"300\" height=\"257\" src=\"https:\/\/www.hms.cl\/wp-content\/uploads\/2026\/09\/Operativo-de-Memoria-Web-300x257.jpg\" class=\"attachment-medium size-medium wp-image-13207\" alt=\"\" srcset=\"https:\/\/www.hms.cl\/wp-content\/uploads\/2026\/09\/Operativo-de-Memoria-Web-300x257.jpg 300w, https:\/\/www.hms.cl\/wp-content\/uploads\/2026\/09\/Operativo-de-Memoria-Web-1024x876.jpg 1024w, https:\/\/www.hms.cl\/wp-content\/uploads\/2026\/09\/Operativo-de-Memoria-Web-768x657.jpg 768w, https:\/\/www.hms.cl\/wp-content\/uploads\/2026\/09\/Operativo-de-Memoria-Web-1536x1314.jpg 1536w, https:\/\/www.hms.cl\/wp-content\/uploads\/2026\/09\/Operativo-de-Memoria-Web-2048x1752.jpg 2048w\" sizes=\"(max-width: 300px) 100vw, 300px\" \/><\/div><\/a>\n\t\t\t\t<div class=\"elementor-post__badge\">Noticias<\/div>\n\t\t\t\t<div class=\"elementor-post__text\">\n\t\t\t\t<h3 class=\"elementor-post__title\">\n\t\t\t<a href=\"https:\/\/www.hms.cl\/index.php\/2026\/09\/02\/hms-y-operativo-de-memoria-para-promover-la-prevencion-en-personas-mayores\/\" >\n\t\t\t\tHMS Y \u201cOPERATIVO DE MEMORIA\u201d: PARA PROMOVER LA PREVENCI\u00d3N EN PERSONAS MAYORES\t\t\t<\/a>\n\t\t<\/h3>\n\t\t\t\t\t<div class=\"elementor-post__read-more-wrapper\">\n\t\t\n\t\t<a class=\"elementor-post__read-more\" href=\"https:\/\/www.hms.cl\/index.php\/2026\/09\/02\/hms-y-operativo-de-memoria-para-promover-la-prevencion-en-personas-mayores\/\" aria-label=\"Read more about HMS Y \u201cOPERATIVO DE MEMORIA\u201d: PARA PROMOVER LA PREVENCI\u00d3N EN PERSONAS MAYORES\" tabindex=\"-1\" >\n\t\t\tLeer M\u00e1s\t\t<\/a>\n\n\t\t\t\t\t<\/div>\n\t\t\t\t<\/div>\n\t\t\t\t<div class=\"elementor-post__meta-data\">\n\t\t\t\t\t<span class=\"elementor-post-date\">\n\t\t\t2 de Septiembre de 2026\t\t<\/span>\n\t\t\t\t<\/div>\n\t\t\t\t\t<\/div>\n\t\t<\/article>\n\t\t\t\t<article class=\"elementor-post elementor-grid-item post-13139 post type-post status-publish format-standard has-post-thumbnail hentry category-noticias\" role=\"listitem\">\n\t\t\t<div class=\"elementor-post__card\">\n\t\t\t\t<a class=\"elementor-post__thumbnail__link\" href=\"https:\/\/www.hms.cl\/index.php\/2026\/09\/01\/hms-se-sumo-a-la-conmemoracion-del-natalicio-de-bernardo-ohiggins\/\" tabindex=\"-1\" ><div class=\"elementor-post__thumbnail\"><img decoding=\"async\" width=\"300\" height=\"257\" src=\"https:\/\/www.hms.cl\/wp-content\/uploads\/2026\/09\/Natalicio-WEB-300x257.jpg\" class=\"attachment-medium size-medium wp-image-13147\" alt=\"\" srcset=\"https:\/\/www.hms.cl\/wp-content\/uploads\/2026\/09\/Natalicio-WEB-300x257.jpg 300w, https:\/\/www.hms.cl\/wp-content\/uploads\/2026\/09\/Natalicio-WEB-1024x876.jpg 1024w, https:\/\/www.hms.cl\/wp-content\/uploads\/2026\/09\/Natalicio-WEB-768x657.jpg 768w, https:\/\/www.hms.cl\/wp-content\/uploads\/2026\/09\/Natalicio-WEB-1536x1314.jpg 1536w, https:\/\/www.hms.cl\/wp-content\/uploads\/2026\/09\/Natalicio-WEB-2048x1752.jpg 2048w\" sizes=\"(max-width: 300px) 100vw, 300px\" \/><\/div><\/a>\n\t\t\t\t<div class=\"elementor-post__badge\">Noticias<\/div>\n\t\t\t\t<div class=\"elementor-post__text\">\n\t\t\t\t<h3 class=\"elementor-post__title\">\n\t\t\t<a href=\"https:\/\/www.hms.cl\/index.php\/2026\/09\/01\/hms-se-sumo-a-la-conmemoracion-del-natalicio-de-bernardo-ohiggins\/\" >\n\t\t\t\tHMS SE SUM\u00d3 A LA CONMEMORACI\u00d3N DEL NATALICIO DE BERNARDO O\u2019HIGGINS\t\t\t<\/a>\n\t\t<\/h3>\n\t\t\t\t\t<div class=\"elementor-post__read-more-wrapper\">\n\t\t\n\t\t<a class=\"elementor-post__read-more\" href=\"https:\/\/www.hms.cl\/index.php\/2026\/09\/01\/hms-se-sumo-a-la-conmemoracion-del-natalicio-de-bernardo-ohiggins\/\" aria-label=\"Read more about HMS SE SUM\u00d3 A LA CONMEMORACI\u00d3N DEL NATALICIO DE BERNARDO O\u2019HIGGINS\" tabindex=\"-1\" >\n\t\t\tLeer M\u00e1s\t\t<\/a>\n\n\t\t\t\t\t<\/div>\n\t\t\t\t<\/div>\n\t\t\t\t<div class=\"elementor-post__meta-data\">\n\t\t\t\t\t<span class=\"elementor-post-date\">\n\t\t\t1 de Septiembre de 2026\t\t<\/span>\n\t\t\t\t<\/div>\n\t\t\t\t\t<\/div>\n\t\t<\/article>\n\t\t\t\t<article class=\"elementor-post elementor-grid-item post-13104 post type-post status-publish format-standard has-post-thumbnail hentry category-noticias\" role=\"listitem\">\n\t\t\t<div class=\"elementor-post__card\">\n\t\t\t\t<a class=\"elementor-post__thumbnail__link\" href=\"https:\/\/www.hms.cl\/index.php\/2026\/08\/28\/arsenales-de-guerra-se-suma-a-nuevo-operativo-de-donacion-de-sangre\/\" tabindex=\"-1\" ><div class=\"elementor-post__thumbnail\"><img decoding=\"async\" width=\"300\" height=\"225\" src=\"https:\/\/www.hms.cl\/wp-content\/uploads\/2026\/08\/DONACION-DE-SANGRE-ARSENALES-DE-GUERRA-Portada-300x225.jpeg\" class=\"attachment-medium size-medium wp-image-13113\" alt=\"\" srcset=\"https:\/\/www.hms.cl\/wp-content\/uploads\/2026\/08\/DONACION-DE-SANGRE-ARSENALES-DE-GUERRA-Portada-300x225.jpeg 300w, https:\/\/www.hms.cl\/wp-content\/uploads\/2026\/08\/DONACION-DE-SANGRE-ARSENALES-DE-GUERRA-Portada-1024x768.jpeg 1024w, https:\/\/www.hms.cl\/wp-content\/uploads\/2026\/08\/DONACION-DE-SANGRE-ARSENALES-DE-GUERRA-Portada-768x576.jpeg 768w, https:\/\/www.hms.cl\/wp-content\/uploads\/2026\/08\/DONACION-DE-SANGRE-ARSENALES-DE-GUERRA-Portada-1536x1152.jpeg 1536w, https:\/\/www.hms.cl\/wp-content\/uploads\/2026\/08\/DONACION-DE-SANGRE-ARSENALES-DE-GUERRA-Portada.jpeg 1600w\" sizes=\"(max-width: 300px) 100vw, 300px\" \/><\/div><\/a>\n\t\t\t\t<div class=\"elementor-post__badge\">Noticias<\/div>\n\t\t\t\t<div class=\"elementor-post__text\">\n\t\t\t\t<h3 class=\"elementor-post__title\">\n\t\t\t<a href=\"https:\/\/www.hms.cl\/index.php\/2026\/08\/28\/arsenales-de-guerra-se-suma-a-nuevo-operativo-de-donacion-de-sangre\/\" >\n\t\t\t\tARSENALES DE GUERRA SE SUMA A NUEVO OPERATIVO DE DONACI\u00d3N DE SANGRE\t\t\t<\/a>\n\t\t<\/h3>\n\t\t\t\t\t<div class=\"elementor-post__read-more-wrapper\">\n\t\t\n\t\t<a class=\"elementor-post__read-more\" href=\"https:\/\/www.hms.cl\/index.php\/2026\/08\/28\/arsenales-de-guerra-se-suma-a-nuevo-operativo-de-donacion-de-sangre\/\" aria-label=\"Read more about ARSENALES DE GUERRA SE SUMA A NUEVO OPERATIVO DE DONACI\u00d3N DE SANGRE\" tabindex=\"-1\" >\n\t\t\tLeer M\u00e1s\t\t<\/a>\n\n\t\t\t\t\t<\/div>\n\t\t\t\t<\/div>\n\t\t\t\t<div class=\"elementor-post__meta-data\">\n\t\t\t\t\t<span class=\"elementor-post-date\">\n\t\t\t28 de Agosto de 2026\t\t<\/span>\n\t\t\t\t<\/div>\n\t\t\t\t\t<\/div>\n\t\t<\/article>\n\t\t\t\t<\/div>\n\t\t\n\t\t\t\t\t\t<\/div>\n\t\t\t\t<\/div>\n\t\t\t\t\t<\/div>\n\t\t\t\t<\/div>\n\t\t\t\t<\/div>\n\t\t","protected":false},"excerpt":{"rendered":"<p>Una buena memoria tambi\u00e9n se cuida. Con esa premisa, 63 personas mayores participaron en una nueva versi\u00f3n del \u201cOperativo de Memoria\u201d<\/p>\n","protected":false},"author":1,"featured_media":13207,"comment_status":"closed","ping_status":"open","sticky":false,"template":"","format":"standard","meta":{"footnotes":""},"categories":[8],"tags":[],"class_list":["post-13191","post","type-post","status-publish","format-standard","has-post-thumbnail","hentry","category-noticias"],"yoast_head":"<!-- This site is optimized with the Yoast SEO plugin v25.6 - https:\/\/yoast.com\/wordpress\/plugins\/seo\/ -->\n<title>HMS Y \u201cOPERATIVO DE MEMORIA\u201d: PARA PROMOVER LA PREVENCI\u00d3N EN PERSONAS MAYORES - Hospital Militar de Santiago<\/title>\n<meta name=\"robots\" content=\"index, follow, max-snippet:-1, max-image-preview:large, max-video-preview:-1\" \/>\n<link rel=\"canonical\" href=\"https:\/\/www.hms.cl\/index.php\/2026\/09\/02\/hms-y-operativo-de-memoria-para-promover-la-prevencion-en-personas-mayores\/\" \/>\n<meta property=\"og:locale\" content=\"es_ES\" \/>\n<meta property=\"og:type\" content=\"article\" \/>\n<meta property=\"og:title\" content=\"HMS Y \u201cOPERATIVO DE MEMORIA\u201d: PARA PROMOVER LA PREVENCI\u00d3N EN PERSONAS MAYORES - Hospital Militar de Santiago\" \/>\n<meta property=\"og:description\" content=\"Una buena memoria tambi\u00e9n se cuida. Con esa premisa, 63 personas mayores participaron en una nueva versi\u00f3n del \u201cOperativo de Memoria\u201d\" \/>\n<meta property=\"og:url\" content=\"https:\/\/www.hms.cl\/index.php\/2026\/09\/02\/hms-y-operativo-de-memoria-para-promover-la-prevencion-en-personas-mayores\/\" \/>\n<meta property=\"og:site_name\" content=\"Hospital Militar de Santiago\" \/>\n<meta property=\"article:publisher\" content=\"https:\/\/www.facebook.com\/hospitalmilitardesantiago\" \/>\n<meta property=\"article:published_time\" content=\"2026-09-02T15:39:53+00:00\" \/>\n<meta property=\"article:modified_time\" content=\"2026-09-02T16:50:17+00:00\" \/>\n<meta property=\"og:image\" content=\"https:\/\/www.hms.cl\/wp-content\/uploads\/2026\/09\/Operativo-de-Memoria-Web.jpg\" \/>\n\t<meta property=\"og:image:width\" content=\"2162\" \/>\n\t<meta property=\"og:image:height\" content=\"1850\" \/>\n\t<meta property=\"og:image:type\" content=\"image\/jpeg\" \/>\n<meta name=\"author\" content=\"Admin\" \/>\n<meta name=\"twitter:card\" content=\"summary_large_image\" \/>\n<meta name=\"twitter:creator\" content=\"@HosMilSantiago\" \/>\n<meta name=\"twitter:site\" content=\"@HosMilSantiago\" \/>\n<meta name=\"twitter:label1\" content=\"Escrito por\" \/>\n\t<meta name=\"twitter:data1\" content=\"Admin\" \/>\n\t<meta name=\"twitter:label2\" content=\"Tiempo estimado de lectura\" \/>\n\t<meta name=\"twitter:data2\" content=\"3 minutos\" \/>\n<script type=\"application\/ld+json\" class=\"yoast-schema-graph\">{\"@context\":\"https:\/\/schema.org\",\"@graph\":[{\"@type\":\"Article\",\"@id\":\"https:\/\/www.hms.cl\/index.php\/2026\/09\/02\/hms-y-operativo-de-memoria-para-promover-la-prevencion-en-personas-mayores\/#article\",\"isPartOf\":{\"@id\":\"https:\/\/www.hms.cl\/index.php\/2026\/09\/02\/hms-y-operativo-de-memoria-para-promover-la-prevencion-en-personas-mayores\/\"},\"author\":{\"name\":\"Admin\",\"@id\":\"https:\/\/www.hms.cl\/#\/schema\/person\/93186034b446672703627f9ef2d767ca\"},\"headline\":\"HMS Y \u201cOPERATIVO DE MEMORIA\u201d: PARA PROMOVER LA PREVENCI\u00d3N EN PERSONAS MAYORES\",\"datePublished\":\"2026-09-02T15:39:53+00:00\",\"dateModified\":\"2026-09-02T16:50:17+00:00\",\"mainEntityOfPage\":{\"@id\":\"https:\/\/www.hms.cl\/index.php\/2026\/09\/02\/hms-y-operativo-de-memoria-para-promover-la-prevencion-en-personas-mayores\/\"},\"wordCount\":448,\"publisher\":{\"@id\":\"https:\/\/www.hms.cl\/#organization\"},\"image\":{\"@id\":\"https:\/\/www.hms.cl\/index.php\/2026\/09\/02\/hms-y-operativo-de-memoria-para-promover-la-prevencion-en-personas-mayores\/#primaryimage\"},\"thumbnailUrl\":\"https:\/\/www.hms.cl\/wp-content\/uploads\/2026\/09\/Operativo-de-Memoria-Web.jpg\",\"articleSection\":[\"Noticias\"],\"inLanguage\":\"es-CL\"},{\"@type\":\"WebPage\",\"@id\":\"https:\/\/www.hms.cl\/index.php\/2026\/09\/02\/hms-y-operativo-de-memoria-para-promover-la-prevencion-en-personas-mayores\/\",\"url\":\"https:\/\/www.hms.cl\/index.php\/2026\/09\/02\/hms-y-operativo-de-memoria-para-promover-la-prevencion-en-personas-mayores\/\",\"name\":\"HMS Y \u201cOPERATIVO DE MEMORIA\u201d: PARA PROMOVER LA PREVENCI\u00d3N EN PERSONAS MAYORES - Hospital Militar de Santiago\",\"isPartOf\":{\"@id\":\"https:\/\/www.hms.cl\/#website\"},\"primaryImageOfPage\":{\"@id\":\"https:\/\/www.hms.cl\/index.php\/2026\/09\/02\/hms-y-operativo-de-memoria-para-promover-la-prevencion-en-personas-mayores\/#primaryimage\"},\"image\":{\"@id\":\"https:\/\/www.hms.cl\/index.php\/2026\/09\/02\/hms-y-operativo-de-memoria-para-promover-la-prevencion-en-personas-mayores\/#primaryimage\"},\"thumbnailUrl\":\"https:\/\/www.hms.cl\/wp-content\/uploads\/2026\/09\/Operativo-de-Memoria-Web.jpg\",\"datePublished\":\"2026-09-02T15:39:53+00:00\",\"dateModified\":\"2026-09-02T16:50:17+00:00\",\"breadcrumb\":{\"@id\":\"https:\/\/www.hms.cl\/index.php\/2026\/09\/02\/hms-y-operativo-de-memoria-para-promover-la-prevencion-en-personas-mayores\/#breadcrumb\"},\"inLanguage\":\"es-CL\",\"potentialAction\":[{\"@type\":\"ReadAction\",\"target\":[\"https:\/\/www.hms.cl\/index.php\/2026\/09\/02\/hms-y-operativo-de-memoria-para-promover-la-prevencion-en-personas-mayores\/\"]}]},{\"@type\":\"ImageObject\",\"inLanguage\":\"es-CL\",\"@id\":\"https:\/\/www.hms.cl\/index.php\/2026\/09\/02\/hms-y-operativo-de-memoria-para-promover-la-prevencion-en-personas-mayores\/#primaryimage\",\"url\":\"https:\/\/www.hms.cl\/wp-content\/uploads\/2026\/09\/Operativo-de-Memoria-Web.jpg\",\"contentUrl\":\"https:\/\/www.hms.cl\/wp-content\/uploads\/2026\/09\/Operativo-de-Memoria-Web.jpg\",\"width\":2162,\"height\":1850},{\"@type\":\"BreadcrumbList\",\"@id\":\"https:\/\/www.hms.cl\/index.php\/2026\/09\/02\/hms-y-operativo-de-memoria-para-promover-la-prevencion-en-personas-mayores\/#breadcrumb\",\"itemListElement\":[{\"@type\":\"ListItem\",\"position\":1,\"name\":\"Home\",\"item\":\"https:\/\/www.hms.cl\/\"},{\"@type\":\"ListItem\",\"position\":2,\"name\":\"HMS Y \u201cOPERATIVO DE MEMORIA\u201d: PARA PROMOVER LA PREVENCI\u00d3N EN PERSONAS MAYORES\"}]},{\"@type\":\"WebSite\",\"@id\":\"https:\/\/www.hms.cl\/#website\",\"url\":\"https:\/\/www.hms.cl\/\",\"name\":\"Hospital Militar de Santiago\",\"description\":\"\",\"publisher\":{\"@id\":\"https:\/\/www.hms.cl\/#organization\"},\"potentialAction\":[{\"@type\":\"SearchAction\",\"target\":{\"@type\":\"EntryPoint\",\"urlTemplate\":\"https:\/\/www.hms.cl\/?s={search_term_string}\"},\"query-input\":{\"@type\":\"PropertyValueSpecification\",\"valueRequired\":true,\"valueName\":\"search_term_string\"}}],\"inLanguage\":\"es-CL\"},{\"@type\":\"Organization\",\"@id\":\"https:\/\/www.hms.cl\/#organization\",\"name\":\"Hospital Militar de Santiago\",\"url\":\"https:\/\/www.hms.cl\/\",\"logo\":{\"@type\":\"ImageObject\",\"inLanguage\":\"es-CL\",\"@id\":\"https:\/\/www.hms.cl\/#\/schema\/logo\/image\/\",\"url\":\"https:\/\/www.hms.cl\/wp-content\/uploads\/2025\/07\/Logo-Vertical-Mediano.png\",\"contentUrl\":\"https:\/\/www.hms.cl\/wp-content\/uploads\/2025\/07\/Logo-Vertical-Mediano.png\",\"width\":1280,\"height\":720,\"caption\":\"Hospital Militar de Santiago\"},\"image\":{\"@id\":\"https:\/\/www.hms.cl\/#\/schema\/logo\/image\/\"},\"sameAs\":[\"https:\/\/www.facebook.com\/hospitalmilitardesantiago\",\"https:\/\/x.com\/HosMilSantiago\",\"https:\/\/www.instagram.com\/hospitalmilitardesantiago\/\",\"https:\/\/www.linkedin.com\/company\/hospital-militar-de-santiago-hosmil\",\"https:\/\/www.youtube.com\/c\/HMSVIDEO\"]},{\"@type\":\"Person\",\"@id\":\"https:\/\/www.hms.cl\/#\/schema\/person\/93186034b446672703627f9ef2d767ca\",\"name\":\"Admin\",\"image\":{\"@type\":\"ImageObject\",\"inLanguage\":\"es-CL\",\"@id\":\"https:\/\/www.hms.cl\/#\/schema\/person\/image\/\",\"url\":\"https:\/\/secure.gravatar.com\/avatar\/9384d0095fd3da50dc372f84c8bcde28aac29e86759f23fd0cfb33f9820a4e50?s=96&d=mm&r=g\",\"contentUrl\":\"https:\/\/secure.gravatar.com\/avatar\/9384d0095fd3da50dc372f84c8bcde28aac29e86759f23fd0cfb33f9820a4e50?s=96&d=mm&r=g\",\"caption\":\"Admin\"},\"sameAs\":[\"http:\/\/10.10.50.51\"],\"url\":\"https:\/\/www.hms.cl\/index.php\/author\/admin\/\"}]}<\/script>\n<!-- \/ Yoast SEO plugin. -->","yoast_head_json":{"title":"HMS Y \u201cOPERATIVO DE MEMORIA\u201d: PARA PROMOVER LA PREVENCI\u00d3N EN PERSONAS MAYORES - Hospital Militar de Santiago","robots":{"index":"index","follow":"follow","max-snippet":"max-snippet:-1","max-image-preview":"max-image-preview:large","max-video-preview":"max-video-preview:-1"},"canonical":"https:\/\/www.hms.cl\/index.php\/2026\/09\/02\/hms-y-operativo-de-memoria-para-promover-la-prevencion-en-personas-mayores\/","og_locale":"es_ES","og_type":"article","og_title":"HMS Y \u201cOPERATIVO DE MEMORIA\u201d: PARA PROMOVER LA PREVENCI\u00d3N EN PERSONAS MAYORES - Hospital Militar de Santiago","og_description":"Una buena memoria tambi\u00e9n se cuida. Con esa premisa, 63 personas mayores participaron en una nueva versi\u00f3n del \u201cOperativo de Memoria\u201d","og_url":"https:\/\/www.hms.cl\/index.php\/2026\/09\/02\/hms-y-operativo-de-memoria-para-promover-la-prevencion-en-personas-mayores\/","og_site_name":"Hospital Militar de Santiago","article_publisher":"https:\/\/www.facebook.com\/hospitalmilitardesantiago","article_published_time":"2026-09-02T15:39:53+00:00","article_modified_time":"2026-09-02T16:50:17+00:00","og_image":[{"width":2162,"height":1850,"url":"https:\/\/www.hms.cl\/wp-content\/uploads\/2026\/09\/Operativo-de-Memoria-Web.jpg","type":"image\/jpeg"}],"author":"Admin","twitter_card":"summary_large_image","twitter_creator":"@HosMilSantiago","twitter_site":"@HosMilSantiago","twitter_misc":{"Escrito por":"Admin","Tiempo estimado de lectura":"3 minutos"},"schema":{"@context":"https:\/\/schema.org","@graph":[{"@type":"Article","@id":"https:\/\/www.hms.cl\/index.php\/2026\/09\/02\/hms-y-operativo-de-memoria-para-promover-la-prevencion-en-personas-mayores\/#article","isPartOf":{"@id":"https:\/\/www.hms.cl\/index.php\/2026\/09\/02\/hms-y-operativo-de-memoria-para-promover-la-prevencion-en-personas-mayores\/"},"author":{"name":"Admin","@id":"https:\/\/www.hms.cl\/#\/schema\/person\/93186034b446672703627f9ef2d767ca"},"headline":"HMS Y \u201cOPERATIVO DE MEMORIA\u201d: PARA PROMOVER LA PREVENCI\u00d3N EN PERSONAS MAYORES","datePublished":"2026-09-02T15:39:53+00:00","dateModified":"2026-09-02T16:50:17+00:00","mainEntityOfPage":{"@id":"https:\/\/www.hms.cl\/index.php\/2026\/09\/02\/hms-y-operativo-de-memoria-para-promover-la-prevencion-en-personas-mayores\/"},"wordCount":448,"publisher":{"@id":"https:\/\/www.hms.cl\/#organization"},"image":{"@id":"https:\/\/www.hms.cl\/index.php\/2026\/09\/02\/hms-y-operativo-de-memoria-para-promover-la-prevencion-en-personas-mayores\/#primaryimage"},"thumbnailUrl":"https:\/\/www.hms.cl\/wp-content\/uploads\/2026\/09\/Operativo-de-Memoria-Web.jpg","articleSection":["Noticias"],"inLanguage":"es-CL"},{"@type":"WebPage","@id":"https:\/\/www.hms.cl\/index.php\/2026\/09\/02\/hms-y-operativo-de-memoria-para-promover-la-prevencion-en-personas-mayores\/","url":"https:\/\/www.hms.cl\/index.php\/2026\/09\/02\/hms-y-operativo-de-memoria-para-promover-la-prevencion-en-personas-mayores\/","name":"HMS Y \u201cOPERATIVO DE MEMORIA\u201d: PARA PROMOVER LA PREVENCI\u00d3N EN PERSONAS MAYORES - Hospital Militar de Santiago","isPartOf":{"@id":"https:\/\/www.hms.cl\/#website"},"primaryImageOfPage":{"@id":"https:\/\/www.hms.cl\/index.php\/2026\/09\/02\/hms-y-operativo-de-memoria-para-promover-la-prevencion-en-personas-mayores\/#primaryimage"},"image":{"@id":"https:\/\/www.hms.cl\/index.php\/2026\/09\/02\/hms-y-operativo-de-memoria-para-promover-la-prevencion-en-personas-mayores\/#primaryimage"},"thumbnailUrl":"https:\/\/www.hms.cl\/wp-content\/uploads\/2026\/09\/Operativo-de-Memoria-Web.jpg","datePublished":"2026-09-02T15:39:53+00:00","dateModified":"2026-09-02T16:50:17+00:00","breadcrumb":{"@id":"https:\/\/www.hms.cl\/index.php\/2026\/09\/02\/hms-y-operativo-de-memoria-para-promover-la-prevencion-en-personas-mayores\/#breadcrumb"},"inLanguage":"es-CL","potentialAction":[{"@type":"ReadAction","target":["https:\/\/www.hms.cl\/index.php\/2026\/09\/02\/hms-y-operativo-de-memoria-para-promover-la-prevencion-en-personas-mayores\/"]}]},{"@type":"ImageObject","inLanguage":"es-CL","@id":"https:\/\/www.hms.cl\/index.php\/2026\/09\/02\/hms-y-operativo-de-memoria-para-promover-la-prevencion-en-personas-mayores\/#primaryimage","url":"https:\/\/www.hms.cl\/wp-content\/uploads\/2026\/09\/Operativo-de-Memoria-Web.jpg","contentUrl":"https:\/\/www.hms.cl\/wp-content\/uploads\/2026\/09\/Operativo-de-Memoria-Web.jpg","width":2162,"height":1850},{"@type":"BreadcrumbList","@id":"https:\/\/www.hms.cl\/index.php\/2026\/09\/02\/hms-y-operativo-de-memoria-para-promover-la-prevencion-en-personas-mayores\/#breadcrumb","itemListElement":[{"@type":"ListItem","position":1,"name":"Home","item":"https:\/\/www.hms.cl\/"},{"@type":"ListItem","position":2,"name":"HMS Y \u201cOPERATIVO DE MEMORIA\u201d: PARA PROMOVER LA PREVENCI\u00d3N EN PERSONAS MAYORES"}]},{"@type":"WebSite","@id":"https:\/\/www.hms.cl\/#website","url":"https:\/\/www.hms.cl\/","name":"Hospital Militar de Santiago","description":"","publisher":{"@id":"https:\/\/www.hms.cl\/#organization"},"potentialAction":[{"@type":"SearchAction","target":{"@type":"EntryPoint","urlTemplate":"https:\/\/www.hms.cl\/?s={search_term_string}"},"query-input":{"@type":"PropertyValueSpecification","valueRequired":true,"valueName":"search_term_string"}}],"inLanguage":"es-CL"},{"@type":"Organization","@id":"https:\/\/www.hms.cl\/#organization","name":"Hospital Militar de Santiago","url":"https:\/\/www.hms.cl\/","logo":{"@type":"ImageObject","inLanguage":"es-CL","@id":"https:\/\/www.hms.cl\/#\/schema\/logo\/image\/","url":"https:\/\/www.hms.cl\/wp-content\/uploads\/2025\/07\/Logo-Vertical-Mediano.png","contentUrl":"https:\/\/www.hms.cl\/wp-content\/uploads\/2025\/07\/Logo-Vertical-Mediano.png","width":1280,"height":720,"caption":"Hospital Militar de Santiago"},"image":{"@id":"https:\/\/www.hms.cl\/#\/schema\/logo\/image\/"},"sameAs":["https:\/\/www.facebook.com\/hospitalmilitardesantiago","https:\/\/x.com\/HosMilSantiago","https:\/\/www.instagram.com\/hospitalmilitardesantiago\/","https:\/\/www.linkedin.com\/company\/hospital-militar-de-santiago-hosmil","https:\/\/www.youtube.com\/c\/HMSVIDEO"]},{"@type":"Person","@id":"https:\/\/www.hms.cl\/#\/schema\/person\/93186034b446672703627f9ef2d767ca","name":"Admin","image":{"@type":"ImageObject","inLanguage":"es-CL","@id":"https:\/\/www.hms.cl\/#\/schema\/person\/image\/","url":"https:\/\/secure.gravatar.com\/avatar\/9384d0095fd3da50dc372f84c8bcde28aac29e86759f23fd0cfb33f9820a4e50?s=96&d=mm&r=g","contentUrl":"https:\/\/secure.gravatar.com\/avatar\/9384d0095fd3da50dc372f84c8bcde28aac29e86759f23fd0cfb33f9820a4e50?s=96&d=mm&r=g","caption":"Admin"},"sameAs":["http:\/\/10.10.50.51"],"url":"https:\/\/www.hms.cl\/index.php\/author\/admin\/"}]}},"_links":{"self":[{"href":"https:\/\/www.hms.cl\/index.php\/wp-json\/wp\/v2\/posts\/13191","targetHints":{"allow":["GET"]}}],"collection":[{"href":"https:\/\/www.hms.cl\/index.php\/wp-json\/wp\/v2\/posts"}],"about":[{"href":"https:\/\/www.hms.cl\/index.php\/wp-json\/wp\/v2\/types\/post"}],"author":[{"embeddable":true,"href":"https:\/\/www.hms.cl\/index.php\/wp-json\/wp\/v2\/users\/1"}],"replies":[{"embeddable":true,"href":"https:\/\/www.hms.cl\/index.php\/wp-json\/wp\/v2\/comments?post=13191"}],"version-history":[{"count":9,"href":"https:\/\/www.hms.cl\/index.php\/wp-json\/wp\/v2\/posts\/13191\/revisions"}],"predecessor-version":[{"id":13210,"href":"https:\/\/www.hms.cl\/index.php\/wp-json\/wp\/v2\/posts\/13191\/revisions\/13210"}],"wp:featuredmedia":[{"embeddable":true,"href":"https:\/\/www.hms.cl\/index.php\/wp-json\/wp\/v2\/media\/13207"}],"wp:attachment":[{"href":"https:\/\/www.hms.cl\/index.php\/wp-json\/wp\/v2\/media?parent=13191"}],"wp:term":[{"taxonomy":"category","embeddable":true,"href":"https:\/\/www.hms.cl\/index.php\/wp-json\/wp\/v2\/categories?post=13191"},{"taxonomy":"post_tag","embeddable":true,"href":"https:\/\/www.hms.cl\/index.php\/wp-json\/wp\/v2\/tags?post=13191"}],"curies":[{"name":"wp","href":"https:\/\/api.w.org\/{rel}","templated":true}]}}