{"id":1315,"date":"2025-04-21T13:08:06","date_gmt":"2025-04-21T16:08:06","guid":{"rendered":"http:\/\/10.10.50.51\/?p=1315"},"modified":"2025-05-23T13:18:52","modified_gmt":"2025-05-23T16:18:52","slug":"hms-carabineros-y-pdi-fortalecen-lazos-por-la-seguridad","status":"publish","type":"post","link":"https:\/\/www.hms.cl\/index.php\/2025\/04\/21\/hms-carabineros-y-pdi-fortalecen-lazos-por-la-seguridad\/","title":{"rendered":"HMS, CARABINEROS Y PDI FORTALECEN LAZOS POR LA SEGURIDAD"},"content":{"rendered":"\t\t<div data-elementor-type=\"wp-post\" data-elementor-id=\"1315\" class=\"elementor elementor-1315\" data-elementor-post-type=\"post\">\n\t\t\t\t<div class=\"elementor-element elementor-element-712f9f49 e-con-full e-flex e-con e-parent\" data-id=\"712f9f49\" data-element_type=\"container\">\n\t\t\t\t<div class=\"elementor-element elementor-element-5ac6c868 elementor-widget elementor-widget-heading\" data-id=\"5ac6c868\" data-element_type=\"widget\" data-widget_type=\"heading.default\">\n\t\t\t\t<div class=\"elementor-widget-container\">\n\t\t\t\t\t<h2 class=\"elementor-heading-title elementor-size-default\">HMS, CARABINEROS Y PDI FORTALECEN LAZOS POR LA SEGURIDAD<\/h2>\t\t\t\t<\/div>\n\t\t\t\t<\/div>\n\t\t\t\t<\/div>\n\t\t<div class=\"elementor-element elementor-element-1876f632 e-flex e-con-boxed e-con e-parent\" data-id=\"1876f632\" data-element_type=\"container\">\n\t\t\t\t\t<div class=\"e-con-inner\">\n\t\t<div class=\"elementor-element elementor-element-5da6d66a e-con-full e-flex e-con e-child\" data-id=\"5da6d66a\" data-element_type=\"container\">\n\t\t\t\t<div class=\"elementor-element elementor-element-1735aaed elementor-widget elementor-widget-text-editor\" data-id=\"1735aaed\" data-element_type=\"widget\" data-widget_type=\"text-editor.default\">\n\t\t\t\t<div class=\"elementor-widget-container\">\n\t\t\t\t\t\t\t\t\t<p>Con el\u00a0<strong>objetivo de reforzar la coordinaci\u00f3n en torno a materias de seguridad y prevenci\u00f3n, el Hospital Militar de Santiago (HMS) sostuvo una reuni\u00f3n de trabajo<\/strong>\u00a0con representantes de la Polic\u00eda de Investigaciones (PDI) de La Reina y de Carabineros pertenecientes a la Prefectura A\u00e9rea y la 16\u00b0 Comisar\u00eda.<\/p><p>La\u00a0<strong>actividad fue presidida por el Director del HMS, General de Brigada Francisco Silva Ter\u00e1n<\/strong>, quien estuvo acompa\u00f1ado por el Subdirector de HMS, Coronel Francisco Valenzuela Basulto, y el Director Militar del HMS, Mayor Rodrigo Campos Ubilla.<\/p><p>Por parte de la Polic\u00eda de Investigaciones estuvo presente el\u00a0<strong>Subprefecto Leonardo Henr\u00edquez D\u00edaz<\/strong>, mientras que de Carabineros participaron el\u00a0<strong>Coronel Javier \u00c1lvarez Cort\u00e9s y el Coronel Carlos Molina Zapata<\/strong>, representando a la Prefectura A\u00e9rea de La Reina, y la\u00a0<strong>Capit\u00e1n Paulina Ardiles Hermosilla y el Teniente Felipe Mu\u00f1oz Cofr\u00e9<\/strong>, por la 16\u00b0 Comisar\u00eda de La Reina.<\/p><p>Durante el encuentro, se abordaron diferentes temas en los que el HMS y las Fuerzas de Orden se ven involucrados en el d\u00eda a d\u00eda,\u00a0<strong>de ah\u00ed<\/strong>\u00a0<strong>la importancia de \u201cactualizar los protocolos de seguridad ya existentes entre las instituciones, as\u00ed como crear nuevos, para apoyarnos mutuamente<\/strong>\u00a0y responder de manera r\u00e1pida y efectiva ante la comunidad\u201d,\u00a0<strong>asegur\u00f3 el Mayor Campos<\/strong>.<\/p><p>Para el\u00a0<strong>Coronel Javier \u00c1lvarez, la actividad result\u00f3 positiva porque permite \u201cconcretar ciertos convenios y acuerdos para futuros traslados aerom\u00e9dicos<\/strong>\u00a0tanto del Ej\u00e9rcito, como de Carabineros\u201d.<\/p><p>Mientras que el\u00a0<strong>Subprefecto Henr\u00edquez agradeci\u00f3 la invitaci\u00f3n realizada por el Hospital ya que \u201cgenera una instancia de colaboraci\u00f3n mutua donde podemos gestionar intercambios de informaci\u00f3n<\/strong>\u00a0para agilizar investigaciones que tengan que ver con materias propias del hospital y la comunidad\u201d.<\/p>\t\t\t\t\t\t\t\t<\/div>\n\t\t\t\t<\/div>\n\t\t\t\t<\/div>\n\t\t<div class=\"elementor-element elementor-element-4116d9e1 e-con-full e-flex e-con e-child\" data-id=\"4116d9e1\" data-element_type=\"container\">\n\t\t\t\t<div class=\"elementor-element elementor-element-baa40ab elementor-widget elementor-widget-video\" data-id=\"baa40ab\" data-element_type=\"widget\" data-settings=\"{&quot;youtube_url&quot;:&quot;https:\\\/\\\/youtu.be\\\/R_5CxBt7AQU&quot;,&quot;video_type&quot;:&quot;youtube&quot;,&quot;controls&quot;:&quot;yes&quot;}\" data-widget_type=\"video.default\">\n\t\t\t\t<div class=\"elementor-widget-container\">\n\t\t\t\t\t\t\t<div class=\"elementor-wrapper elementor-open-inline\">\n\t\t\t<div class=\"elementor-video\"><\/div>\t\t<\/div>\n\t\t\t\t\t\t<\/div>\n\t\t\t\t<\/div>\n\t\t\t\t<div class=\"elementor-element elementor-element-4efe4da1 elementor-widget-divider--view-line elementor-widget elementor-widget-divider\" data-id=\"4efe4da1\" data-element_type=\"widget\" data-widget_type=\"divider.default\">\n\t\t\t\t<div class=\"elementor-widget-container\">\n\t\t\t\t\t\t\t<div class=\"elementor-divider\">\n\t\t\t<span class=\"elementor-divider-separator\">\n\t\t\t\t\t\t<\/span>\n\t\t<\/div>\n\t\t\t\t\t\t<\/div>\n\t\t\t\t<\/div>\n\t\t\t\t<\/div>\n\t\t\t\t\t<\/div>\n\t\t\t\t<\/div>\n\t\t<div class=\"elementor-element elementor-element-56b567ce e-flex e-con-boxed e-con e-parent\" data-id=\"56b567ce\" data-element_type=\"container\">\n\t\t\t\t\t<div class=\"e-con-inner\">\n\t\t\t\t<div class=\"elementor-element elementor-element-76d51fd2 elementor-widget-divider--view-line elementor-widget elementor-widget-divider\" data-id=\"76d51fd2\" data-element_type=\"widget\" data-widget_type=\"divider.default\">\n\t\t\t\t<div class=\"elementor-widget-container\">\n\t\t\t\t\t\t\t<div class=\"elementor-divider\">\n\t\t\t<span class=\"elementor-divider-separator\">\n\t\t\t\t\t\t<\/span>\n\t\t<\/div>\n\t\t\t\t\t\t<\/div>\n\t\t\t\t<\/div>\n\t\t\t\t\t<\/div>\n\t\t\t\t<\/div>\n\t\t<div class=\"elementor-element elementor-element-283d0dd1 e-flex e-con-boxed e-con e-parent\" data-id=\"283d0dd1\" data-element_type=\"container\">\n\t\t\t\t\t<div class=\"e-con-inner\">\n\t\t\t\t<div class=\"elementor-element elementor-element-6d1a6243 elementor-grid-3 elementor-grid-tablet-2 elementor-grid-mobile-1 elementor-posts--thumbnail-top elementor-widget elementor-widget-posts\" data-id=\"6d1a6243\" data-element_type=\"widget\" data-settings=\"{&quot;classic_columns&quot;:&quot;3&quot;,&quot;classic_columns_tablet&quot;:&quot;2&quot;,&quot;classic_columns_mobile&quot;:&quot;1&quot;,&quot;classic_row_gap&quot;:{&quot;unit&quot;:&quot;px&quot;,&quot;size&quot;:35,&quot;sizes&quot;:[]},&quot;classic_row_gap_tablet&quot;:{&quot;unit&quot;:&quot;px&quot;,&quot;size&quot;:&quot;&quot;,&quot;sizes&quot;:[]},&quot;classic_row_gap_mobile&quot;:{&quot;unit&quot;:&quot;px&quot;,&quot;size&quot;:&quot;&quot;,&quot;sizes&quot;:[]}}\" data-widget_type=\"posts.classic\">\n\t\t\t\t<div class=\"elementor-widget-container\">\n\t\t\t\t\t\t\t<div class=\"elementor-posts-container elementor-posts elementor-posts--skin-classic elementor-grid\" role=\"list\">\n\t\t\t\t<article class=\"elementor-post elementor-grid-item post-11647 post type-post status-publish format-standard has-post-thumbnail hentry category-noticias\" role=\"listitem\">\n\t\t\t\t<a class=\"elementor-post__thumbnail__link\" href=\"https:\/\/www.hms.cl\/index.php\/2026\/04\/30\/hms-realiza-ceremonia-de-ascenso-y-despedida-de-personal\/\" tabindex=\"-1\" >\n\t\t\t<div class=\"elementor-post__thumbnail\"><img fetchpriority=\"high\" decoding=\"async\" width=\"519\" height=\"444\" src=\"https:\/\/www.hms.cl\/wp-content\/uploads\/2026\/04\/Ascenso2_abril_web.jpeg\" class=\"attachment-full size-full wp-image-11675\" alt=\"\" srcset=\"https:\/\/www.hms.cl\/wp-content\/uploads\/2026\/04\/Ascenso2_abril_web.jpeg 519w, https:\/\/www.hms.cl\/wp-content\/uploads\/2026\/04\/Ascenso2_abril_web-300x257.jpeg 300w\" sizes=\"(max-width: 519px) 100vw, 519px\" \/><\/div>\n\t\t<\/a>\n\t\t\t\t<div class=\"elementor-post__text\">\n\t\t\t\t<h3 class=\"elementor-post__title\">\n\t\t\t<a href=\"https:\/\/www.hms.cl\/index.php\/2026\/04\/30\/hms-realiza-ceremonia-de-ascenso-y-despedida-de-personal\/\" >\n\t\t\t\tHMS REALIZA CEREMONIA DE ASCENSO Y DESPEDIDA DE PERSONAL\t\t\t<\/a>\n\t\t<\/h3>\n\t\t\t\t<div class=\"elementor-post__meta-data\">\n\t\t\t\t\t<span class=\"elementor-post-date\">\n\t\t\t30 de Abril de 2026\t\t<\/span>\n\t\t\t\t<\/div>\n\t\t\n\t\t<a class=\"elementor-post__read-more\" href=\"https:\/\/www.hms.cl\/index.php\/2026\/04\/30\/hms-realiza-ceremonia-de-ascenso-y-despedida-de-personal\/\" aria-label=\"Read more about HMS REALIZA CEREMONIA DE ASCENSO Y DESPEDIDA DE PERSONAL\" tabindex=\"-1\" >\n\t\t\tLeer M\u00e1s\t\t<\/a>\n\n\t\t\t\t<\/div>\n\t\t\t\t<\/article>\n\t\t\t\t<article class=\"elementor-post elementor-grid-item post-11633 post type-post status-publish format-standard has-post-thumbnail hentry category-noticias\" role=\"listitem\">\n\t\t\t\t<a class=\"elementor-post__thumbnail__link\" href=\"https:\/\/www.hms.cl\/index.php\/2026\/04\/29\/minsal-se-reune-con-cje-para-coordinar-despliegue-del-hospital-militar-de-campana-en-los-angeles\/\" tabindex=\"-1\" >\n\t\t\t<div class=\"elementor-post__thumbnail\"><img decoding=\"async\" width=\"1084\" height=\"815\" src=\"https:\/\/www.hms.cl\/wp-content\/uploads\/2026\/04\/Visita-Ministra-Salud-Web.png\" class=\"attachment-full size-full wp-image-11635\" alt=\"\" srcset=\"https:\/\/www.hms.cl\/wp-content\/uploads\/2026\/04\/Visita-Ministra-Salud-Web.png 1084w, https:\/\/www.hms.cl\/wp-content\/uploads\/2026\/04\/Visita-Ministra-Salud-Web-300x226.png 300w, https:\/\/www.hms.cl\/wp-content\/uploads\/2026\/04\/Visita-Ministra-Salud-Web-1024x770.png 1024w, https:\/\/www.hms.cl\/wp-content\/uploads\/2026\/04\/Visita-Ministra-Salud-Web-768x577.png 768w\" sizes=\"(max-width: 1084px) 100vw, 1084px\" \/><\/div>\n\t\t<\/a>\n\t\t\t\t<div class=\"elementor-post__text\">\n\t\t\t\t<h3 class=\"elementor-post__title\">\n\t\t\t<a href=\"https:\/\/www.hms.cl\/index.php\/2026\/04\/29\/minsal-se-reune-con-cje-para-coordinar-despliegue-del-hospital-militar-de-campana-en-los-angeles\/\" >\n\t\t\t\tMINSAL SE REUNE CON CJE PARA COORDINAR DESPLIEGUE DEL HOSPITAL MILITAR DE CAMPA\u00d1A EN LOS ANGELES\t\t\t<\/a>\n\t\t<\/h3>\n\t\t\t\t<div class=\"elementor-post__meta-data\">\n\t\t\t\t\t<span class=\"elementor-post-date\">\n\t\t\t29 de Abril de 2026\t\t<\/span>\n\t\t\t\t<\/div>\n\t\t\n\t\t<a class=\"elementor-post__read-more\" href=\"https:\/\/www.hms.cl\/index.php\/2026\/04\/29\/minsal-se-reune-con-cje-para-coordinar-despliegue-del-hospital-militar-de-campana-en-los-angeles\/\" aria-label=\"Read more about MINSAL SE REUNE CON CJE PARA COORDINAR DESPLIEGUE DEL HOSPITAL MILITAR DE CAMPA\u00d1A EN LOS ANGELES\" tabindex=\"-1\" >\n\t\t\tLeer M\u00e1s\t\t<\/a>\n\n\t\t\t\t<\/div>\n\t\t\t\t<\/article>\n\t\t\t\t<article class=\"elementor-post elementor-grid-item post-11620 post type-post status-publish format-standard has-post-thumbnail hentry category-noticias\" role=\"listitem\">\n\t\t\t\t<a class=\"elementor-post__thumbnail__link\" href=\"https:\/\/www.hms.cl\/index.php\/2026\/04\/29\/con-alta-convocatoria-hms-conmemora-el-dia-del-libro\/\" tabindex=\"-1\" >\n\t\t\t<div class=\"elementor-post__thumbnail\"><img decoding=\"async\" width=\"519\" height=\"444\" src=\"https:\/\/www.hms.cl\/wp-content\/uploads\/2026\/04\/Dia-libro_web_2026_2.jpeg\" class=\"attachment-full size-full wp-image-11625\" alt=\"\" srcset=\"https:\/\/www.hms.cl\/wp-content\/uploads\/2026\/04\/Dia-libro_web_2026_2.jpeg 519w, https:\/\/www.hms.cl\/wp-content\/uploads\/2026\/04\/Dia-libro_web_2026_2-300x257.jpeg 300w\" sizes=\"(max-width: 519px) 100vw, 519px\" \/><\/div>\n\t\t<\/a>\n\t\t\t\t<div class=\"elementor-post__text\">\n\t\t\t\t<h3 class=\"elementor-post__title\">\n\t\t\t<a href=\"https:\/\/www.hms.cl\/index.php\/2026\/04\/29\/con-alta-convocatoria-hms-conmemora-el-dia-del-libro\/\" >\n\t\t\t\tCON ALTA CONVOCATORIA HMS CONMEMORA EL D\u00cdA DEL LIBRO\t\t\t<\/a>\n\t\t<\/h3>\n\t\t\t\t<div class=\"elementor-post__meta-data\">\n\t\t\t\t\t<span class=\"elementor-post-date\">\n\t\t\t29 de Abril de 2026\t\t<\/span>\n\t\t\t\t<\/div>\n\t\t\n\t\t<a class=\"elementor-post__read-more\" href=\"https:\/\/www.hms.cl\/index.php\/2026\/04\/29\/con-alta-convocatoria-hms-conmemora-el-dia-del-libro\/\" aria-label=\"Read more about CON ALTA CONVOCATORIA HMS CONMEMORA EL D\u00cdA DEL LIBRO\" tabindex=\"-1\" >\n\t\t\tLeer M\u00e1s\t\t<\/a>\n\n\t\t\t\t<\/div>\n\t\t\t\t<\/article>\n\t\t\t\t<\/div>\n\t\t\n\t\t\t\t\t\t<\/div>\n\t\t\t\t<\/div>\n\t\t\t\t\t<\/div>\n\t\t\t\t<\/div>\n\t\t\t\t<\/div>\n\t\t","protected":false},"excerpt":{"rendered":"<p>Con el\u00a0objetivo de reforzar la coordinaci\u00f3n en torno a materias de seguridad y prevenci\u00f3n, el Hospital Militar de Santiago (HMS)<\/p>\n","protected":false},"author":1,"featured_media":1317,"comment_status":"closed","ping_status":"open","sticky":false,"template":"","format":"standard","meta":{"footnotes":""},"categories":[8],"tags":[],"class_list":["post-1315","post","type-post","status-publish","format-standard","has-post-thumbnail","hentry","category-noticias"],"yoast_head":"<!-- This site is optimized with the Yoast SEO plugin v25.6 - https:\/\/yoast.com\/wordpress\/plugins\/seo\/ -->\n<title>HMS, CARABINEROS Y PDI FORTALECEN LAZOS POR LA SEGURIDAD - Hospital Militar de Santiago<\/title>\n<meta name=\"robots\" content=\"index, follow, max-snippet:-1, max-image-preview:large, max-video-preview:-1\" \/>\n<link rel=\"canonical\" href=\"https:\/\/www.hms.cl\/index.php\/2025\/04\/21\/hms-carabineros-y-pdi-fortalecen-lazos-por-la-seguridad\/\" \/>\n<meta property=\"og:locale\" content=\"es_ES\" \/>\n<meta property=\"og:type\" content=\"article\" \/>\n<meta property=\"og:title\" content=\"HMS, CARABINEROS Y PDI FORTALECEN LAZOS POR LA SEGURIDAD - Hospital Militar de Santiago\" \/>\n<meta property=\"og:description\" content=\"Con el\u00a0objetivo de reforzar la coordinaci\u00f3n en torno a materias de seguridad y prevenci\u00f3n, el Hospital Militar de Santiago (HMS)\" \/>\n<meta property=\"og:url\" content=\"https:\/\/www.hms.cl\/index.php\/2025\/04\/21\/hms-carabineros-y-pdi-fortalecen-lazos-por-la-seguridad\/\" \/>\n<meta property=\"og:site_name\" content=\"Hospital Militar de Santiago\" \/>\n<meta property=\"article:publisher\" content=\"https:\/\/www.facebook.com\/hospitalmilitardesantiago\" \/>\n<meta property=\"article:published_time\" content=\"2025-04-21T16:08:06+00:00\" \/>\n<meta property=\"article:modified_time\" content=\"2025-05-23T16:18:52+00:00\" \/>\n<meta property=\"og:image\" content=\"https:\/\/www.hms.cl\/wp-content\/uploads\/2025\/05\/HMS-CARABINEROS-Y-PDI-FORTALECEN-LAZOS-Portada.jpeg\" \/>\n\t<meta property=\"og:image:width\" content=\"519\" \/>\n\t<meta property=\"og:image:height\" content=\"444\" \/>\n\t<meta property=\"og:image:type\" content=\"image\/jpeg\" \/>\n<meta name=\"author\" content=\"Admin\" \/>\n<meta name=\"twitter:card\" content=\"summary_large_image\" \/>\n<meta name=\"twitter:creator\" content=\"@HosMilSantiago\" \/>\n<meta name=\"twitter:site\" content=\"@HosMilSantiago\" \/>\n<meta name=\"twitter:label1\" content=\"Escrito por\" \/>\n\t<meta name=\"twitter:data1\" content=\"Admin\" \/>\n\t<meta name=\"twitter:label2\" content=\"Tiempo estimado de lectura\" \/>\n\t<meta name=\"twitter:data2\" content=\"3 minutos\" \/>\n<script type=\"application\/ld+json\" class=\"yoast-schema-graph\">{\"@context\":\"https:\/\/schema.org\",\"@graph\":[{\"@type\":\"Article\",\"@id\":\"https:\/\/www.hms.cl\/index.php\/2025\/04\/21\/hms-carabineros-y-pdi-fortalecen-lazos-por-la-seguridad\/#article\",\"isPartOf\":{\"@id\":\"https:\/\/www.hms.cl\/index.php\/2025\/04\/21\/hms-carabineros-y-pdi-fortalecen-lazos-por-la-seguridad\/\"},\"author\":{\"name\":\"Admin\",\"@id\":\"https:\/\/www.hms.cl\/#\/schema\/person\/93186034b446672703627f9ef2d767ca\"},\"headline\":\"HMS, CARABINEROS Y PDI FORTALECEN LAZOS POR LA SEGURIDAD\",\"datePublished\":\"2025-04-21T16:08:06+00:00\",\"dateModified\":\"2025-05-23T16:18:52+00:00\",\"mainEntityOfPage\":{\"@id\":\"https:\/\/www.hms.cl\/index.php\/2025\/04\/21\/hms-carabineros-y-pdi-fortalecen-lazos-por-la-seguridad\/\"},\"wordCount\":309,\"publisher\":{\"@id\":\"https:\/\/www.hms.cl\/#organization\"},\"image\":{\"@id\":\"https:\/\/www.hms.cl\/index.php\/2025\/04\/21\/hms-carabineros-y-pdi-fortalecen-lazos-por-la-seguridad\/#primaryimage\"},\"thumbnailUrl\":\"https:\/\/www.hms.cl\/wp-content\/uploads\/2025\/05\/HMS-CARABINEROS-Y-PDI-FORTALECEN-LAZOS-Portada.jpeg\",\"articleSection\":[\"Noticias\"],\"inLanguage\":\"es-CL\"},{\"@type\":\"WebPage\",\"@id\":\"https:\/\/www.hms.cl\/index.php\/2025\/04\/21\/hms-carabineros-y-pdi-fortalecen-lazos-por-la-seguridad\/\",\"url\":\"https:\/\/www.hms.cl\/index.php\/2025\/04\/21\/hms-carabineros-y-pdi-fortalecen-lazos-por-la-seguridad\/\",\"name\":\"HMS, CARABINEROS Y PDI FORTALECEN LAZOS POR LA SEGURIDAD - Hospital Militar de Santiago\",\"isPartOf\":{\"@id\":\"https:\/\/www.hms.cl\/#website\"},\"primaryImageOfPage\":{\"@id\":\"https:\/\/www.hms.cl\/index.php\/2025\/04\/21\/hms-carabineros-y-pdi-fortalecen-lazos-por-la-seguridad\/#primaryimage\"},\"image\":{\"@id\":\"https:\/\/www.hms.cl\/index.php\/2025\/04\/21\/hms-carabineros-y-pdi-fortalecen-lazos-por-la-seguridad\/#primaryimage\"},\"thumbnailUrl\":\"https:\/\/www.hms.cl\/wp-content\/uploads\/2025\/05\/HMS-CARABINEROS-Y-PDI-FORTALECEN-LAZOS-Portada.jpeg\",\"datePublished\":\"2025-04-21T16:08:06+00:00\",\"dateModified\":\"2025-05-23T16:18:52+00:00\",\"breadcrumb\":{\"@id\":\"https:\/\/www.hms.cl\/index.php\/2025\/04\/21\/hms-carabineros-y-pdi-fortalecen-lazos-por-la-seguridad\/#breadcrumb\"},\"inLanguage\":\"es-CL\",\"potentialAction\":[{\"@type\":\"ReadAction\",\"target\":[\"https:\/\/www.hms.cl\/index.php\/2025\/04\/21\/hms-carabineros-y-pdi-fortalecen-lazos-por-la-seguridad\/\"]}]},{\"@type\":\"ImageObject\",\"inLanguage\":\"es-CL\",\"@id\":\"https:\/\/www.hms.cl\/index.php\/2025\/04\/21\/hms-carabineros-y-pdi-fortalecen-lazos-por-la-seguridad\/#primaryimage\",\"url\":\"https:\/\/www.hms.cl\/wp-content\/uploads\/2025\/05\/HMS-CARABINEROS-Y-PDI-FORTALECEN-LAZOS-Portada.jpeg\",\"contentUrl\":\"https:\/\/www.hms.cl\/wp-content\/uploads\/2025\/05\/HMS-CARABINEROS-Y-PDI-FORTALECEN-LAZOS-Portada.jpeg\",\"width\":519,\"height\":444},{\"@type\":\"BreadcrumbList\",\"@id\":\"https:\/\/www.hms.cl\/index.php\/2025\/04\/21\/hms-carabineros-y-pdi-fortalecen-lazos-por-la-seguridad\/#breadcrumb\",\"itemListElement\":[{\"@type\":\"ListItem\",\"position\":1,\"name\":\"Home\",\"item\":\"https:\/\/www.hms.cl\/\"},{\"@type\":\"ListItem\",\"position\":2,\"name\":\"HMS, CARABINEROS Y PDI FORTALECEN LAZOS POR LA SEGURIDAD\"}]},{\"@type\":\"WebSite\",\"@id\":\"https:\/\/www.hms.cl\/#website\",\"url\":\"https:\/\/www.hms.cl\/\",\"name\":\"Hospital Militar de Santiago\",\"description\":\"\",\"publisher\":{\"@id\":\"https:\/\/www.hms.cl\/#organization\"},\"potentialAction\":[{\"@type\":\"SearchAction\",\"target\":{\"@type\":\"EntryPoint\",\"urlTemplate\":\"https:\/\/www.hms.cl\/?s={search_term_string}\"},\"query-input\":{\"@type\":\"PropertyValueSpecification\",\"valueRequired\":true,\"valueName\":\"search_term_string\"}}],\"inLanguage\":\"es-CL\"},{\"@type\":\"Organization\",\"@id\":\"https:\/\/www.hms.cl\/#organization\",\"name\":\"Hospital Militar de Santiago\",\"url\":\"https:\/\/www.hms.cl\/\",\"logo\":{\"@type\":\"ImageObject\",\"inLanguage\":\"es-CL\",\"@id\":\"https:\/\/www.hms.cl\/#\/schema\/logo\/image\/\",\"url\":\"https:\/\/www.hms.cl\/wp-content\/uploads\/2025\/07\/Logo-Vertical-Mediano.png\",\"contentUrl\":\"https:\/\/www.hms.cl\/wp-content\/uploads\/2025\/07\/Logo-Vertical-Mediano.png\",\"width\":1280,\"height\":720,\"caption\":\"Hospital Militar de Santiago\"},\"image\":{\"@id\":\"https:\/\/www.hms.cl\/#\/schema\/logo\/image\/\"},\"sameAs\":[\"https:\/\/www.facebook.com\/hospitalmilitardesantiago\",\"https:\/\/x.com\/HosMilSantiago\",\"https:\/\/www.instagram.com\/hospitalmilitardesantiago\/\",\"https:\/\/www.linkedin.com\/company\/hospital-militar-de-santiago-hosmil\",\"https:\/\/www.youtube.com\/c\/HMSVIDEO\"]},{\"@type\":\"Person\",\"@id\":\"https:\/\/www.hms.cl\/#\/schema\/person\/93186034b446672703627f9ef2d767ca\",\"name\":\"Admin\",\"image\":{\"@type\":\"ImageObject\",\"inLanguage\":\"es-CL\",\"@id\":\"https:\/\/www.hms.cl\/#\/schema\/person\/image\/\",\"url\":\"https:\/\/secure.gravatar.com\/avatar\/9384d0095fd3da50dc372f84c8bcde28aac29e86759f23fd0cfb33f9820a4e50?s=96&d=mm&r=g\",\"contentUrl\":\"https:\/\/secure.gravatar.com\/avatar\/9384d0095fd3da50dc372f84c8bcde28aac29e86759f23fd0cfb33f9820a4e50?s=96&d=mm&r=g\",\"caption\":\"Admin\"},\"sameAs\":[\"http:\/\/10.10.50.51\"],\"url\":\"https:\/\/www.hms.cl\/index.php\/author\/admin\/\"}]}<\/script>\n<!-- \/ Yoast SEO plugin. -->","yoast_head_json":{"title":"HMS, CARABINEROS Y PDI FORTALECEN LAZOS POR LA SEGURIDAD - Hospital Militar de Santiago","robots":{"index":"index","follow":"follow","max-snippet":"max-snippet:-1","max-image-preview":"max-image-preview:large","max-video-preview":"max-video-preview:-1"},"canonical":"https:\/\/www.hms.cl\/index.php\/2025\/04\/21\/hms-carabineros-y-pdi-fortalecen-lazos-por-la-seguridad\/","og_locale":"es_ES","og_type":"article","og_title":"HMS, CARABINEROS Y PDI FORTALECEN LAZOS POR LA SEGURIDAD - Hospital Militar de Santiago","og_description":"Con el\u00a0objetivo de reforzar la coordinaci\u00f3n en torno a materias de seguridad y prevenci\u00f3n, el Hospital Militar de Santiago (HMS)","og_url":"https:\/\/www.hms.cl\/index.php\/2025\/04\/21\/hms-carabineros-y-pdi-fortalecen-lazos-por-la-seguridad\/","og_site_name":"Hospital Militar de Santiago","article_publisher":"https:\/\/www.facebook.com\/hospitalmilitardesantiago","article_published_time":"2025-04-21T16:08:06+00:00","article_modified_time":"2025-05-23T16:18:52+00:00","og_image":[{"width":519,"height":444,"url":"https:\/\/www.hms.cl\/wp-content\/uploads\/2025\/05\/HMS-CARABINEROS-Y-PDI-FORTALECEN-LAZOS-Portada.jpeg","type":"image\/jpeg"}],"author":"Admin","twitter_card":"summary_large_image","twitter_creator":"@HosMilSantiago","twitter_site":"@HosMilSantiago","twitter_misc":{"Escrito por":"Admin","Tiempo estimado de lectura":"3 minutos"},"schema":{"@context":"https:\/\/schema.org","@graph":[{"@type":"Article","@id":"https:\/\/www.hms.cl\/index.php\/2025\/04\/21\/hms-carabineros-y-pdi-fortalecen-lazos-por-la-seguridad\/#article","isPartOf":{"@id":"https:\/\/www.hms.cl\/index.php\/2025\/04\/21\/hms-carabineros-y-pdi-fortalecen-lazos-por-la-seguridad\/"},"author":{"name":"Admin","@id":"https:\/\/www.hms.cl\/#\/schema\/person\/93186034b446672703627f9ef2d767ca"},"headline":"HMS, CARABINEROS Y PDI FORTALECEN LAZOS POR LA SEGURIDAD","datePublished":"2025-04-21T16:08:06+00:00","dateModified":"2025-05-23T16:18:52+00:00","mainEntityOfPage":{"@id":"https:\/\/www.hms.cl\/index.php\/2025\/04\/21\/hms-carabineros-y-pdi-fortalecen-lazos-por-la-seguridad\/"},"wordCount":309,"publisher":{"@id":"https:\/\/www.hms.cl\/#organization"},"image":{"@id":"https:\/\/www.hms.cl\/index.php\/2025\/04\/21\/hms-carabineros-y-pdi-fortalecen-lazos-por-la-seguridad\/#primaryimage"},"thumbnailUrl":"https:\/\/www.hms.cl\/wp-content\/uploads\/2025\/05\/HMS-CARABINEROS-Y-PDI-FORTALECEN-LAZOS-Portada.jpeg","articleSection":["Noticias"],"inLanguage":"es-CL"},{"@type":"WebPage","@id":"https:\/\/www.hms.cl\/index.php\/2025\/04\/21\/hms-carabineros-y-pdi-fortalecen-lazos-por-la-seguridad\/","url":"https:\/\/www.hms.cl\/index.php\/2025\/04\/21\/hms-carabineros-y-pdi-fortalecen-lazos-por-la-seguridad\/","name":"HMS, CARABINEROS Y PDI FORTALECEN LAZOS POR LA SEGURIDAD - Hospital Militar de Santiago","isPartOf":{"@id":"https:\/\/www.hms.cl\/#website"},"primaryImageOfPage":{"@id":"https:\/\/www.hms.cl\/index.php\/2025\/04\/21\/hms-carabineros-y-pdi-fortalecen-lazos-por-la-seguridad\/#primaryimage"},"image":{"@id":"https:\/\/www.hms.cl\/index.php\/2025\/04\/21\/hms-carabineros-y-pdi-fortalecen-lazos-por-la-seguridad\/#primaryimage"},"thumbnailUrl":"https:\/\/www.hms.cl\/wp-content\/uploads\/2025\/05\/HMS-CARABINEROS-Y-PDI-FORTALECEN-LAZOS-Portada.jpeg","datePublished":"2025-04-21T16:08:06+00:00","dateModified":"2025-05-23T16:18:52+00:00","breadcrumb":{"@id":"https:\/\/www.hms.cl\/index.php\/2025\/04\/21\/hms-carabineros-y-pdi-fortalecen-lazos-por-la-seguridad\/#breadcrumb"},"inLanguage":"es-CL","potentialAction":[{"@type":"ReadAction","target":["https:\/\/www.hms.cl\/index.php\/2025\/04\/21\/hms-carabineros-y-pdi-fortalecen-lazos-por-la-seguridad\/"]}]},{"@type":"ImageObject","inLanguage":"es-CL","@id":"https:\/\/www.hms.cl\/index.php\/2025\/04\/21\/hms-carabineros-y-pdi-fortalecen-lazos-por-la-seguridad\/#primaryimage","url":"https:\/\/www.hms.cl\/wp-content\/uploads\/2025\/05\/HMS-CARABINEROS-Y-PDI-FORTALECEN-LAZOS-Portada.jpeg","contentUrl":"https:\/\/www.hms.cl\/wp-content\/uploads\/2025\/05\/HMS-CARABINEROS-Y-PDI-FORTALECEN-LAZOS-Portada.jpeg","width":519,"height":444},{"@type":"BreadcrumbList","@id":"https:\/\/www.hms.cl\/index.php\/2025\/04\/21\/hms-carabineros-y-pdi-fortalecen-lazos-por-la-seguridad\/#breadcrumb","itemListElement":[{"@type":"ListItem","position":1,"name":"Home","item":"https:\/\/www.hms.cl\/"},{"@type":"ListItem","position":2,"name":"HMS, CARABINEROS Y PDI FORTALECEN LAZOS POR LA SEGURIDAD"}]},{"@type":"WebSite","@id":"https:\/\/www.hms.cl\/#website","url":"https:\/\/www.hms.cl\/","name":"Hospital Militar de Santiago","description":"","publisher":{"@id":"https:\/\/www.hms.cl\/#organization"},"potentialAction":[{"@type":"SearchAction","target":{"@type":"EntryPoint","urlTemplate":"https:\/\/www.hms.cl\/?s={search_term_string}"},"query-input":{"@type":"PropertyValueSpecification","valueRequired":true,"valueName":"search_term_string"}}],"inLanguage":"es-CL"},{"@type":"Organization","@id":"https:\/\/www.hms.cl\/#organization","name":"Hospital Militar de Santiago","url":"https:\/\/www.hms.cl\/","logo":{"@type":"ImageObject","inLanguage":"es-CL","@id":"https:\/\/www.hms.cl\/#\/schema\/logo\/image\/","url":"https:\/\/www.hms.cl\/wp-content\/uploads\/2025\/07\/Logo-Vertical-Mediano.png","contentUrl":"https:\/\/www.hms.cl\/wp-content\/uploads\/2025\/07\/Logo-Vertical-Mediano.png","width":1280,"height":720,"caption":"Hospital Militar de Santiago"},"image":{"@id":"https:\/\/www.hms.cl\/#\/schema\/logo\/image\/"},"sameAs":["https:\/\/www.facebook.com\/hospitalmilitardesantiago","https:\/\/x.com\/HosMilSantiago","https:\/\/www.instagram.com\/hospitalmilitardesantiago\/","https:\/\/www.linkedin.com\/company\/hospital-militar-de-santiago-hosmil","https:\/\/www.youtube.com\/c\/HMSVIDEO"]},{"@type":"Person","@id":"https:\/\/www.hms.cl\/#\/schema\/person\/93186034b446672703627f9ef2d767ca","name":"Admin","image":{"@type":"ImageObject","inLanguage":"es-CL","@id":"https:\/\/www.hms.cl\/#\/schema\/person\/image\/","url":"https:\/\/secure.gravatar.com\/avatar\/9384d0095fd3da50dc372f84c8bcde28aac29e86759f23fd0cfb33f9820a4e50?s=96&d=mm&r=g","contentUrl":"https:\/\/secure.gravatar.com\/avatar\/9384d0095fd3da50dc372f84c8bcde28aac29e86759f23fd0cfb33f9820a4e50?s=96&d=mm&r=g","caption":"Admin"},"sameAs":["http:\/\/10.10.50.51"],"url":"https:\/\/www.hms.cl\/index.php\/author\/admin\/"}]}},"_links":{"self":[{"href":"https:\/\/www.hms.cl\/index.php\/wp-json\/wp\/v2\/posts\/1315","targetHints":{"allow":["GET"]}}],"collection":[{"href":"https:\/\/www.hms.cl\/index.php\/wp-json\/wp\/v2\/posts"}],"about":[{"href":"https:\/\/www.hms.cl\/index.php\/wp-json\/wp\/v2\/types\/post"}],"author":[{"embeddable":true,"href":"https:\/\/www.hms.cl\/index.php\/wp-json\/wp\/v2\/users\/1"}],"replies":[{"embeddable":true,"href":"https:\/\/www.hms.cl\/index.php\/wp-json\/wp\/v2\/comments?post=1315"}],"version-history":[{"count":6,"href":"https:\/\/www.hms.cl\/index.php\/wp-json\/wp\/v2\/posts\/1315\/revisions"}],"predecessor-version":[{"id":1324,"href":"https:\/\/www.hms.cl\/index.php\/wp-json\/wp\/v2\/posts\/1315\/revisions\/1324"}],"wp:featuredmedia":[{"embeddable":true,"href":"https:\/\/www.hms.cl\/index.php\/wp-json\/wp\/v2\/media\/1317"}],"wp:attachment":[{"href":"https:\/\/www.hms.cl\/index.php\/wp-json\/wp\/v2\/media?parent=1315"}],"wp:term":[{"taxonomy":"category","embeddable":true,"href":"https:\/\/www.hms.cl\/index.php\/wp-json\/wp\/v2\/categories?post=1315"},{"taxonomy":"post_tag","embeddable":true,"href":"https:\/\/www.hms.cl\/index.php\/wp-json\/wp\/v2\/tags?post=1315"}],"curies":[{"name":"wp","href":"https:\/\/api.w.org\/{rel}","templated":true}]}}